{"id":11110,"date":"2022-09-19T09:24:17","date_gmt":"2022-09-19T07:24:17","guid":{"rendered":"https:\/\/serveiseducatius.xtec.cat\/vallesoriental2\/?p=11110"},"modified":"2022-09-19T09:24:52","modified_gmt":"2022-09-19T07:24:52","slug":"iv-jornada-stem-a-lespai","status":"publish","type":"post","link":"https:\/\/serveiseducatius.xtec.cat\/vallesoriental2\/general\/iv-jornada-stem-a-lespai\/","title":{"rendered":"IV Jornada STEM a l&#8217;espai"},"content":{"rendered":"<p><a href=\"https:\/\/serveiseducatius.xtec.cat\/vallesoriental2\/wp-content\/uploads\/usu1134\/2022\/09\/Imatge-STEM-a-lespai.png\"><img loading=\"lazy\" decoding=\"async\" class=\"aligncenter size-full wp-image-11111\" src=\"https:\/\/serveiseducatius.xtec.cat\/vallesoriental2\/wp-content\/uploads\/usu1134\/2022\/09\/Imatge-STEM-a-lespai.png\" alt=\"\" width=\"1024\" height=\"304\" srcset=\"https:\/\/serveiseducatius.xtec.cat\/vallesoriental2\/wp-content\/uploads\/usu1134\/2022\/09\/Imatge-STEM-a-lespai.png 1024w, https:\/\/serveiseducatius.xtec.cat\/vallesoriental2\/wp-content\/uploads\/usu1134\/2022\/09\/Imatge-STEM-a-lespai-300x89.png 300w, https:\/\/serveiseducatius.xtec.cat\/vallesoriental2\/wp-content\/uploads\/usu1134\/2022\/09\/Imatge-STEM-a-lespai-768x228.png 768w\" sizes=\"auto, (max-width: 1024px) 100vw, 1024px\" \/><\/a><\/p>\n<p style=\"font-weight: 400;\">El pr\u00f2xim\u00a0<strong>dissabte 1 d\u2019octubre<\/strong>\u00a0tindr\u00e0 lloc la IV Jornada a l\u2019<u><a href=\"https:\/\/www.google.com\/maps\/place\/UPC+Escola+d'Enginyeria+de+Telecomunicaci%C3%B3+i+Aeroespacial+de+Castelldefels+(EETAC)\/@41.2741999,1.9861879,17z\/data=!4m5!3m4!1s0x0:0x53aec7154de459b3!8m2!3d41.2755182!4d1.9872179\" data-saferedirecturl=\"https:\/\/www.google.com\/url?q=https:\/\/www.google.com\/maps\/place\/UPC%2BEscola%2Bd'Enginyeria%2Bde%2BTelecomunicaci%25C3%25B3%2Bi%2BAeroespacial%2Bde%2BCastelldefels%2B(EETAC)\/@41.2741999,1.9861879,17z\/data%3D!4m5!3m4!1s0x0:0x53aec7154de459b3!8m2!3d41.2755182!4d1.9872179&amp;source=gmail&amp;ust=1663654096180000&amp;usg=AOvVaw121NN_0KneLvrNDdQ0tNh0\">Escola d\u2019Enginyeria de Telecomunicaci\u00f3 i Aeroespacial de Castelldefels<\/a><\/u>. Ja pots fer la teva inscripci\u00f3 per assistir-hi mitjan\u00e7ant el seg\u00fcent\u00a0<u><a href=\"https:\/\/docs.google.com\/forms\/d\/e\/1FAIpQLSe0MVZkhn1C8CVQ8qPN2ykRgD36vhy61YpSv5ghF4eivdenXw\/viewform\" data-saferedirecturl=\"https:\/\/www.google.com\/url?q=https:\/\/docs.google.com\/forms\/d\/e\/1FAIpQLSe0MVZkhn1C8CVQ8qPN2ykRgD36vhy61YpSv5ghF4eivdenXw\/viewform&amp;source=gmail&amp;ust=1663654096180000&amp;usg=AOvVaw3c6hEBX4hB1Kk00qnHoNfb\">Formulari d\u2019assist\u00e8ncia<\/a><\/u>. Tens temps fins el\u00a0<strong>dilluns 26 de setembre<\/strong>.<\/p>\n<p style=\"font-weight: 400;\">La jornada comptar\u00e0 amb una confer\u00e8ncia plen\u00e0ria i una taula rodona sobre la sostenibilitat a l\u2019espai. Tamb\u00e9 hi tindr\u00e0 un paper destacat la presentaci\u00f3 del Programa educatiu de l\u2019Estrat\u00e8gia NewSpace de Catalunya. Tots els tallers i fires i gaireb\u00e9 totes les pon\u00e8ncies s\u00f3n presencials, aix\u00f2 facilitar\u00e0 la participaci\u00f3 i l\u2019intercanvi d\u2019informacions diverses entre ponents i assistents. Pots consultar els horaris i continguts en el\u00a0<u><a href=\"https:\/\/drive.google.com\/file\/d\/1KOajVceLr6ToNxCh9OvjCzOQHLs6uwst\/view\" data-saferedirecturl=\"https:\/\/www.google.com\/url?q=https:\/\/drive.google.com\/file\/d\/1KOajVceLr6ToNxCh9OvjCzOQHLs6uwst\/view&amp;source=gmail&amp;ust=1663654096180000&amp;usg=AOvVaw0RWysVP_UNjAgVx0zUsDYy\">Programa preliminar de la Jornada<\/a><\/u>.<\/p>\n<p style=\"font-weight: 400;\">L\u2019aperitiu de la jornada ser\u00e0 el vespre\/nit del divendres anterior, 30 de setembre, on transmetrem una activitat d\u2019observaci\u00f3 des d\u2019un observatori de Catalunya.<\/p>\n<p style=\"font-weight: 400;\">En el formulari pots fer la tria dels tallers en qu\u00e8 vols participar. Pensa a fer la inscripci\u00f3 aviat perqu\u00e8 les places disponibles s\u00f3n limitades. Si t\u2019apuntes a algun taller, recorda dur el teu ordinador port\u00e0til (\u00e9s necessari en la majoria de tallers).<\/p>\n<p style=\"font-weight: 400;\">Les pon\u00e8ncies de les sales 1 i 2 s\u2019enregistraran i podr\u00e0s visualitzar-les m\u00e9s endavant, un cop acabada la jornada.<\/p>\n<p style=\"font-weight: 400;\">S\u2019ofereixen unes pon\u00e8ncies, tallers i fires que, ben segur, seran del teu inter\u00e8s!<\/p>\n<p style=\"font-weight: 400;\"><strong>Anima\u2019t a assistir, t\u2019esperem!<\/strong><\/p>\n","protected":false},"excerpt":{"rendered":"<p>El pr\u00f2xim\u00a0dissabte 1 d\u2019octubre\u00a0tindr\u00e0 lloc la IV Jornada a l\u2019Escola d\u2019Enginyeria de Telecomunicaci\u00f3 i Aeroespacial de Castelldefels. Ja pots fer la teva inscripci\u00f3 per assistir-hi mitjan\u00e7ant el seg\u00fcent\u00a0Formulari d\u2019assist\u00e8ncia. Tens temps fins el\u00a0dilluns 26 de setembre. La jornada comptar\u00e0 amb una confer\u00e8ncia plen\u00e0ria i una taula rodona sobre la sostenibilitat a l\u2019espai. Tamb\u00e9 hi tindr\u00e0 [&hellip;]<\/p>\n","protected":false},"author":1,"featured_media":11111,"comment_status":"closed","ping_status":"closed","sticky":false,"template":"","format":"standard","meta":{"_bbp_topic_count":0,"_bbp_reply_count":0,"_bbp_total_topic_count":0,"_bbp_total_reply_count":0,"_bbp_voice_count":0,"_bbp_anonymous_reply_count":0,"_bbp_topic_count_hidden":0,"_bbp_reply_count_hidden":0,"_bbp_forum_subforum_count":0,"site-sidebar-layout":"default","site-content-layout":"","ast-site-content-layout":"","site-content-style":"default","site-sidebar-style":"default","ast-global-header-display":"","ast-banner-title-visibility":"","ast-main-header-display":"","ast-hfb-above-header-display":"","ast-hfb-below-header-display":"","ast-hfb-mobile-header-display":"","site-post-title":"","ast-breadcrumbs-content":"","ast-featured-img":"","footer-sml-layout":"","theme-transparent-header-meta":"","adv-header-id-meta":"","stick-header-meta":"","header-above-stick-meta":"","header-main-stick-meta":"","header-below-stick-meta":"","astra-migrate-meta-layouts":"default","ast-page-background-enabled":"default","ast-page-background-meta":{"desktop":{"background-color":"var(--ast-global-color-4)","background-image":"","background-repeat":"repeat","background-position":"center center","background-size":"auto","background-attachment":"scroll","background-type":"","background-media":"","overlay-type":"","overlay-color":"","overlay-opacity":"","overlay-gradient":""},"tablet":{"background-color":"","background-image":"","background-repeat":"repeat","background-position":"center center","background-size":"auto","background-attachment":"scroll","background-type":"","background-media":"","overlay-type":"","overlay-color":"","overlay-opacity":"","overlay-gradient":""},"mobile":{"background-color":"","background-image":"","background-repeat":"repeat","background-position":"center center","background-size":"auto","background-attachment":"scroll","background-type":"","background-media":"","overlay-type":"","overlay-color":"","overlay-opacity":"","overlay-gradient":""}},"ast-content-background-meta":{"desktop":{"background-color":"var(--ast-global-color-5)","background-image":"","background-repeat":"repeat","background-position":"center center","background-size":"auto","background-attachment":"scroll","background-type":"","background-media":"","overlay-type":"","overlay-color":"","overlay-opacity":"","overlay-gradient":""},"tablet":{"background-color":"var(--ast-global-color-5)","background-image":"","background-repeat":"repeat","background-position":"center center","background-size":"auto","background-attachment":"scroll","background-type":"","background-media":"","overlay-type":"","overlay-color":"","overlay-opacity":"","overlay-gradient":""},"mobile":{"background-color":"var(--ast-global-color-5)","background-image":"","background-repeat":"repeat","background-position":"center center","background-size":"auto","background-attachment":"scroll","background-type":"","background-media":"","overlay-type":"","overlay-color":"","overlay-opacity":"","overlay-gradient":""}},"footnotes":""},"categories":[65,1,311,495,294,414],"tags":[326],"class_list":["post-11110","post","type-post","status-publish","format-standard","has-post-thumbnail","hentry","category-crp","category-general","category-jornades-i-conferencies","category-medi","category-noticies","category-steam","tag-jornades"],"post_mailing_queue_ids":[],"_links":{"self":[{"href":"https:\/\/serveiseducatius.xtec.cat\/vallesoriental2\/wp-json\/wp\/v2\/posts\/11110","targetHints":{"allow":["GET"]}}],"collection":[{"href":"https:\/\/serveiseducatius.xtec.cat\/vallesoriental2\/wp-json\/wp\/v2\/posts"}],"about":[{"href":"https:\/\/serveiseducatius.xtec.cat\/vallesoriental2\/wp-json\/wp\/v2\/types\/post"}],"author":[{"embeddable":true,"href":"https:\/\/serveiseducatius.xtec.cat\/vallesoriental2\/wp-json\/wp\/v2\/users\/1"}],"replies":[{"embeddable":true,"href":"https:\/\/serveiseducatius.xtec.cat\/vallesoriental2\/wp-json\/wp\/v2\/comments?post=11110"}],"version-history":[{"count":2,"href":"https:\/\/serveiseducatius.xtec.cat\/vallesoriental2\/wp-json\/wp\/v2\/posts\/11110\/revisions"}],"predecessor-version":[{"id":11113,"href":"https:\/\/serveiseducatius.xtec.cat\/vallesoriental2\/wp-json\/wp\/v2\/posts\/11110\/revisions\/11113"}],"wp:featuredmedia":[{"embeddable":true,"href":"https:\/\/serveiseducatius.xtec.cat\/vallesoriental2\/wp-json\/wp\/v2\/media\/11111"}],"wp:attachment":[{"href":"https:\/\/serveiseducatius.xtec.cat\/vallesoriental2\/wp-json\/wp\/v2\/media?parent=11110"}],"wp:term":[{"taxonomy":"category","embeddable":true,"href":"https:\/\/serveiseducatius.xtec.cat\/vallesoriental2\/wp-json\/wp\/v2\/categories?post=11110"},{"taxonomy":"post_tag","embeddable":true,"href":"https:\/\/serveiseducatius.xtec.cat\/vallesoriental2\/wp-json\/wp\/v2\/tags?post=11110"}],"curies":[{"name":"wp","href":"https:\/\/api.w.org\/{rel}","templated":true}]}}