{"id":10356,"date":"2021-05-12T12:18:37","date_gmt":"2021-05-12T10:18:37","guid":{"rendered":"http:\/\/serveiseducatius.xtec.cat\/vallesoriental2\/?p=10356"},"modified":"2021-09-02T10:47:13","modified_gmt":"2021-09-02T08:47:13","slug":"resultat-adhesio-a-iniciativa-fundacio-kilian-jornet-pel-dia-de-la-terra-ins-vinyes-velles","status":"publish","type":"post","link":"https:\/\/serveiseducatius.xtec.cat\/vallesoriental2\/general\/resultat-adhesio-a-iniciativa-fundacio-kilian-jornet-pel-dia-de-la-terra-ins-vinyes-velles\/","title":{"rendered":"RESULTAT ADHESI\u00d3 A INICIATIVA FUNDACI\u00d3 KILIAN JORNET PEL DIA DE LA TERRA (INS Vinyes Velles)"},"content":{"rendered":"<div><img loading=\"lazy\" decoding=\"async\" class=\"alignleft\" src=\"https:\/\/serveiseducatius.xtec.cat\/vallesoriental2\/wp-content\/uploads\/usu1134\/2021\/05\/2021-Resultat-participaci%C3%B3-Fundaci%C3%B3-Kilian-Jornet-Dia-de-la-Terra.png\" width=\"541\" height=\"274\" \/><\/div>\n<div><\/div>\n<div><\/div>\n<div>L&#8217;Escola Vinyes Velles, a partir de la iniciativa de la Fundaci\u00f3 K\u00edlian Jornet, amb motiu de la celebraci\u00f3 del Dia de la Terra, ha participat en una campanya de recollida selectiva de brossa en entorns naturals.<\/div>\n<div><\/div>\n<div><\/div>\n<div>Despr\u00e9s de fer cinc sortides amb cadascun dels 5 grups de 2n d&#8217;ESO en aquestes darreres setmanes, per diferents entorns naturals propers a l&#8217;institut, el resultat ha estat la recollida de:<\/div>\n<div>* 14,1 kg de pl\u00e0stic.<\/div>\n<div>* 3,0 kg de paper.<\/div>\n<div>* 14,5 kg d&#8217;altres tipus de residus.<\/div>\n<div><\/div>\n<div>\u00c9s a dir, pr\u00e0cticament 30 kg de residus que han deixat d&#8217;estar embrutant espais verds.<\/div>\n<div><\/div>\n<div>Des dels Serveis Educatius de Vall\u00e8s Oriental II (Montmel\u00f3) nom\u00e9s podem felicitar aquesta gran tasca i conscienciar del gran problema mediambiental que tenim al costat de les nostres cases.<\/div>\n","protected":false},"excerpt":{"rendered":"<p>L&#8217;Escola Vinyes Velles, a partir de la iniciativa de la Fundaci\u00f3 K\u00edlian Jornet, amb motiu de la celebraci\u00f3 del Dia de la Terra, ha participat en una campanya de recollida selectiva de brossa en entorns naturals. Despr\u00e9s de fer cinc sortides amb cadascun dels 5 grups de 2n d&#8217;ESO en aquestes darreres setmanes, per diferents [&hellip;]<\/p>\n","protected":false},"author":1,"featured_media":10357,"comment_status":"closed","ping_status":"closed","sticky":false,"template":"","format":"standard","meta":{"_bbp_topic_count":0,"_bbp_reply_count":0,"_bbp_total_topic_count":0,"_bbp_total_reply_count":0,"_bbp_voice_count":0,"_bbp_anonymous_reply_count":0,"_bbp_topic_count_hidden":0,"_bbp_reply_count_hidden":0,"_bbp_forum_subforum_count":0,"site-sidebar-layout":"default","site-content-layout":"","ast-site-content-layout":"","site-content-style":"default","site-sidebar-style":"default","ast-global-header-display":"","ast-banner-title-visibility":"","ast-main-header-display":"","ast-hfb-above-header-display":"","ast-hfb-below-header-display":"","ast-hfb-mobile-header-display":"","site-post-title":"","ast-breadcrumbs-content":"","ast-featured-img":"","footer-sml-layout":"","theme-transparent-header-meta":"","adv-header-id-meta":"","stick-header-meta":"","header-above-stick-meta":"","header-main-stick-meta":"","header-below-stick-meta":"","astra-migrate-meta-layouts":"default","ast-page-background-enabled":"default","ast-page-background-meta":{"desktop":{"background-color":"var(--ast-global-color-4)","background-image":"","background-repeat":"repeat","background-position":"center center","background-size":"auto","background-attachment":"scroll","background-type":"","background-media":"","overlay-type":"","overlay-color":"","overlay-opacity":"","overlay-gradient":""},"tablet":{"background-color":"","background-image":"","background-repeat":"repeat","background-position":"center center","background-size":"auto","background-attachment":"scroll","background-type":"","background-media":"","overlay-type":"","overlay-color":"","overlay-opacity":"","overlay-gradient":""},"mobile":{"background-color":"","background-image":"","background-repeat":"repeat","background-position":"center center","background-size":"auto","background-attachment":"scroll","background-type":"","background-media":"","overlay-type":"","overlay-color":"","overlay-opacity":"","overlay-gradient":""}},"ast-content-background-meta":{"desktop":{"background-color":"var(--ast-global-color-5)","background-image":"","background-repeat":"repeat","background-position":"center center","background-size":"auto","background-attachment":"scroll","background-type":"","background-media":"","overlay-type":"","overlay-color":"","overlay-opacity":"","overlay-gradient":""},"tablet":{"background-color":"var(--ast-global-color-5)","background-image":"","background-repeat":"repeat","background-position":"center center","background-size":"auto","background-attachment":"scroll","background-type":"","background-media":"","overlay-type":"","overlay-color":"","overlay-opacity":"","overlay-gradient":""},"mobile":{"background-color":"var(--ast-global-color-5)","background-image":"","background-repeat":"repeat","background-position":"center center","background-size":"auto","background-attachment":"scroll","background-type":"","background-media":"","overlay-type":"","overlay-color":"","overlay-opacity":"","overlay-gradient":""}},"footnotes":""},"categories":[65,1,294,291],"tags":[],"class_list":["post-10356","post","type-post","status-publish","format-standard","has-post-thumbnail","hentry","category-crp","category-general","category-noticies","category-sostenibilitat"],"post_mailing_queue_ids":[],"_links":{"self":[{"href":"https:\/\/serveiseducatius.xtec.cat\/vallesoriental2\/wp-json\/wp\/v2\/posts\/10356","targetHints":{"allow":["GET"]}}],"collection":[{"href":"https:\/\/serveiseducatius.xtec.cat\/vallesoriental2\/wp-json\/wp\/v2\/posts"}],"about":[{"href":"https:\/\/serveiseducatius.xtec.cat\/vallesoriental2\/wp-json\/wp\/v2\/types\/post"}],"author":[{"embeddable":true,"href":"https:\/\/serveiseducatius.xtec.cat\/vallesoriental2\/wp-json\/wp\/v2\/users\/1"}],"replies":[{"embeddable":true,"href":"https:\/\/serveiseducatius.xtec.cat\/vallesoriental2\/wp-json\/wp\/v2\/comments?post=10356"}],"version-history":[{"count":1,"href":"https:\/\/serveiseducatius.xtec.cat\/vallesoriental2\/wp-json\/wp\/v2\/posts\/10356\/revisions"}],"predecessor-version":[{"id":10358,"href":"https:\/\/serveiseducatius.xtec.cat\/vallesoriental2\/wp-json\/wp\/v2\/posts\/10356\/revisions\/10358"}],"wp:featuredmedia":[{"embeddable":true,"href":"https:\/\/serveiseducatius.xtec.cat\/vallesoriental2\/wp-json\/wp\/v2\/media\/10357"}],"wp:attachment":[{"href":"https:\/\/serveiseducatius.xtec.cat\/vallesoriental2\/wp-json\/wp\/v2\/media?parent=10356"}],"wp:term":[{"taxonomy":"category","embeddable":true,"href":"https:\/\/serveiseducatius.xtec.cat\/vallesoriental2\/wp-json\/wp\/v2\/categories?post=10356"},{"taxonomy":"post_tag","embeddable":true,"href":"https:\/\/serveiseducatius.xtec.cat\/vallesoriental2\/wp-json\/wp\/v2\/tags?post=10356"}],"curies":[{"name":"wp","href":"https:\/\/api.w.org\/{rel}","templated":true}]}}