{"id":303,"count":10,"description":"PROPOSTES D'ACTIVITATS DE R\u00c0DIO I AUDIOVISUALS PEL <strong>TERCER TRIMESTRE<\/strong> DEL CURS 25\/26:\r\n<table style=\"border-collapse: collapse; width: 100%;\">\r\n<tbody>\r\n<tr>\r\n<td style=\"width: 33.3333%;\"><a href=\"https:\/\/serveiseducatius.xtec.cat\/vallesoriental2\/wp-content\/uploads\/usu1134\/2026\/03\/3.1.1._Sant-Jordi-a-les-Ones-Recomanacio-Literaria_553X553.png\"><img class=\"aligncenter size-full wp-image-13421\" src=\"https:\/\/serveiseducatius.xtec.cat\/vallesoriental2\/wp-content\/uploads\/usu1134\/2026\/03\/3.1.1._Sant-Jordi-a-les-Ones-Recomanacio-Literaria_553X553.png\" alt=\"\" width=\"553\" height=\"553\" \/><\/a><\/td>\r\n<td style=\"width: 33.3333%;\"><a href=\"https:\/\/serveiseducatius.xtec.cat\/vallesoriental2\/wp-content\/uploads\/usu1134\/2026\/03\/3.1.2_Entrevista-Micro-obert_baner.png\"><img class=\"aligncenter size-full wp-image-13422\" src=\"https:\/\/serveiseducatius.xtec.cat\/vallesoriental2\/wp-content\/uploads\/usu1134\/2026\/03\/3.1.2_Entrevista-Micro-obert_baner.png\" alt=\"\" width=\"553\" height=\"553\" \/><\/a><\/td>\r\n<td style=\"width: 33.3333%;\"><a href=\"https:\/\/serveiseducatius.xtec.cat\/vallesoriental2\/wp-content\/uploads\/usu1134\/2026\/03\/3.2.1_Fem-de-booktubers_553x553.png\"><img class=\"aligncenter size-full wp-image-13423\" src=\"https:\/\/serveiseducatius.xtec.cat\/vallesoriental2\/wp-content\/uploads\/usu1134\/2026\/03\/3.2.1_Fem-de-booktubers_553x553.png\" alt=\"\" width=\"553\" height=\"553\" \/><\/a><\/td>\r\n<\/tr>\r\n<tr>\r\n<td style=\"width: 33.3333%; text-align: center;\"><a href=\"https:\/\/serveiseducatius.xtec.cat\/vallesoriental2\/wp-content\/uploads\/usu1134\/2026\/03\/3.3.1_PRESENTACIO-DE-LACTIVITAT-5_-SANT-JORDI-A-LES-ONES.pdf\">Sant Jordi a les ones<\/a><\/td>\r\n<td style=\"width: 33.3333%; text-align: center;\"><a href=\"https:\/\/serveiseducatius.xtec.cat\/vallesoriental2\/wp-content\/uploads\/usu1134\/2026\/03\/3.1.3_Entrevista_format_radiofonic_-MICRO-OBERT.pdf\">\u00a0Micro obert<\/a><\/td>\r\n<td style=\"width: 33.3333%; text-align: center;\"><a href=\"https:\/\/serveiseducatius.xtec.cat\/vallesoriental2\/wp-content\/uploads\/usu1134\/2026\/03\/3.2.1_PRESENTACIO-DE-LACTIVITAT_-FEM-DE-BOOKTUBERS.pdf\">Fem de Booktuberts<\/a><\/td>\r\n<\/tr>\r\n<tr>\r\n<td style=\"width: 33.3333%;\"><a href=\"https:\/\/serveiseducatius.xtec.cat\/vallesoriental2\/wp-content\/uploads\/usu1134\/2026\/03\/3.2.2_booktrailers_553X553.png\"><img class=\"aligncenter size-full wp-image-13424\" src=\"https:\/\/serveiseducatius.xtec.cat\/vallesoriental2\/wp-content\/uploads\/usu1134\/2026\/03\/3.2.2_booktrailers_553X553.png\" alt=\"\" width=\"553\" height=\"553\" \/><\/a><\/td>\r\n<td style=\"width: 33.3333%;\"><a href=\"https:\/\/serveiseducatius.xtec.cat\/vallesoriental2\/wp-content\/uploads\/usu1134\/2026\/03\/3.2.3_Entrevista-format-audiovisual-Micro-obert_553x553.png\"><img class=\"aligncenter size-full wp-image-13425\" src=\"https:\/\/serveiseducatius.xtec.cat\/vallesoriental2\/wp-content\/uploads\/usu1134\/2026\/03\/3.2.3_Entrevista-format-audiovisual-Micro-obert_553x553.png\" alt=\"\" width=\"553\" height=\"553\" \/><\/a><\/td>\r\n<td style=\"width: 33.3333%;\"><\/td>\r\n<\/tr>\r\n<tr>\r\n<td style=\"width: 33.3333%; text-align: center;\"><a href=\"https:\/\/serveiseducatius.xtec.cat\/vallesoriental2\/wp-content\/uploads\/usu1134\/2026\/03\/2.2.2_PRESENTACIO-DE-LACTIVITAT_-BOOKTRAILERS.pdf\">\u00a0Booktrailers<\/a><\/td>\r\n<td style=\"width: 33.3333%; text-align: center;\"><a href=\"https:\/\/serveiseducatius.xtec.cat\/vallesoriental2\/wp-content\/uploads\/usu1134\/2026\/03\/3.2.3_Entrevista_format_audiovisual_-VIDEOPODCAST_MICRO-OBERT.pdf\">Videop\u00f2dcast Micro obert<\/a><\/td>\r\n<td style=\"width: 33.3333%;\"><\/td>\r\n<\/tr>\r\n<\/tbody>\r\n<\/table>\r\n<p dir=\"ltr\">Des dels Centres de Recursos Pedag\u00f2gics i l\u2019\u00c0rea de Cultura Digital del Departament d\u2019Educaci\u00f3 i Formaci\u00f3 Professional s\u2019han elaborat una s\u00e8rie de propostes amb l\u2019objectiu de consolidar i donar continu\u00eftat a les activitats de r\u00e0dio i iniciatives audiovisuals.<\/p>\r\n<p dir=\"ltr\">Aquestes propostes volen acompanyar la dotaci\u00f3 de la maleta audiovisual, que ofereix un seguit d\u2019eines i dispositius digitals que han de permetre a l'alumnat crear, integrar i reelaborar continguts digitals en diferents formats (text, taula, imatge, \u00e0udio, v\u00eddeo, etc.) per expressar idees, sentiments i coneixements, tot respectant la propietat intel\u00b7lectual i els drets d\u2019autoria dels continguts que es reutilitzen.<\/p>\r\n<p dir=\"ltr\">Amb aquestes activitats volem fomentar la compet\u00e8ncia digital i l\u2019esperit cr\u00edtic de l\u2019alumnat, a m\u00e9s d\u2019oferir-los un espai per experimentar i comunicar-se de manera creativa.<\/p>\r\nEs pot participar en el nombre d'activitats que es prefereixi, segons el grau l\u2019expertesa del centre.\r\n\r\nEsperem que aquestes activitats siguin de gran inter\u00e8s per a tots vosaltres i una excel\u00b7lent oportunitat per motivar i implicar l\u2019alumnat en situacions d\u2019aprenentatge globalitzades. La vostra col\u00b7laboraci\u00f3 ser\u00e0 essencial per dur-les a terme amb \u00e8xit.\r\n\r\nPodreu anar gaudint de les propostes dels centres participants de la nostra zona al <a href=\"https:\/\/serveiseducatius.xtec.cat\/vallesoriental2\/repositori-de-canal-de-reporters-2\/\" target=\"_blank\" rel=\"noopener\">repositori del Canal de Reporters del VOII<\/a>\r\n\r\nUs avancem les <a href=\"https:\/\/serveiseducatius.xtec.cat\/vallesoriental2\/wp-content\/uploads\/usu1134\/2025\/11\/Activitats-Curs-25-26.pdf\" target=\"_blank\" rel=\"noopener\">propostes d'activitats de tot el curs 25-26<\/a> per tal que pugueu veure qu\u00e8 s'organitzar\u00e0 per a cada trimestres.","link":"https:\/\/serveiseducatius.xtec.cat\/vallesoriental2\/categoria\/projectes\/radio-escola\/","name":"R\u00e0dio a l'escola","slug":"radio-escola","taxonomy":"category","parent":66,"meta":[],"_links":{"self":[{"href":"https:\/\/serveiseducatius.xtec.cat\/vallesoriental2\/wp-json\/wp\/v2\/categories\/303","targetHints":{"allow":["GET"]}}],"collection":[{"href":"https:\/\/serveiseducatius.xtec.cat\/vallesoriental2\/wp-json\/wp\/v2\/categories"}],"about":[{"href":"https:\/\/serveiseducatius.xtec.cat\/vallesoriental2\/wp-json\/wp\/v2\/taxonomies\/category"}],"up":[{"embeddable":true,"href":"https:\/\/serveiseducatius.xtec.cat\/vallesoriental2\/wp-json\/wp\/v2\/categories\/66"}],"wp:post_type":[{"href":"https:\/\/serveiseducatius.xtec.cat\/vallesoriental2\/wp-json\/wp\/v2\/posts?categories=303"}],"curies":[{"name":"wp","href":"https:\/\/api.w.org\/{rel}","templated":true}]}}