{"id":286,"count":1,"description":"<a href=\"http:\/\/serveiseducatius.xtec.cat\/vallesoriental2\/wp-content\/uploads\/usu1134\/2017\/12\/descarga-1.png\"><img class=\"wp-image-8576 aligncenter\" src=\"http:\/\/serveiseducatius.xtec.cat\/vallesoriental2\/wp-content\/uploads\/usu1134\/2017\/12\/descarga-1.png\" alt=\"\" width=\"151\" height=\"101\" \/><\/a>\r\n\r\n<strong>Centres de Recursos Educatius per a alumnes amb Discapacitat Auditiva<\/strong> que donen suport als centres educatius en l\u2019adequaci\u00f3 a la resposta educativa davant les necessitats que interfereixen en el desenvolupament personal, social i curricular de l\u2019alumnat amb d\u00e8ficit auditiu, trastorn espec\u00edfic del llenguatge i\/o la comunicaci\u00f3. La intervenci\u00f3 es concreta en tres grans \u00e0mbits: alumnat i fam\u00edlies; centres i professorat; zona educativa.\r\n\r\n<a href=\"https:\/\/serveiseducatius.xtec.cat\/vallesoriental2\/docs\/creda-personal-adscrit\/\">Professionals adscrits<\/a>\r\n\r\n<a href=\"http:\/\/serveiseducatius.xtec.cat\/creda-mvo\/\" target=\"_blank\" rel=\"noopener\">M\u00e9s informaci\u00f3<\/a>","link":"https:\/\/serveiseducatius.xtec.cat\/vallesoriental2\/categoria\/creda\/","name":"CREDA","slug":"creda","taxonomy":"category","parent":0,"meta":[],"_links":{"self":[{"href":"https:\/\/serveiseducatius.xtec.cat\/vallesoriental2\/wp-json\/wp\/v2\/categories\/286","targetHints":{"allow":["GET"]}}],"collection":[{"href":"https:\/\/serveiseducatius.xtec.cat\/vallesoriental2\/wp-json\/wp\/v2\/categories"}],"about":[{"href":"https:\/\/serveiseducatius.xtec.cat\/vallesoriental2\/wp-json\/wp\/v2\/taxonomies\/category"}],"wp:post_type":[{"href":"https:\/\/serveiseducatius.xtec.cat\/vallesoriental2\/wp-json\/wp\/v2\/posts?categories=286"}],"curies":[{"name":"wp","href":"https:\/\/api.w.org\/{rel}","templated":true}]}}