{"id":15780,"date":"2026-03-16T16:26:36","date_gmt":"2026-03-16T15:26:36","guid":{"rendered":"https:\/\/serveiseducatius.xtec.cat\/vallesoriental1\/?p=15780"},"modified":"2026-03-16T16:27:11","modified_gmt":"2026-03-16T15:27:11","slug":"15780","status":"publish","type":"post","link":"https:\/\/serveiseducatius.xtec.cat\/vallesoriental1\/general\/15780\/","title":{"rendered":"XXII Certamen de Lectura en Veu Alta &#8211; Semifinals VOI"},"content":{"rendered":"\n<p>Aquest dimecres celebrarem el <strong>XXII Certamen de Lectura en Veu Alta<\/strong>, una activitat que t\u00e9 com a objectiu fomentar el gust per la lectura i potenciar l\u2019expressi\u00f3 oral de l\u2019alumnat dels centres educatius de la nostra zona. El certamen reunir\u00e0 alumnes de diferents escoles i instituts que han estat seleccionats pr\u00e8viament als seus centres. Durant la jornada, els participants llegiran fragments literaris davant del p\u00fablic i d\u2019un jurat que valorar\u00e0 aspectes com la flu\u00efdesa, l\u2019entonaci\u00f3, la dicci\u00f3 i la capacitat de transmetre el sentit del text.<\/p>\n\n\n\n<p>L\u2019activitat est\u00e0 <strong>restringida a l\u2019alumnat participant i al professorat acompanyant<\/strong>. Tot i aix\u00f2, amb la voluntat de compartir la jornada amb les fam\u00edlies i la comunitat educativa, <strong>el certamen es podr\u00e0 seguir en directe a trav\u00e9s del <a href=\"https:\/\/www.youtube.com\/user\/CRPVOIGranollers\">nostre canal de YouTube<\/a><\/strong>.<\/p>\n\n\n\n<p>Aquesta iniciativa \u00e9s una oportunitat perqu\u00e8 l\u2019alumnat visqui la lectura com una experi\u00e8ncia compartida, guanyi confian\u00e7a en la comunicaci\u00f3 oral i descobreixi el valor expressiu dels textos literaris. Des del CRP volem agrair la implicaci\u00f3 dels centres educatius, del professorat que acompanya i prepara l\u2019alumnat, aix\u00ed com de totes les persones que fan possible aquesta nova edici\u00f3 del certamen.<\/p>\n\n\n\n<p>Desitgem molta sort a tots els participants i esperem que sigui una jornada plena de lectura, emoci\u00f3 i bona literatura.<\/p>\n\n\n\n<p><\/p>\n\n\n\n<figure class=\"wp-block-embed is-type-video is-provider-youtube wp-block-embed-youtube wp-embed-aspect-4-3 wp-has-aspect-ratio\" style=\"margin-top:0;margin-bottom:0\"><div class=\"wp-block-embed__wrapper\">\n<div class=\"ast-oembed-container \" style=\"height: 100%;\"><iframe loading=\"lazy\" title=\"XXII Certamen de lectura en veu alta - Semifinals VOI\" width=\"500\" height=\"375\" src=\"https:\/\/www.youtube.com\/embed\/gV-SaOEDK7Y?feature=oembed\" frameborder=\"0\" allow=\"accelerometer; autoplay; clipboard-write; encrypted-media; gyroscope; picture-in-picture; web-share\" referrerpolicy=\"strict-origin-when-cross-origin\" allowfullscreen><\/iframe><\/div>\n<\/div><\/figure>\n","protected":false},"excerpt":{"rendered":"<p>Aquest dimecres celebrarem el XXII Certamen de Lectura en Veu Alta, una activitat que t\u00e9 com a objectiu fomentar el [&hellip;]<\/p>\n","protected":false},"author":3,"featured_media":15783,"comment_status":"open","ping_status":"open","sticky":false,"template":"","format":"standard","meta":{"_bbp_topic_count":0,"_bbp_reply_count":0,"_bbp_total_topic_count":0,"_bbp_total_reply_count":0,"_bbp_voice_count":0,"_bbp_anonymous_reply_count":0,"_bbp_topic_count_hidden":0,"_bbp_reply_count_hidden":0,"_bbp_forum_subforum_count":0,"site-sidebar-layout":"default","site-content-layout":"","ast-site-content-layout":"default","site-content-style":"default","site-sidebar-style":"default","ast-global-header-display":"","ast-banner-title-visibility":"","ast-main-header-display":"","ast-hfb-above-header-display":"","ast-hfb-below-header-display":"","ast-hfb-mobile-header-display":"","site-post-title":"","ast-breadcrumbs-content":"","ast-featured-img":"","footer-sml-layout":"","theme-transparent-header-meta":"","adv-header-id-meta":"","stick-header-meta":"","header-above-stick-meta":"","header-main-stick-meta":"","header-below-stick-meta":"","astra-migrate-meta-layouts":"set","ast-page-background-enabled":"default","ast-page-background-meta":{"desktop":{"background-color":"var(--ast-global-color-4)","background-image":"","background-repeat":"repeat","background-position":"center center","background-size":"auto","background-attachment":"scroll","background-type":"","background-media":"","overlay-type":"","overlay-color":"","overlay-opacity":"","overlay-gradient":""},"tablet":{"background-color":"","background-image":"","background-repeat":"repeat","background-position":"center center","background-size":"auto","background-attachment":"scroll","background-type":"","background-media":"","overlay-type":"","overlay-color":"","overlay-opacity":"","overlay-gradient":""},"mobile":{"background-color":"","background-image":"","background-repeat":"repeat","background-position":"center center","background-size":"auto","background-attachment":"scroll","background-type":"","background-media":"","overlay-type":"","overlay-color":"","overlay-opacity":"","overlay-gradient":""}},"ast-content-background-meta":{"desktop":{"background-color":"var(--ast-global-color-5)","background-image":"","background-repeat":"repeat","background-position":"center center","background-size":"auto","background-attachment":"scroll","background-type":"","background-media":"","overlay-type":"","overlay-color":"","overlay-opacity":"","overlay-gradient":""},"tablet":{"background-color":"var(--ast-global-color-5)","background-image":"","background-repeat":"repeat","background-position":"center center","background-size":"auto","background-attachment":"scroll","background-type":"","background-media":"","overlay-type":"","overlay-color":"","overlay-opacity":"","overlay-gradient":""},"mobile":{"background-color":"var(--ast-global-color-5)","background-image":"","background-repeat":"repeat","background-position":"center center","background-size":"auto","background-attachment":"scroll","background-type":"","background-media":"","overlay-type":"","overlay-color":"","overlay-opacity":"","overlay-gradient":""}},"footnotes":""},"categories":[72,66,1,268],"tags":[300,540,302],"class_list":["post-15780","post","type-post","status-publish","format-standard","has-post-thumbnail","hentry","category-lectura-en-veu-alta","category-dinamitzacio","category-general","category-jorn","tag-clva","tag-lectura-en-veu-alta","tag-veu-alta"],"post_mailing_queue_ids":[],"_links":{"self":[{"href":"https:\/\/serveiseducatius.xtec.cat\/vallesoriental1\/wp-json\/wp\/v2\/posts\/15780","targetHints":{"allow":["GET"]}}],"collection":[{"href":"https:\/\/serveiseducatius.xtec.cat\/vallesoriental1\/wp-json\/wp\/v2\/posts"}],"about":[{"href":"https:\/\/serveiseducatius.xtec.cat\/vallesoriental1\/wp-json\/wp\/v2\/types\/post"}],"author":[{"embeddable":true,"href":"https:\/\/serveiseducatius.xtec.cat\/vallesoriental1\/wp-json\/wp\/v2\/users\/3"}],"replies":[{"embeddable":true,"href":"https:\/\/serveiseducatius.xtec.cat\/vallesoriental1\/wp-json\/wp\/v2\/comments?post=15780"}],"version-history":[{"count":3,"href":"https:\/\/serveiseducatius.xtec.cat\/vallesoriental1\/wp-json\/wp\/v2\/posts\/15780\/revisions"}],"predecessor-version":[{"id":15785,"href":"https:\/\/serveiseducatius.xtec.cat\/vallesoriental1\/wp-json\/wp\/v2\/posts\/15780\/revisions\/15785"}],"wp:featuredmedia":[{"embeddable":true,"href":"https:\/\/serveiseducatius.xtec.cat\/vallesoriental1\/wp-json\/wp\/v2\/media\/15783"}],"wp:attachment":[{"href":"https:\/\/serveiseducatius.xtec.cat\/vallesoriental1\/wp-json\/wp\/v2\/media?parent=15780"}],"wp:term":[{"taxonomy":"category","embeddable":true,"href":"https:\/\/serveiseducatius.xtec.cat\/vallesoriental1\/wp-json\/wp\/v2\/categories?post=15780"},{"taxonomy":"post_tag","embeddable":true,"href":"https:\/\/serveiseducatius.xtec.cat\/vallesoriental1\/wp-json\/wp\/v2\/tags?post=15780"}],"curies":[{"name":"wp","href":"https:\/\/api.w.org\/{rel}","templated":true}]}}