{"id":15487,"date":"2025-12-01T16:21:55","date_gmt":"2025-12-01T15:21:55","guid":{"rendered":"https:\/\/serveiseducatius.xtec.cat\/vallesoriental1\/?p=15487"},"modified":"2025-12-01T16:22:17","modified_gmt":"2025-12-01T15:22:17","slug":"el-romanic-de-la-vall-de-boi-entra-a-linstitut-celesti-bellera-de-la-ma-de-lexperiencia-didactica-els-ulls-de-la-historia","status":"publish","type":"post","link":"https:\/\/serveiseducatius.xtec.cat\/vallesoriental1\/general\/el-romanic-de-la-vall-de-boi-entra-a-linstitut-celesti-bellera-de-la-ma-de-lexperiencia-didactica-els-ulls-de-la-historia\/","title":{"rendered":"El rom\u00e0nic de la Vall de Bo\u00ed entra a l\u2019Institut Celest\u00ed Bellera de la m\u00e0 de l\u2019experi\u00e8ncia did\u00e0ctica &#8220;Els Ulls de la Hist\u00f2ria&#8221;"},"content":{"rendered":"\n<p>L\u2019alumnat de 2n d\u2019ESO de l\u2019Institut Celest\u00ed Bellera es va endinsar la setmana passada en la descoberta del rom\u00e0nic de la Vall de Bo\u00ed, una de les situacions d\u2019aprenentatge que ofereix l\u2019experi\u00e8ncia did\u00e0ctica Els Ulls de la Hist\u00f2ria. Aquest projecte del Departament de Cultura, impulsat per l\u2019Ag\u00e8ncia Catalana del Patrimoni Cultural i amb la col\u00b7laboraci\u00f3 del Departament d\u2019Educaci\u00f3 i Formaci\u00f3 Professional, promou la creaci\u00f3 de nous relats sobre el patrimoni catal\u00e0. Ho fa des d\u2019una mirada transformadora que connecta amb l\u2019experi\u00e8ncia individual i col\u00b7lectiva dels joves a trav\u00e9s de recursos anal\u00f2gics i digitals, tot augmentant la viv\u00e8ncia i l\u2019impacte de l\u2019aprenentatge.<\/p>\n\n\n\n<p>El projecte ofereix material per treballar a l\u2019aula, abans i despr\u00e9s de l\u2019experi\u00e8ncia: la ubicaci\u00f3 espacial i temporal de l\u2019etapa hist\u00f2rica, el context hist\u00f2ric i social de l\u2019\u00e8poca, l\u2019estil art\u00edstic corresponent i els paral\u00b7lelismes entre el passat i el present.<\/p>\n\n\n\n<p>La instal\u00b7laci\u00f3 es va ubicar al gimn\u00e0s del centre i, en grups de sis persones, l\u2019alumnat va poder experimentar un viatge virtual en el temps i l\u2019espai, acompanyat de locucions, imatges i elements interactius que els van descobrir els detalls i les an\u00e8cdotes del rom\u00e0nic.<\/p>\n\n\n\n<p>Granollers \u00e9s un territori amb un ric patrimoni cultural, i aquesta experi\u00e8ncia, que promou la socialitzaci\u00f3 del patrimoni arreu de la comarca i dona a con\u00e8ixer elements patrimonials d\u2019altres demarcacions, facilita l\u2019obertura de noves mirades a l\u2019hora de treballar, descobrir i valorar el patrimoni local. A trav\u00e9s de la comparaci\u00f3 entre passat i present, l\u2019alumnat pot desenvolupar l\u2019esperit cr\u00edtic des de diverses perspectives, com ara el g\u00e8nere o la interculturalitat.<\/p>\n\n\n\n<p>En la convocat\u00f2ria d\u2019aquest curs, feta en col\u00b7laboraci\u00f3 amb el <a href=\"https:\/\/cultura.gencat.cat\/ca\/temes\/culturaeducacio\/\">Programa temporal per a la millora de la pres\u00e8ncia de les arts i la cultura en l\u2019educaci\u00f3<\/a>, una vuitantena de centres educatius de secund\u00e0ria de tot Catalunya han sol\u00b7licitat l\u2019experi\u00e8ncia, 12 dels quals formen part dels Serveis Territorials del Maresme-Vall\u00e8s Oriental.<\/p>\n\n\n\n<p>L\u2019Ag\u00e8ncia Catalana del Patrimoni Cultural, amb la col\u00b7laboraci\u00f3 del Departament d\u2019Educaci\u00f3, ofereix de manera gratu\u00efta als centres de secund\u00e0ria la possibilitat de sol\u00b7licitar quatre experi\u00e8ncies did\u00e0ctiques: el conjunt rupestre de la Roca dels Moros del Cogul, la Cartoixa d\u2019Escaladei, el Centre del Rom\u00e0nic de la Vall de Bo\u00ed i, pr\u00f2ximament, el Castell de Miravet i Sant Pere de Rodes. Totes elles, en conjunt, tracen un recorregut cronol\u00f2gic d\u2019aprenentatge que va de la prehist\u00f2ria a l\u2019edat moderna.<\/p>\n\n\n\n<p>El curs 2025-26, m\u00e9s de 5.800 alumnes d\u2019arreu de Catalunya descobriran els monuments catalans a trav\u00e9s d\u2019aquesta proposta educativa, de la qual es pot consultar m\u00e9s informaci\u00f3 a <a href=\"https:\/\/patrimoni.gencat.cat\/ca\/lexperiencia-didactica\">https:\/\/patrimoni.gencat.cat\/ca\/lexperiencia-didactica<\/a>. La sol\u00b7licitud per acollir l\u2019experi\u00e8ncia did\u00e0ctica per a aquest curs est\u00e0 tancada. Al tercer trimestre s\u2019obriran de nou les sol\u00b7licituds per al curs 2026-27.<\/p>\n\n\n\n<div class=\"wp-block-getwid-images-slider has-arrows-inside has-dots-inside has-images-center has-fitted-images\"><div class=\"wp-block-getwid-images-slider__wrapper\" data-effect=\"slide\" data-slides-show=\"1\" data-slides-show-laptop=\"1\" data-slides-show-tablet=\"1\" data-slides-show-mobile=\"1\" data-slides-scroll=\"1\" data-autoplay=\"false\" data-pause-hover=\"false\" data-autoplay-speed=\"6000\" data-infinite=\"true\" data-animation-speed=\"800\" data-center-mode=\"false\" data-variable-width=\"false\" data-arrows=\"inside\" data-dots=\"inside\" data-spacing=\"none\"><div class=\"wp-block-getwid-images-slider__item\"><figure><img loading=\"lazy\" decoding=\"async\" width=\"768\" height=\"485\" src=\"https:\/\/serveiseducatius.xtec.cat\/vallesoriental1\/wp-content\/uploads\/usu1135\/2025\/12\/EUDH_Granollers_CelestiBellera_05-768x485.jpg\" alt=\"\" data-id=\"15492\" data-link=\"https:\/\/serveiseducatius.xtec.cat\/vallesoriental1\/?attachment_id=15492\" data-original-link=\"https:\/\/serveiseducatius.xtec.cat\/vallesoriental1\/wp-content\/uploads\/usu1135\/2025\/12\/EUDH_Granollers_CelestiBellera_05-scaled.jpg\" class=\"wp-block-getwid-images-slider__image wp-image-15492\" srcset=\"https:\/\/serveiseducatius.xtec.cat\/vallesoriental1\/wp-content\/uploads\/usu1135\/2025\/12\/EUDH_Granollers_CelestiBellera_05-768x485.jpg 768w, https:\/\/serveiseducatius.xtec.cat\/vallesoriental1\/wp-content\/uploads\/usu1135\/2025\/12\/EUDH_Granollers_CelestiBellera_05-300x190.jpg 300w, https:\/\/serveiseducatius.xtec.cat\/vallesoriental1\/wp-content\/uploads\/usu1135\/2025\/12\/EUDH_Granollers_CelestiBellera_05-1024x647.jpg 1024w, https:\/\/serveiseducatius.xtec.cat\/vallesoriental1\/wp-content\/uploads\/usu1135\/2025\/12\/EUDH_Granollers_CelestiBellera_05-1536x971.jpg 1536w, https:\/\/serveiseducatius.xtec.cat\/vallesoriental1\/wp-content\/uploads\/usu1135\/2025\/12\/EUDH_Granollers_CelestiBellera_05-2048x1294.jpg 2048w\" sizes=\"auto, (max-width: 768px) 100vw, 768px\" \/><\/figure><\/div><div class=\"wp-block-getwid-images-slider__item\"><figure><img loading=\"lazy\" decoding=\"async\" width=\"768\" height=\"500\" src=\"https:\/\/serveiseducatius.xtec.cat\/vallesoriental1\/wp-content\/uploads\/usu1135\/2025\/12\/EUDH_Granollers_CelestiBellera_04-e1764602281942-768x500.jpg\" alt=\"\" data-id=\"15488\" data-link=\"https:\/\/serveiseducatius.xtec.cat\/vallesoriental1\/?attachment_id=15488\" data-original-link=\"https:\/\/serveiseducatius.xtec.cat\/vallesoriental1\/wp-content\/uploads\/usu1135\/2025\/12\/EUDH_Granollers_CelestiBellera_04-e1764602281942.jpg\" class=\"wp-block-getwid-images-slider__image wp-image-15488\" srcset=\"https:\/\/serveiseducatius.xtec.cat\/vallesoriental1\/wp-content\/uploads\/usu1135\/2025\/12\/EUDH_Granollers_CelestiBellera_04-e1764602281942-768x500.jpg 768w, https:\/\/serveiseducatius.xtec.cat\/vallesoriental1\/wp-content\/uploads\/usu1135\/2025\/12\/EUDH_Granollers_CelestiBellera_04-e1764602281942-300x195.jpg 300w, https:\/\/serveiseducatius.xtec.cat\/vallesoriental1\/wp-content\/uploads\/usu1135\/2025\/12\/EUDH_Granollers_CelestiBellera_04-e1764602281942-1024x666.jpg 1024w, https:\/\/serveiseducatius.xtec.cat\/vallesoriental1\/wp-content\/uploads\/usu1135\/2025\/12\/EUDH_Granollers_CelestiBellera_04-e1764602281942.jpg 1429w\" sizes=\"auto, (max-width: 768px) 100vw, 768px\" \/><\/figure><\/div><div class=\"wp-block-getwid-images-slider__item\"><figure><img loading=\"lazy\" decoding=\"async\" width=\"768\" height=\"472\" src=\"https:\/\/serveiseducatius.xtec.cat\/vallesoriental1\/wp-content\/uploads\/usu1135\/2025\/12\/EUDH_Granollers_CelestiBellera_03-scaled-e1764602258716-768x472.jpg\" alt=\"\" data-id=\"15489\" data-link=\"https:\/\/serveiseducatius.xtec.cat\/vallesoriental1\/?attachment_id=15489\" data-original-link=\"https:\/\/serveiseducatius.xtec.cat\/vallesoriental1\/wp-content\/uploads\/usu1135\/2025\/12\/EUDH_Granollers_CelestiBellera_03-scaled-e1764602258716.jpg\" class=\"wp-block-getwid-images-slider__image wp-image-15489\" srcset=\"https:\/\/serveiseducatius.xtec.cat\/vallesoriental1\/wp-content\/uploads\/usu1135\/2025\/12\/EUDH_Granollers_CelestiBellera_03-scaled-e1764602258716-768x472.jpg 768w, https:\/\/serveiseducatius.xtec.cat\/vallesoriental1\/wp-content\/uploads\/usu1135\/2025\/12\/EUDH_Granollers_CelestiBellera_03-scaled-e1764602258716-300x184.jpg 300w, https:\/\/serveiseducatius.xtec.cat\/vallesoriental1\/wp-content\/uploads\/usu1135\/2025\/12\/EUDH_Granollers_CelestiBellera_03-scaled-e1764602258716-1024x629.jpg 1024w, https:\/\/serveiseducatius.xtec.cat\/vallesoriental1\/wp-content\/uploads\/usu1135\/2025\/12\/EUDH_Granollers_CelestiBellera_03-scaled-e1764602258716-1536x943.jpg 1536w, https:\/\/serveiseducatius.xtec.cat\/vallesoriental1\/wp-content\/uploads\/usu1135\/2025\/12\/EUDH_Granollers_CelestiBellera_03-scaled-e1764602258716-2048x1257.jpg 2048w\" sizes=\"auto, (max-width: 768px) 100vw, 768px\" \/><\/figure><\/div><div class=\"wp-block-getwid-images-slider__item\"><figure><img loading=\"lazy\" decoding=\"async\" width=\"768\" height=\"415\" src=\"https:\/\/serveiseducatius.xtec.cat\/vallesoriental1\/wp-content\/uploads\/usu1135\/2025\/12\/EUDH_Granollers_CelestiBellera_06-768x415.jpg\" alt=\"\" data-id=\"15490\" data-link=\"https:\/\/serveiseducatius.xtec.cat\/vallesoriental1\/?attachment_id=15490\" data-original-link=\"https:\/\/serveiseducatius.xtec.cat\/vallesoriental1\/wp-content\/uploads\/usu1135\/2025\/12\/EUDH_Granollers_CelestiBellera_06-scaled.jpg\" class=\"wp-block-getwid-images-slider__image wp-image-15490\" srcset=\"https:\/\/serveiseducatius.xtec.cat\/vallesoriental1\/wp-content\/uploads\/usu1135\/2025\/12\/EUDH_Granollers_CelestiBellera_06-768x415.jpg 768w, https:\/\/serveiseducatius.xtec.cat\/vallesoriental1\/wp-content\/uploads\/usu1135\/2025\/12\/EUDH_Granollers_CelestiBellera_06-300x162.jpg 300w, https:\/\/serveiseducatius.xtec.cat\/vallesoriental1\/wp-content\/uploads\/usu1135\/2025\/12\/EUDH_Granollers_CelestiBellera_06-1024x553.jpg 1024w, https:\/\/serveiseducatius.xtec.cat\/vallesoriental1\/wp-content\/uploads\/usu1135\/2025\/12\/EUDH_Granollers_CelestiBellera_06-1536x830.jpg 1536w, https:\/\/serveiseducatius.xtec.cat\/vallesoriental1\/wp-content\/uploads\/usu1135\/2025\/12\/EUDH_Granollers_CelestiBellera_06-2048x1107.jpg 2048w\" sizes=\"auto, (max-width: 768px) 100vw, 768px\" \/><\/figure><\/div><div class=\"wp-block-getwid-images-slider__item\"><figure><img loading=\"lazy\" decoding=\"async\" width=\"768\" height=\"420\" src=\"https:\/\/serveiseducatius.xtec.cat\/vallesoriental1\/wp-content\/uploads\/usu1135\/2025\/12\/EUDH_Granollers_CelestiBellera_02-768x420.jpg\" alt=\"\" data-id=\"15491\" data-link=\"https:\/\/serveiseducatius.xtec.cat\/vallesoriental1\/?attachment_id=15491\" data-original-link=\"https:\/\/serveiseducatius.xtec.cat\/vallesoriental1\/wp-content\/uploads\/usu1135\/2025\/12\/EUDH_Granollers_CelestiBellera_02-scaled.jpg\" class=\"wp-block-getwid-images-slider__image wp-image-15491\" srcset=\"https:\/\/serveiseducatius.xtec.cat\/vallesoriental1\/wp-content\/uploads\/usu1135\/2025\/12\/EUDH_Granollers_CelestiBellera_02-768x420.jpg 768w, https:\/\/serveiseducatius.xtec.cat\/vallesoriental1\/wp-content\/uploads\/usu1135\/2025\/12\/EUDH_Granollers_CelestiBellera_02-300x164.jpg 300w, https:\/\/serveiseducatius.xtec.cat\/vallesoriental1\/wp-content\/uploads\/usu1135\/2025\/12\/EUDH_Granollers_CelestiBellera_02-1024x561.jpg 1024w, https:\/\/serveiseducatius.xtec.cat\/vallesoriental1\/wp-content\/uploads\/usu1135\/2025\/12\/EUDH_Granollers_CelestiBellera_02-1536x841.jpg 1536w, https:\/\/serveiseducatius.xtec.cat\/vallesoriental1\/wp-content\/uploads\/usu1135\/2025\/12\/EUDH_Granollers_CelestiBellera_02-2048x1121.jpg 2048w\" sizes=\"auto, (max-width: 768px) 100vw, 768px\" \/><\/figure><\/div><\/div><\/div>\n\n\n\n<p><\/p>\n","protected":false},"excerpt":{"rendered":"<p>L\u2019alumnat de 2n d\u2019ESO de l\u2019Institut Celest\u00ed Bellera es va endinsar la setmana passada en la descoberta del rom\u00e0nic de [&hellip;]<\/p>\n","protected":false},"author":3,"featured_media":15490,"comment_status":"open","ping_status":"open","sticky":false,"template":"","format":"standard","meta":{"_bbp_topic_count":0,"_bbp_reply_count":0,"_bbp_total_topic_count":0,"_bbp_total_reply_count":0,"_bbp_voice_count":0,"_bbp_anonymous_reply_count":0,"_bbp_topic_count_hidden":0,"_bbp_reply_count_hidden":0,"_bbp_forum_subforum_count":0,"site-sidebar-layout":"default","site-content-layout":"","ast-site-content-layout":"default","site-content-style":"default","site-sidebar-style":"default","ast-global-header-display":"","ast-banner-title-visibility":"","ast-main-header-display":"","ast-hfb-above-header-display":"","ast-hfb-below-header-display":"","ast-hfb-mobile-header-display":"","site-post-title":"","ast-breadcrumbs-content":"","ast-featured-img":"","footer-sml-layout":"","theme-transparent-header-meta":"","adv-header-id-meta":"","stick-header-meta":"","header-above-stick-meta":"","header-main-stick-meta":"","header-below-stick-meta":"","astra-migrate-meta-layouts":"set","ast-page-background-enabled":"default","ast-page-background-meta":{"desktop":{"background-color":"var(--ast-global-color-4)","background-image":"","background-repeat":"repeat","background-position":"center center","background-size":"auto","background-attachment":"scroll","background-type":"","background-media":"","overlay-type":"","overlay-color":"","overlay-opacity":"","overlay-gradient":""},"tablet":{"background-color":"","background-image":"","background-repeat":"repeat","background-position":"center center","background-size":"auto","background-attachment":"scroll","background-type":"","background-media":"","overlay-type":"","overlay-color":"","overlay-opacity":"","overlay-gradient":""},"mobile":{"background-color":"","background-image":"","background-repeat":"repeat","background-position":"center center","background-size":"auto","background-attachment":"scroll","background-type":"","background-media":"","overlay-type":"","overlay-color":"","overlay-opacity":"","overlay-gradient":""}},"ast-content-background-meta":{"desktop":{"background-color":"var(--ast-global-color-5)","background-image":"","background-repeat":"repeat","background-position":"center center","background-size":"auto","background-attachment":"scroll","background-type":"","background-media":"","overlay-type":"","overlay-color":"","overlay-opacity":"","overlay-gradient":""},"tablet":{"background-color":"var(--ast-global-color-5)","background-image":"","background-repeat":"repeat","background-position":"center center","background-size":"auto","background-attachment":"scroll","background-type":"","background-media":"","overlay-type":"","overlay-color":"","overlay-opacity":"","overlay-gradient":""},"mobile":{"background-color":"var(--ast-global-color-5)","background-image":"","background-repeat":"repeat","background-position":"center center","background-size":"auto","background-attachment":"scroll","background-type":"","background-media":"","overlay-type":"","overlay-color":"","overlay-opacity":"","overlay-gradient":""}},"footnotes":""},"categories":[328,1,29],"tags":[344,630,479,247,398,342],"class_list":["post-15487","post","type-post","status-publish","format-standard","has-post-thumbnail","hentry","category-bp","category-general","category-portada","tag-bones-practiques","tag-cultura","tag-cultura-digital","tag-historia","tag-realitat-virtual","tag-secundaria"],"post_mailing_queue_ids":[],"_links":{"self":[{"href":"https:\/\/serveiseducatius.xtec.cat\/vallesoriental1\/wp-json\/wp\/v2\/posts\/15487","targetHints":{"allow":["GET"]}}],"collection":[{"href":"https:\/\/serveiseducatius.xtec.cat\/vallesoriental1\/wp-json\/wp\/v2\/posts"}],"about":[{"href":"https:\/\/serveiseducatius.xtec.cat\/vallesoriental1\/wp-json\/wp\/v2\/types\/post"}],"author":[{"embeddable":true,"href":"https:\/\/serveiseducatius.xtec.cat\/vallesoriental1\/wp-json\/wp\/v2\/users\/3"}],"replies":[{"embeddable":true,"href":"https:\/\/serveiseducatius.xtec.cat\/vallesoriental1\/wp-json\/wp\/v2\/comments?post=15487"}],"version-history":[{"count":6,"href":"https:\/\/serveiseducatius.xtec.cat\/vallesoriental1\/wp-json\/wp\/v2\/posts\/15487\/revisions"}],"predecessor-version":[{"id":15503,"href":"https:\/\/serveiseducatius.xtec.cat\/vallesoriental1\/wp-json\/wp\/v2\/posts\/15487\/revisions\/15503"}],"wp:featuredmedia":[{"embeddable":true,"href":"https:\/\/serveiseducatius.xtec.cat\/vallesoriental1\/wp-json\/wp\/v2\/media\/15490"}],"wp:attachment":[{"href":"https:\/\/serveiseducatius.xtec.cat\/vallesoriental1\/wp-json\/wp\/v2\/media?parent=15487"}],"wp:term":[{"taxonomy":"category","embeddable":true,"href":"https:\/\/serveiseducatius.xtec.cat\/vallesoriental1\/wp-json\/wp\/v2\/categories?post=15487"},{"taxonomy":"post_tag","embeddable":true,"href":"https:\/\/serveiseducatius.xtec.cat\/vallesoriental1\/wp-json\/wp\/v2\/tags?post=15487"}],"curies":[{"name":"wp","href":"https:\/\/api.w.org\/{rel}","templated":true}]}}