{"id":15389,"date":"2025-10-20T12:55:02","date_gmt":"2025-10-20T10:55:02","guid":{"rendered":"https:\/\/serveiseducatius.xtec.cat\/vallesoriental1\/?p=15389"},"modified":"2025-10-20T12:59:29","modified_gmt":"2025-10-20T10:59:29","slug":"al-valles-oriental-ens-movem-per-europa-celebrem-els-erasmus-days-a-la-porxada","status":"publish","type":"post","link":"https:\/\/serveiseducatius.xtec.cat\/vallesoriental1\/general\/al-valles-oriental-ens-movem-per-europa-celebrem-els-erasmus-days-a-la-porxada\/","title":{"rendered":"\u201cAl Vall\u00e8s Oriental ens movem per Europa\u201d. Celebrem els Erasmus Days a la Porxada"},"content":{"rendered":"\n<p>El <strong>Servei Educatiu VOI<\/strong> es va sumar un any m\u00e9s a la celebraci\u00f3 dels <strong>Erasmus Days<\/strong>, la campanya europea de visibilitzaci\u00f3 i difusi\u00f3 dels projectes Erasmus+. Aquestes jornades, que van tenir lloc del <strong>13 al 18 d\u2019octubre de 2025<\/strong> arreu d\u2019Europa, tenen com a objectiu donar visibilitat al programa <strong>Erasmus+<\/strong>, impulsat per la <strong>Comissi\u00f3 Europea<\/strong>. Aquest programa promou activitats internacionals per a l\u2019alumnat i el professorat amb la finalitat de <strong>millorar la formaci\u00f3, les compet\u00e8ncies professionals i la participaci\u00f3 ciutadana europea<\/strong>.<\/p>\n\n\n\n<p>El punt \u00e0lgid de la celebraci\u00f3 dels Erasmus Days a la nostra zona va ser la jornada oberta que va tenir lloc el <strong>dimecres 15 d\u2019octubre de 2025<\/strong>. Amb el lema <em>\u201cAl Vall\u00e8s Oriental ens movem per Europa\u201d<\/em>, la Porxada va acollir diversos centres educatius que actualment participen en projectes Erasmus+. Hi van prendre part centres de la conurbaci\u00f3, incloent-hi els instituts <strong>Celest\u00ed Bellera<\/strong>, <strong>Escola Municipal de Treball (EMT)<\/strong> i <strong>Antoni Cumella<\/strong>, aix\u00ed com les escoles <strong>Mogent, Colors, Joan Sanpera i Torras, Bellavista-Joan Camps i Gir\u00f3, Salvador Llobet<\/strong> i <strong>Mestres Monta\u00f1a<\/strong>. L\u2019alumnat i el professorat participant va aprofitar l\u2019espai per exposar les seves experi\u00e8ncies de mobilitat i destacar els beneficis de formar part de projectes europeus. Els alumnes que van visitar les parades van valorar molt positivament la proposta, destacant que els permet \u201caprendre una llengua nova i tamb\u00e9 viure una nova experi\u00e8ncia\u201d. A m\u00e9s, van remarcar que <strong>l\u2019Erasmus ofereix oportunitats a persones que potser no podrien permetre\u2019s aquesta viv\u00e8ncia<\/strong>, ja que els ajuda a \u201cguanyar experi\u00e8ncies i coneixements\u201d. L\u2019objectiu principal de la jornada era animar l\u2019alumnat a participar-hi i <strong>refor\u00e7ar les prioritats clau del programa Erasmus+ fins al 2027<\/strong>.<\/p>\n\n\n\n<p>Al nostre territori, el nostre CRP promociona i coordina el projecte <strong>ALASVO<\/strong> (<em>Active Leaders for Active Students in the Vall\u00e8s Oriental<\/em>), un projecte <strong>Erasmus+ en consorci<\/strong> que inclou diversos centres de la zona. El CRP va obtenir la seva <strong>Acreditaci\u00f3 Erasmus+ l\u2019any 2022<\/strong>, una eina fonamental per gestionar els projectes de mobilitat de manera simplificada i continuada fins al 2027. Els objectius estrat\u00e8gics que regeixen el consorci ALASVO busquen <strong>enfortir i transformar la comunitat educativa<\/strong> a trav\u00e9s de la promoci\u00f3 de la internacionalitzaci\u00f3, la incorporaci\u00f3 de la sostenibilitat en els programes d\u2019aula, la millora de la compet\u00e8ncia pluriling\u00fce tant del professorat com de l\u2019alumnat, la millora de la compet\u00e8ncia digital i l\u2019actualitzaci\u00f3 de les estrat\u00e8gies metodol\u00f2giques, aix\u00ed com l\u2019aven\u00e7 cap a una escola m\u00e9s inclusiva. Aquesta tasca de coordinaci\u00f3 demostra el <strong>comprom\u00eds del Servei Educatiu de Granollers<\/strong> i dels centres de prim\u00e0ria i secund\u00e0ria de la zona per <strong>refor\u00e7ar la cooperaci\u00f3, la innovaci\u00f3 i la ciutadania europea<\/strong>.<\/p>\n\n\n\n<div class=\"wp-block-getwid-images-slider has-arrows-inside has-dots-inside has-images-center has-cropped-images\"><div class=\"wp-block-getwid-images-slider__wrapper\" data-effect=\"slide\" data-slides-show=\"1\" data-slides-show-laptop=\"1\" data-slides-show-tablet=\"1\" data-slides-show-mobile=\"1\" data-slides-scroll=\"1\" data-autoplay=\"false\" data-pause-hover=\"false\" data-autoplay-speed=\"6000\" data-infinite=\"true\" data-animation-speed=\"800\" data-center-mode=\"false\" data-variable-width=\"false\" data-arrows=\"inside\" data-dots=\"inside\" data-spacing=\"none\"><div class=\"wp-block-getwid-images-slider__item\"><figure><img loading=\"lazy\" decoding=\"async\" width=\"1000\" height=\"450\" src=\"https:\/\/serveiseducatius.xtec.cat\/vallesoriental1\/wp-content\/uploads\/usu1135\/2025\/10\/Erasmus-inici-1.jpg\" alt=\"\" data-id=\"15396\" class=\"wp-block-getwid-images-slider__image wp-image-15396\" srcset=\"https:\/\/serveiseducatius.xtec.cat\/vallesoriental1\/wp-content\/uploads\/usu1135\/2025\/10\/Erasmus-inici-1.jpg 1000w, https:\/\/serveiseducatius.xtec.cat\/vallesoriental1\/wp-content\/uploads\/usu1135\/2025\/10\/Erasmus-inici-1-300x135.jpg 300w, https:\/\/serveiseducatius.xtec.cat\/vallesoriental1\/wp-content\/uploads\/usu1135\/2025\/10\/Erasmus-inici-1-768x346.jpg 768w\" sizes=\"auto, (max-width: 1000px) 100vw, 1000px\" \/><\/figure><\/div><div class=\"wp-block-getwid-images-slider__item\"><figure><img loading=\"lazy\" decoding=\"async\" width=\"1000\" height=\"450\" src=\"https:\/\/serveiseducatius.xtec.cat\/vallesoriental1\/wp-content\/uploads\/usu1135\/2025\/10\/Erasmus2-1.jpg\" alt=\"\" data-id=\"15397\" class=\"wp-block-getwid-images-slider__image wp-image-15397\" srcset=\"https:\/\/serveiseducatius.xtec.cat\/vallesoriental1\/wp-content\/uploads\/usu1135\/2025\/10\/Erasmus2-1.jpg 1000w, https:\/\/serveiseducatius.xtec.cat\/vallesoriental1\/wp-content\/uploads\/usu1135\/2025\/10\/Erasmus2-1-300x135.jpg 300w, https:\/\/serveiseducatius.xtec.cat\/vallesoriental1\/wp-content\/uploads\/usu1135\/2025\/10\/Erasmus2-1-768x346.jpg 768w\" sizes=\"auto, (max-width: 1000px) 100vw, 1000px\" \/><\/figure><\/div><div class=\"wp-block-getwid-images-slider__item\"><figure><img loading=\"lazy\" decoding=\"async\" width=\"1000\" height=\"450\" src=\"https:\/\/serveiseducatius.xtec.cat\/vallesoriental1\/wp-content\/uploads\/usu1135\/2025\/10\/Erasmus-3-1.jpg\" alt=\"\" data-id=\"15398\" class=\"wp-block-getwid-images-slider__image wp-image-15398\" srcset=\"https:\/\/serveiseducatius.xtec.cat\/vallesoriental1\/wp-content\/uploads\/usu1135\/2025\/10\/Erasmus-3-1.jpg 1000w, https:\/\/serveiseducatius.xtec.cat\/vallesoriental1\/wp-content\/uploads\/usu1135\/2025\/10\/Erasmus-3-1-300x135.jpg 300w, https:\/\/serveiseducatius.xtec.cat\/vallesoriental1\/wp-content\/uploads\/usu1135\/2025\/10\/Erasmus-3-1-768x346.jpg 768w\" sizes=\"auto, (max-width: 1000px) 100vw, 1000px\" \/><\/figure><\/div><div class=\"wp-block-getwid-images-slider__item\"><figure><img loading=\"lazy\" decoding=\"async\" width=\"1000\" height=\"450\" src=\"https:\/\/serveiseducatius.xtec.cat\/vallesoriental1\/wp-content\/uploads\/usu1135\/2025\/10\/Erasmus-4-1.jpg\" alt=\"\" data-id=\"15399\" class=\"wp-block-getwid-images-slider__image wp-image-15399\" srcset=\"https:\/\/serveiseducatius.xtec.cat\/vallesoriental1\/wp-content\/uploads\/usu1135\/2025\/10\/Erasmus-4-1.jpg 1000w, https:\/\/serveiseducatius.xtec.cat\/vallesoriental1\/wp-content\/uploads\/usu1135\/2025\/10\/Erasmus-4-1-300x135.jpg 300w, https:\/\/serveiseducatius.xtec.cat\/vallesoriental1\/wp-content\/uploads\/usu1135\/2025\/10\/Erasmus-4-1-768x346.jpg 768w\" sizes=\"auto, (max-width: 1000px) 100vw, 1000px\" \/><\/figure><\/div><div class=\"wp-block-getwid-images-slider__item\"><figure><img loading=\"lazy\" decoding=\"async\" width=\"1000\" height=\"450\" src=\"https:\/\/serveiseducatius.xtec.cat\/vallesoriental1\/wp-content\/uploads\/usu1135\/2025\/10\/Erasmus-5-1.jpg\" alt=\"\" data-id=\"15400\" class=\"wp-block-getwid-images-slider__image wp-image-15400\" srcset=\"https:\/\/serveiseducatius.xtec.cat\/vallesoriental1\/wp-content\/uploads\/usu1135\/2025\/10\/Erasmus-5-1.jpg 1000w, https:\/\/serveiseducatius.xtec.cat\/vallesoriental1\/wp-content\/uploads\/usu1135\/2025\/10\/Erasmus-5-1-300x135.jpg 300w, https:\/\/serveiseducatius.xtec.cat\/vallesoriental1\/wp-content\/uploads\/usu1135\/2025\/10\/Erasmus-5-1-768x346.jpg 768w\" sizes=\"auto, (max-width: 1000px) 100vw, 1000px\" \/><\/figure><\/div><div class=\"wp-block-getwid-images-slider__item\"><figure><img loading=\"lazy\" decoding=\"async\" width=\"1000\" height=\"450\" src=\"https:\/\/serveiseducatius.xtec.cat\/vallesoriental1\/wp-content\/uploads\/usu1135\/2025\/10\/Erasmus-6-1.jpg\" alt=\"\" data-id=\"15401\" class=\"wp-block-getwid-images-slider__image wp-image-15401\" srcset=\"https:\/\/serveiseducatius.xtec.cat\/vallesoriental1\/wp-content\/uploads\/usu1135\/2025\/10\/Erasmus-6-1.jpg 1000w, https:\/\/serveiseducatius.xtec.cat\/vallesoriental1\/wp-content\/uploads\/usu1135\/2025\/10\/Erasmus-6-1-300x135.jpg 300w, https:\/\/serveiseducatius.xtec.cat\/vallesoriental1\/wp-content\/uploads\/usu1135\/2025\/10\/Erasmus-6-1-768x346.jpg 768w\" sizes=\"auto, (max-width: 1000px) 100vw, 1000px\" \/><\/figure><\/div><\/div><\/div>\n\n\n\n<p><\/p>\n","protected":false},"excerpt":{"rendered":"<p>El Servei Educatiu VOI es va sumar un any m\u00e9s a la celebraci\u00f3 dels Erasmus Days, la campanya europea de [&hellip;]<\/p>\n","protected":false},"author":3,"featured_media":15390,"comment_status":"open","ping_status":"open","sticky":false,"template":"","format":"standard","meta":{"_bbp_topic_count":0,"_bbp_reply_count":0,"_bbp_total_topic_count":0,"_bbp_total_reply_count":0,"_bbp_voice_count":0,"_bbp_anonymous_reply_count":0,"_bbp_topic_count_hidden":0,"_bbp_reply_count_hidden":0,"_bbp_forum_subforum_count":0,"site-sidebar-layout":"default","site-content-layout":"","ast-site-content-layout":"default","site-content-style":"default","site-sidebar-style":"default","ast-global-header-display":"","ast-banner-title-visibility":"","ast-main-header-display":"","ast-hfb-above-header-display":"","ast-hfb-below-header-display":"","ast-hfb-mobile-header-display":"","site-post-title":"","ast-breadcrumbs-content":"","ast-featured-img":"","footer-sml-layout":"","theme-transparent-header-meta":"","adv-header-id-meta":"","stick-header-meta":"","header-above-stick-meta":"","header-main-stick-meta":"","header-below-stick-meta":"","astra-migrate-meta-layouts":"set","ast-page-background-enabled":"default","ast-page-background-meta":{"desktop":{"background-color":"var(--ast-global-color-4)","background-image":"","background-repeat":"repeat","background-position":"center center","background-size":"auto","background-attachment":"scroll","background-type":"","background-media":"","overlay-type":"","overlay-color":"","overlay-opacity":"","overlay-gradient":""},"tablet":{"background-color":"","background-image":"","background-repeat":"repeat","background-position":"center center","background-size":"auto","background-attachment":"scroll","background-type":"","background-media":"","overlay-type":"","overlay-color":"","overlay-opacity":"","overlay-gradient":""},"mobile":{"background-color":"","background-image":"","background-repeat":"repeat","background-position":"center center","background-size":"auto","background-attachment":"scroll","background-type":"","background-media":"","overlay-type":"","overlay-color":"","overlay-opacity":"","overlay-gradient":""}},"ast-content-background-meta":{"desktop":{"background-color":"var(--ast-global-color-5)","background-image":"","background-repeat":"repeat","background-position":"center center","background-size":"auto","background-attachment":"scroll","background-type":"","background-media":"","overlay-type":"","overlay-color":"","overlay-opacity":"","overlay-gradient":""},"tablet":{"background-color":"var(--ast-global-color-5)","background-image":"","background-repeat":"repeat","background-position":"center center","background-size":"auto","background-attachment":"scroll","background-type":"","background-media":"","overlay-type":"","overlay-color":"","overlay-opacity":"","overlay-gradient":""},"mobile":{"background-color":"var(--ast-global-color-5)","background-image":"","background-repeat":"repeat","background-position":"center center","background-size":"auto","background-attachment":"scroll","background-type":"","background-media":"","overlay-type":"","overlay-color":"","overlay-opacity":"","overlay-gradient":""}},"footnotes":""},"categories":[494,605,492,1,268],"tags":[295,610],"class_list":["post-15389","post","type-post","status-publish","format-standard","has-post-thumbnail","hentry","category-centres-erasmus-voi","category-ka120-alasvo","category-erasmus","category-general","category-jorn","tag-erasmus","tag-erasmus-alasvo"],"post_mailing_queue_ids":[],"_links":{"self":[{"href":"https:\/\/serveiseducatius.xtec.cat\/vallesoriental1\/wp-json\/wp\/v2\/posts\/15389","targetHints":{"allow":["GET"]}}],"collection":[{"href":"https:\/\/serveiseducatius.xtec.cat\/vallesoriental1\/wp-json\/wp\/v2\/posts"}],"about":[{"href":"https:\/\/serveiseducatius.xtec.cat\/vallesoriental1\/wp-json\/wp\/v2\/types\/post"}],"author":[{"embeddable":true,"href":"https:\/\/serveiseducatius.xtec.cat\/vallesoriental1\/wp-json\/wp\/v2\/users\/3"}],"replies":[{"embeddable":true,"href":"https:\/\/serveiseducatius.xtec.cat\/vallesoriental1\/wp-json\/wp\/v2\/comments?post=15389"}],"version-history":[{"count":3,"href":"https:\/\/serveiseducatius.xtec.cat\/vallesoriental1\/wp-json\/wp\/v2\/posts\/15389\/revisions"}],"predecessor-version":[{"id":15403,"href":"https:\/\/serveiseducatius.xtec.cat\/vallesoriental1\/wp-json\/wp\/v2\/posts\/15389\/revisions\/15403"}],"wp:featuredmedia":[{"embeddable":true,"href":"https:\/\/serveiseducatius.xtec.cat\/vallesoriental1\/wp-json\/wp\/v2\/media\/15390"}],"wp:attachment":[{"href":"https:\/\/serveiseducatius.xtec.cat\/vallesoriental1\/wp-json\/wp\/v2\/media?parent=15389"}],"wp:term":[{"taxonomy":"category","embeddable":true,"href":"https:\/\/serveiseducatius.xtec.cat\/vallesoriental1\/wp-json\/wp\/v2\/categories?post=15389"},{"taxonomy":"post_tag","embeddable":true,"href":"https:\/\/serveiseducatius.xtec.cat\/vallesoriental1\/wp-json\/wp\/v2\/tags?post=15389"}],"curies":[{"name":"wp","href":"https:\/\/api.w.org\/{rel}","templated":true}]}}