{"id":15287,"date":"2024-02-19T09:00:00","date_gmt":"2024-02-19T08:00:00","guid":{"rendered":"https:\/\/serveiseducatius.xtec.cat\/vallesoriental1\/?p=15287"},"modified":"2025-08-16T12:30:13","modified_gmt":"2025-08-16T10:30:13","slug":"mobilitat-de-curs-de-formacio-en-lideratge-i-gestio-pedagogica-a-estrasburg-franca","status":"publish","type":"post","link":"https:\/\/serveiseducatius.xtec.cat\/vallesoriental1\/general\/mobilitat-de-curs-de-formacio-en-lideratge-i-gestio-pedagogica-a-estrasburg-franca\/","title":{"rendered":"Mobilitat de Curs de Formaci\u00f3 en Lideratge i Gesti\u00f3 Pedag\u00f2gica a Estrasburg (Fran\u00e7a)"},"content":{"rendered":"\n<div class=\"wp-block-group is-layout-grid wp-container-core-group-is-layout-1 wp-block-group-is-layout-grid\">\n<figure class=\"wp-block-image size-large\"><a href=\"https:\/\/serveiseducatius.xtec.cat\/vallesoriental1\/wp-content\/uploads\/usu1135\/2025\/08\/LOGO-ERASMUS-co-funded-EN-24.png\"><img loading=\"lazy\" decoding=\"async\" width=\"1024\" height=\"223\" src=\"https:\/\/serveiseducatius.xtec.cat\/vallesoriental1\/wp-content\/uploads\/usu1135\/2025\/08\/LOGO-ERASMUS-co-funded-EN-24-1024x223.png\" alt=\"\" class=\"wp-image-15288\" srcset=\"https:\/\/serveiseducatius.xtec.cat\/vallesoriental1\/wp-content\/uploads\/usu1135\/2025\/08\/LOGO-ERASMUS-co-funded-EN-24-1024x223.png 1024w, https:\/\/serveiseducatius.xtec.cat\/vallesoriental1\/wp-content\/uploads\/usu1135\/2025\/08\/LOGO-ERASMUS-co-funded-EN-24-300x65.png 300w, https:\/\/serveiseducatius.xtec.cat\/vallesoriental1\/wp-content\/uploads\/usu1135\/2025\/08\/LOGO-ERASMUS-co-funded-EN-24-768x167.png 768w, https:\/\/serveiseducatius.xtec.cat\/vallesoriental1\/wp-content\/uploads\/usu1135\/2025\/08\/LOGO-ERASMUS-co-funded-EN-24-1536x335.png 1536w, https:\/\/serveiseducatius.xtec.cat\/vallesoriental1\/wp-content\/uploads\/usu1135\/2025\/08\/LOGO-ERASMUS-co-funded-EN-24.png 1720w\" sizes=\"auto, (max-width: 1024px) 100vw, 1024px\" \/><\/a><\/figure>\n\n\n\n<figure class=\"wp-block-image size-full\"><a href=\"https:\/\/serveiseducatius.xtec.cat\/vallesoriental1\/wp-content\/uploads\/usu1135\/2025\/08\/erasmus_centro-18.png\"><img loading=\"lazy\" decoding=\"async\" width=\"1000\" height=\"264\" src=\"https:\/\/serveiseducatius.xtec.cat\/vallesoriental1\/wp-content\/uploads\/usu1135\/2025\/08\/erasmus_centro-18.png\" alt=\"\" class=\"wp-image-15289\" srcset=\"https:\/\/serveiseducatius.xtec.cat\/vallesoriental1\/wp-content\/uploads\/usu1135\/2025\/08\/erasmus_centro-18.png 1000w, https:\/\/serveiseducatius.xtec.cat\/vallesoriental1\/wp-content\/uploads\/usu1135\/2025\/08\/erasmus_centro-18-300x79.png 300w, https:\/\/serveiseducatius.xtec.cat\/vallesoriental1\/wp-content\/uploads\/usu1135\/2025\/08\/erasmus_centro-18-768x203.png 768w\" sizes=\"auto, (max-width: 1000px) 100vw, 1000px\" \/><\/a><\/figure>\n<\/div>\n\n\n\n<p>El Pau Gaona de l&#8217;Escola Jacint Verdaguer juntament amb el Toni Santiago de l&#8217;Escola Pereanton han gaudit la setmana del 12 al 17 de febrer d&#8217;un curs estructurat en Lideratge i Gesti\u00f3 Pedag\u00f2gica dels centres a Estrasburg (Fran\u00e7a) en el marc del programa Erasmus+ ALASVO que coordina el CRP VOI.  El curs es va realitzar amb <a href=\"https:\/\/www.teacheracademy.eu\/course\/leadership-management-for-principals\/\">Europass Teacher Academy<\/a>, una organitzaci\u00f3 especialitzada en cursos de formaci\u00f3 de professors en diferents pa\u00efsos europeus.<\/p>\n\n\n\n<p>Es tracta d\u2019un curs orientat a la direcci\u00f3 educativa que pret\u00e9n dotar de recursos i aspectes clau per abordar envers aquesta tem\u00e0tica orientada a les escoles. Durant el curs es van tractar aspectes com la planificaci\u00f3 d\u2019objectius educatius, estils de lideratge educatiu, la gesti\u00f3 del temps, recursos per treballar en equip i potenciar les habilitats de tothom, com afrontar el conflicte, estrat\u00e8gies de gesti\u00f3 de reunions, capacitat d\u2019an\u00e0lisi d\u2019errades o mancances\u2026 Com veieu, el programa era molt complet. L\u2019entorn acompanyava molt, ja que el curs es feia a tocar del Parlament Europeu. A m\u00e9s a m\u00e9s dels aprenentatges propis del curs, van poder compartir pr\u00e0ctiques i maneres de fer amb els companys i companyes de la formaci\u00f3, direccions d\u2019altres pa\u00efsos com Alemanya, Portugal o Romania.<\/p>\n\n\n\n<p>Aqu\u00ed us deixem algunes de les eines que va proporcionar el curs: <\/p>\n\n\n\n<figure class=\"wp-block-image size-large\"><a href=\"https:\/\/serveiseducatius.xtec.cat\/vallesoriental1\/wp-content\/uploads\/usu1135\/2025\/08\/image-53.png\"><img loading=\"lazy\" decoding=\"async\" width=\"1024\" height=\"489\" src=\"https:\/\/serveiseducatius.xtec.cat\/vallesoriental1\/wp-content\/uploads\/usu1135\/2025\/08\/image-53-1024x489.png\" alt=\"\" class=\"wp-image-15290\" srcset=\"https:\/\/serveiseducatius.xtec.cat\/vallesoriental1\/wp-content\/uploads\/usu1135\/2025\/08\/image-53-1024x489.png 1024w, https:\/\/serveiseducatius.xtec.cat\/vallesoriental1\/wp-content\/uploads\/usu1135\/2025\/08\/image-53-300x143.png 300w, https:\/\/serveiseducatius.xtec.cat\/vallesoriental1\/wp-content\/uploads\/usu1135\/2025\/08\/image-53-768x367.png 768w, https:\/\/serveiseducatius.xtec.cat\/vallesoriental1\/wp-content\/uploads\/usu1135\/2025\/08\/image-53.png 1095w\" sizes=\"auto, (max-width: 1024px) 100vw, 1024px\" \/><\/a><\/figure>\n\n\n\n<figure class=\"wp-block-image size-full\"><a href=\"https:\/\/serveiseducatius.xtec.cat\/vallesoriental1\/wp-content\/uploads\/usu1135\/2025\/08\/image-54.png\"><img loading=\"lazy\" decoding=\"async\" width=\"943\" height=\"553\" src=\"https:\/\/serveiseducatius.xtec.cat\/vallesoriental1\/wp-content\/uploads\/usu1135\/2025\/08\/image-54.png\" alt=\"\" class=\"wp-image-15291\" srcset=\"https:\/\/serveiseducatius.xtec.cat\/vallesoriental1\/wp-content\/uploads\/usu1135\/2025\/08\/image-54.png 943w, https:\/\/serveiseducatius.xtec.cat\/vallesoriental1\/wp-content\/uploads\/usu1135\/2025\/08\/image-54-300x176.png 300w, https:\/\/serveiseducatius.xtec.cat\/vallesoriental1\/wp-content\/uploads\/usu1135\/2025\/08\/image-54-768x450.png 768w\" sizes=\"auto, (max-width: 943px) 100vw, 943px\" \/><\/a><\/figure>\n\n\n\n<p>I algunes imatges de la mobilitat: <\/p>\n\n\n\n<div class=\"wp-block-group is-layout-grid wp-container-core-group-is-layout-2 wp-block-group-is-layout-grid\">\n<figure class=\"wp-block-image size-full\"><a href=\"https:\/\/serveiseducatius.xtec.cat\/vallesoriental1\/wp-content\/uploads\/usu1135\/2025\/08\/IMG_9380b.jpg\"><img loading=\"lazy\" decoding=\"async\" width=\"480\" height=\"640\" src=\"https:\/\/serveiseducatius.xtec.cat\/vallesoriental1\/wp-content\/uploads\/usu1135\/2025\/08\/IMG_9380b.jpg\" alt=\"\" class=\"wp-image-15292\" srcset=\"https:\/\/serveiseducatius.xtec.cat\/vallesoriental1\/wp-content\/uploads\/usu1135\/2025\/08\/IMG_9380b.jpg 480w, https:\/\/serveiseducatius.xtec.cat\/vallesoriental1\/wp-content\/uploads\/usu1135\/2025\/08\/IMG_9380b-225x300.jpg 225w\" sizes=\"auto, (max-width: 480px) 100vw, 480px\" \/><\/a><\/figure>\n\n\n\n<figure class=\"wp-block-image size-full\"><a href=\"https:\/\/serveiseducatius.xtec.cat\/vallesoriental1\/wp-content\/uploads\/usu1135\/2025\/08\/foto1-1.jpg\"><img loading=\"lazy\" decoding=\"async\" width=\"697\" height=\"741\" src=\"https:\/\/serveiseducatius.xtec.cat\/vallesoriental1\/wp-content\/uploads\/usu1135\/2025\/08\/foto1-1.jpg\" alt=\"\" class=\"wp-image-15293\" srcset=\"https:\/\/serveiseducatius.xtec.cat\/vallesoriental1\/wp-content\/uploads\/usu1135\/2025\/08\/foto1-1.jpg 697w, https:\/\/serveiseducatius.xtec.cat\/vallesoriental1\/wp-content\/uploads\/usu1135\/2025\/08\/foto1-1-282x300.jpg 282w\" sizes=\"auto, (max-width: 697px) 100vw, 697px\" \/><\/a><\/figure>\n<\/div>\n\n\n\n<div class=\"wp-block-group is-layout-grid wp-container-core-group-is-layout-3 wp-block-group-is-layout-grid\">\n<figure class=\"wp-block-image size-full\"><a href=\"https:\/\/serveiseducatius.xtec.cat\/vallesoriental1\/wp-content\/uploads\/usu1135\/2025\/08\/IMG_9320b.jpg\"><img loading=\"lazy\" decoding=\"async\" width=\"640\" height=\"480\" src=\"https:\/\/serveiseducatius.xtec.cat\/vallesoriental1\/wp-content\/uploads\/usu1135\/2025\/08\/IMG_9320b.jpg\" alt=\"\" class=\"wp-image-15294\" srcset=\"https:\/\/serveiseducatius.xtec.cat\/vallesoriental1\/wp-content\/uploads\/usu1135\/2025\/08\/IMG_9320b.jpg 640w, https:\/\/serveiseducatius.xtec.cat\/vallesoriental1\/wp-content\/uploads\/usu1135\/2025\/08\/IMG_9320b-300x225.jpg 300w\" sizes=\"auto, (max-width: 640px) 100vw, 640px\" \/><\/a><\/figure>\n<\/div>\n","protected":false},"excerpt":{"rendered":"<p>El Pau Gaona de l&#8217;Escola Jacint Verdaguer juntament amb el Toni Santiago de l&#8217;Escola Pereanton han gaudit la setmana del [&hellip;]<\/p>\n","protected":false},"author":3,"featured_media":15293,"comment_status":"open","ping_status":"open","sticky":false,"template":"","format":"standard","meta":{"_bbp_topic_count":0,"_bbp_reply_count":0,"_bbp_total_topic_count":0,"_bbp_total_reply_count":0,"_bbp_voice_count":0,"_bbp_anonymous_reply_count":0,"_bbp_topic_count_hidden":0,"_bbp_reply_count_hidden":0,"_bbp_forum_subforum_count":0,"site-sidebar-layout":"default","site-content-layout":"","ast-site-content-layout":"default","site-content-style":"default","site-sidebar-style":"default","ast-global-header-display":"","ast-banner-title-visibility":"","ast-main-header-display":"","ast-hfb-above-header-display":"","ast-hfb-below-header-display":"","ast-hfb-mobile-header-display":"","site-post-title":"","ast-breadcrumbs-content":"","ast-featured-img":"","footer-sml-layout":"","theme-transparent-header-meta":"","adv-header-id-meta":"","stick-header-meta":"","header-above-stick-meta":"","header-main-stick-meta":"","header-below-stick-meta":"","astra-migrate-meta-layouts":"set","ast-page-background-enabled":"default","ast-page-background-meta":{"desktop":{"background-color":"var(--ast-global-color-4)","background-image":"","background-repeat":"repeat","background-position":"center center","background-size":"auto","background-attachment":"scroll","background-type":"","background-media":"","overlay-type":"","overlay-color":"","overlay-opacity":"","overlay-gradient":""},"tablet":{"background-color":"","background-image":"","background-repeat":"repeat","background-position":"center center","background-size":"auto","background-attachment":"scroll","background-type":"","background-media":"","overlay-type":"","overlay-color":"","overlay-opacity":"","overlay-gradient":""},"mobile":{"background-color":"","background-image":"","background-repeat":"repeat","background-position":"center center","background-size":"auto","background-attachment":"scroll","background-type":"","background-media":"","overlay-type":"","overlay-color":"","overlay-opacity":"","overlay-gradient":""}},"ast-content-background-meta":{"desktop":{"background-color":"var(--ast-global-color-5)","background-image":"","background-repeat":"repeat","background-position":"center center","background-size":"auto","background-attachment":"scroll","background-type":"","background-media":"","overlay-type":"","overlay-color":"","overlay-opacity":"","overlay-gradient":""},"tablet":{"background-color":"var(--ast-global-color-5)","background-image":"","background-repeat":"repeat","background-position":"center center","background-size":"auto","background-attachment":"scroll","background-type":"","background-media":"","overlay-type":"","overlay-color":"","overlay-opacity":"","overlay-gradient":""},"mobile":{"background-color":"var(--ast-global-color-5)","background-image":"","background-repeat":"repeat","background-position":"center center","background-size":"auto","background-attachment":"scroll","background-type":"","background-media":"","overlay-type":"","overlay-color":"","overlay-opacity":"","overlay-gradient":""}},"footnotes":""},"categories":[605,1,29],"tags":[610],"class_list":["post-15287","post","type-post","status-publish","format-standard","has-post-thumbnail","hentry","category-ka120-alasvo","category-general","category-portada","tag-erasmus-alasvo"],"post_mailing_queue_ids":[],"_links":{"self":[{"href":"https:\/\/serveiseducatius.xtec.cat\/vallesoriental1\/wp-json\/wp\/v2\/posts\/15287","targetHints":{"allow":["GET"]}}],"collection":[{"href":"https:\/\/serveiseducatius.xtec.cat\/vallesoriental1\/wp-json\/wp\/v2\/posts"}],"about":[{"href":"https:\/\/serveiseducatius.xtec.cat\/vallesoriental1\/wp-json\/wp\/v2\/types\/post"}],"author":[{"embeddable":true,"href":"https:\/\/serveiseducatius.xtec.cat\/vallesoriental1\/wp-json\/wp\/v2\/users\/3"}],"replies":[{"embeddable":true,"href":"https:\/\/serveiseducatius.xtec.cat\/vallesoriental1\/wp-json\/wp\/v2\/comments?post=15287"}],"version-history":[{"count":1,"href":"https:\/\/serveiseducatius.xtec.cat\/vallesoriental1\/wp-json\/wp\/v2\/posts\/15287\/revisions"}],"predecessor-version":[{"id":15295,"href":"https:\/\/serveiseducatius.xtec.cat\/vallesoriental1\/wp-json\/wp\/v2\/posts\/15287\/revisions\/15295"}],"wp:featuredmedia":[{"embeddable":true,"href":"https:\/\/serveiseducatius.xtec.cat\/vallesoriental1\/wp-json\/wp\/v2\/media\/15293"}],"wp:attachment":[{"href":"https:\/\/serveiseducatius.xtec.cat\/vallesoriental1\/wp-json\/wp\/v2\/media?parent=15287"}],"wp:term":[{"taxonomy":"category","embeddable":true,"href":"https:\/\/serveiseducatius.xtec.cat\/vallesoriental1\/wp-json\/wp\/v2\/categories?post=15287"},{"taxonomy":"post_tag","embeddable":true,"href":"https:\/\/serveiseducatius.xtec.cat\/vallesoriental1\/wp-json\/wp\/v2\/tags?post=15287"}],"curies":[{"name":"wp","href":"https:\/\/api.w.org\/{rel}","templated":true}]}}