{"id":14830,"date":"2025-02-28T09:47:57","date_gmt":"2025-02-28T08:47:57","guid":{"rendered":"https:\/\/serveiseducatius.xtec.cat\/vallesoriental1\/?p=14830"},"modified":"2025-02-28T09:48:27","modified_gmt":"2025-02-28T08:48:27","slug":"aula-sensible-al-trauma-formacio-per-a-latencio-educativa-de-lalumnat-adoptat-i-acollit","status":"publish","type":"post","link":"https:\/\/serveiseducatius.xtec.cat\/vallesoriental1\/general\/aula-sensible-al-trauma-formacio-per-a-latencio-educativa-de-lalumnat-adoptat-i-acollit\/","title":{"rendered":"Aula sensible al trauma: formaci\u00f3 per a l&#8217;atenci\u00f3 educativa de l&#8217;alumnat adoptat i acollit"},"content":{"rendered":"\n<p>En l&#8217;\u00e0mbit educatiu, cada alumne porta amb ell una hist\u00f2ria \u00fanica, i entendre aquestes hist\u00f2ries \u00e9s clau per garantir una educaci\u00f3 inclusiva i de qualitat. Per aquest motiu, s&#8217;ha dissenyat el curs &#8220;Aula sensible al trauma. Entendre i donar eines per respondre a les conductes i a les dificultats d&#8217;aprenentatge en alumnes adoptats\/acollits&#8221;, una formaci\u00f3 que pret\u00e9n proporcionar als i les docents les eines necess\u00e0ries per comprendre i atendre millor aquest alumnat. Aquesta formaci\u00f3 busca:<\/p>\n\n\n\n<ul class=\"wp-block-list\">\n<li>Aclarir conceptes clau relacionats amb l&#8217;adopci\u00f3, l&#8217;acolliment i el trauma relacional primerenc.<\/li>\n\n\n\n<li>Con\u00e8ixer les repercussions d&#8217;aquest tipus de trauma en el desenvolupament infantil i adolescent.<\/li>\n\n\n\n<li>Interpretar i comprendre les conductes de l&#8217;alumnat afectat des d&#8217;una nova perspectiva.<\/li>\n\n\n\n<li>Analitzar situacions reals i explorar estrat\u00e8gies d&#8217;actuaci\u00f3 en l&#8217;entorn escolar.<\/li>\n\n\n\n<li>Potenciar la col\u00b7laboraci\u00f3 entre fam\u00edlies i escoles per oferir una resposta m\u00e9s coordinada i efectiva.<\/li>\n<\/ul>\n\n\n\n<p>El curs, que es desenvolupar\u00e0 entre el 26 de mar\u00e7 i l&#8217;11 de juny de 2025 en format en l\u00ednia i amb sessions s\u00edncrones (reviseu el calendari a la fitxa d&#8217;activitat). S&#8217;estructura en cinc m\u00f2duls:<\/p>\n\n\n\n<ol class=\"wp-block-list\" start=\"1\">\n<li><strong>Conceptes b\u00e0sics:<\/strong> adopci\u00f3, acolliment, trauma relacional primerenc i les seves repercussions neurobiol\u00f2giques.<\/li>\n\n\n\n<li><strong>Conseq\u00fc\u00e8ncies del trauma relacional primerenc:<\/strong> dificultats neurocognitives, regulaci\u00f3 emocional i trastorns de vincle.<\/li>\n\n\n\n<li><strong>Impacte en l&#8217;escolaritzaci\u00f3:<\/strong> dificultats d&#8217;aprenentatge, relacions socials, desenvolupament de la identitat i estr\u00e8s cr\u00f2nic.<\/li>\n\n\n\n<li><strong>Estrat\u00e8gies d&#8217;intervenci\u00f3:<\/strong> canvi de mirada, acompanyament, regulaci\u00f3 emocional i plans d&#8217;acollida.<\/li>\n\n\n\n<li><strong>Col\u00b7laboraci\u00f3 fam\u00edlia-escola:<\/strong> treball en equip, coher\u00e8ncia educativa i atenci\u00f3 a la diversitat cultural i familiar.<\/li>\n<\/ol>\n\n\n\n<p>La metodologia combinar\u00e0 treball personal amb lectura i reflexi\u00f3, sessions interactives amb el formador\/a, estudi de casos i discussi\u00f3 de conclusions.<\/p>\n\n\n\n<p>El curs est\u00e0 dirigit a professionals de l&#8217;\u00e0mbit educatiu que desitgin aprofundir en la comprensi\u00f3 del trauma relacional primerenc i aprendre estrat\u00e8gies per millorar l&#8217;atenci\u00f3 i el benestar d&#8217;aquests alumnes en el context escolar. Les inscripcions estaran obertes fins al 7 de mar\u00e7. Per obtenir la certificaci\u00f3, caldr\u00e0 assistir a les sessions, completar les tasques encomanades i participar activament en les activitats proposades.<\/p>\n\n\n\n<p><a href=\"https:\/\/aplicacions.gestioeducativa.gencat.cat\/ords\/pls\/soloas\/pk_for_mod_ins.p_for_detall_activitat?p_codi=9009150512&amp;p_curs=2024-2025&amp;p_es_inscr=S\">Enlla\u00e7 a la inscripci\u00f3<\/a><\/p>\n\n\n\n<p><strong>M\u00e9s informaci\u00f3:<\/strong> <a>formsgei@xtec.cat<\/a><\/p>\n","protected":false},"excerpt":{"rendered":"<p>En l&#8217;\u00e0mbit educatiu, cada alumne porta amb ell una hist\u00f2ria \u00fanica, i entendre aquestes hist\u00f2ries \u00e9s clau per garantir una [&hellip;]<\/p>\n","protected":false},"author":3,"featured_media":14831,"comment_status":"open","ping_status":"open","sticky":false,"template":"","format":"standard","meta":{"_bbp_topic_count":0,"_bbp_reply_count":0,"_bbp_total_topic_count":0,"_bbp_total_reply_count":0,"_bbp_voice_count":0,"_bbp_anonymous_reply_count":0,"_bbp_topic_count_hidden":0,"_bbp_reply_count_hidden":0,"_bbp_forum_subforum_count":0,"site-sidebar-layout":"default","site-content-layout":"","ast-site-content-layout":"default","site-content-style":"default","site-sidebar-style":"default","ast-global-header-display":"","ast-banner-title-visibility":"","ast-main-header-display":"","ast-hfb-above-header-display":"","ast-hfb-below-header-display":"","ast-hfb-mobile-header-display":"","site-post-title":"","ast-breadcrumbs-content":"","ast-featured-img":"","footer-sml-layout":"","theme-transparent-header-meta":"","adv-header-id-meta":"","stick-header-meta":"","header-above-stick-meta":"","header-main-stick-meta":"","header-below-stick-meta":"","astra-migrate-meta-layouts":"set","ast-page-background-enabled":"default","ast-page-background-meta":{"desktop":{"background-color":"var(--ast-global-color-4)","background-image":"","background-repeat":"repeat","background-position":"center center","background-size":"auto","background-attachment":"scroll","background-type":"","background-media":"","overlay-type":"","overlay-color":"","overlay-opacity":"","overlay-gradient":""},"tablet":{"background-color":"","background-image":"","background-repeat":"repeat","background-position":"center center","background-size":"auto","background-attachment":"scroll","background-type":"","background-media":"","overlay-type":"","overlay-color":"","overlay-opacity":"","overlay-gradient":""},"mobile":{"background-color":"","background-image":"","background-repeat":"repeat","background-position":"center center","background-size":"auto","background-attachment":"scroll","background-type":"","background-media":"","overlay-type":"","overlay-color":"","overlay-opacity":"","overlay-gradient":""}},"ast-content-background-meta":{"desktop":{"background-color":"var(--ast-global-color-5)","background-image":"","background-repeat":"repeat","background-position":"center center","background-size":"auto","background-attachment":"scroll","background-type":"","background-media":"","overlay-type":"","overlay-color":"","overlay-opacity":"","overlay-gradient":""},"tablet":{"background-color":"var(--ast-global-color-5)","background-image":"","background-repeat":"repeat","background-position":"center center","background-size":"auto","background-attachment":"scroll","background-type":"","background-media":"","overlay-type":"","overlay-color":"","overlay-opacity":"","overlay-gradient":""},"mobile":{"background-color":"var(--ast-global-color-5)","background-image":"","background-repeat":"repeat","background-position":"center center","background-size":"auto","background-attachment":"scroll","background-type":"","background-media":"","overlay-type":"","overlay-color":"","overlay-opacity":"","overlay-gradient":""}},"footnotes":""},"categories":[469,1,29],"tags":[624,470,226],"class_list":["post-14830","post","type-post","status-publish","format-standard","has-post-thumbnail","hentry","category-eap","category-general","category-portada","tag-acollida","tag-eap","tag-formacio"],"post_mailing_queue_ids":[],"_links":{"self":[{"href":"https:\/\/serveiseducatius.xtec.cat\/vallesoriental1\/wp-json\/wp\/v2\/posts\/14830","targetHints":{"allow":["GET"]}}],"collection":[{"href":"https:\/\/serveiseducatius.xtec.cat\/vallesoriental1\/wp-json\/wp\/v2\/posts"}],"about":[{"href":"https:\/\/serveiseducatius.xtec.cat\/vallesoriental1\/wp-json\/wp\/v2\/types\/post"}],"author":[{"embeddable":true,"href":"https:\/\/serveiseducatius.xtec.cat\/vallesoriental1\/wp-json\/wp\/v2\/users\/3"}],"replies":[{"embeddable":true,"href":"https:\/\/serveiseducatius.xtec.cat\/vallesoriental1\/wp-json\/wp\/v2\/comments?post=14830"}],"version-history":[{"count":1,"href":"https:\/\/serveiseducatius.xtec.cat\/vallesoriental1\/wp-json\/wp\/v2\/posts\/14830\/revisions"}],"predecessor-version":[{"id":14832,"href":"https:\/\/serveiseducatius.xtec.cat\/vallesoriental1\/wp-json\/wp\/v2\/posts\/14830\/revisions\/14832"}],"wp:featuredmedia":[{"embeddable":true,"href":"https:\/\/serveiseducatius.xtec.cat\/vallesoriental1\/wp-json\/wp\/v2\/media\/14831"}],"wp:attachment":[{"href":"https:\/\/serveiseducatius.xtec.cat\/vallesoriental1\/wp-json\/wp\/v2\/media?parent=14830"}],"wp:term":[{"taxonomy":"category","embeddable":true,"href":"https:\/\/serveiseducatius.xtec.cat\/vallesoriental1\/wp-json\/wp\/v2\/categories?post=14830"},{"taxonomy":"post_tag","embeddable":true,"href":"https:\/\/serveiseducatius.xtec.cat\/vallesoriental1\/wp-json\/wp\/v2\/tags?post=14830"}],"curies":[{"name":"wp","href":"https:\/\/api.w.org\/{rel}","templated":true}]}}