{"id":13897,"date":"2023-06-15T08:07:32","date_gmt":"2023-06-15T06:07:32","guid":{"rendered":"https:\/\/serveiseducatius.xtec.cat\/vallesoriental1\/?p=13897"},"modified":"2025-08-14T10:55:00","modified_gmt":"2025-08-14T08:55:00","slug":"primera-mobilitat-alasvo-ka122-mobilitat-dalumnes","status":"publish","type":"post","link":"https:\/\/serveiseducatius.xtec.cat\/vallesoriental1\/general\/primera-mobilitat-alasvo-ka122-mobilitat-dalumnes\/","title":{"rendered":"Primera mobilitat d&#8217;alumnes amb el consorci ALASVO KA121 (22)"},"content":{"rendered":"<p>Aquest curs, els centres que formen part de l&#8217;Erasmus de consorci #ALASVO, hem dut a terme la nostra primera mobilitat d&#8217;alumnes. Dos infants de cada escola del consorci (Salvador Llobet, Ferrer i Gu\u00e0rdia, Pereanton, Els quatre vents, La Torreta, Mogent i Guerau de Liost) s\u00f3n a Amsterdam, a l&#8217;<a href=\"https:\/\/www.springhigh.nl\/home\">escola Spring High<\/a>, per compartir cinc dies d&#8217;activitat i d&#8217;intercanvi d&#8217;experi\u00e8ncies sobre gastronomia, art, cultura i esport. Aprofitant l&#8217;avinentesa, docents d&#8217;alguna de les escoles participants han tingut l&#8217;oportunitat de dur a terme un job shadowing amb els docents d&#8217;aquest centre.<\/p>\n<table style=\"border-collapse: collapse; width: 100%;\">\n<tbody>\n<tr>\n<td style=\"width: 50%;\"><img loading=\"lazy\" decoding=\"async\" class=\"aligncenter size-full wp-image-13903\" src=\"https:\/\/serveiseducatius.xtec.cat\/vallesoriental1\/wp-content\/uploads\/usu1135\/2023\/06\/IMG_20230613_121513.jpg\" alt=\"\" width=\"1143\" height=\"643\" srcset=\"https:\/\/serveiseducatius.xtec.cat\/vallesoriental1\/wp-content\/uploads\/usu1135\/2023\/06\/IMG_20230613_121513.jpg 1143w, https:\/\/serveiseducatius.xtec.cat\/vallesoriental1\/wp-content\/uploads\/usu1135\/2023\/06\/IMG_20230613_121513-300x169.jpg 300w, https:\/\/serveiseducatius.xtec.cat\/vallesoriental1\/wp-content\/uploads\/usu1135\/2023\/06\/IMG_20230613_121513-1024x576.jpg 1024w, https:\/\/serveiseducatius.xtec.cat\/vallesoriental1\/wp-content\/uploads\/usu1135\/2023\/06\/IMG_20230613_121513-768x432.jpg 768w\" sizes=\"auto, (max-width: 1143px) 100vw, 1143px\" \/><\/td>\n<td style=\"width: 50%;\"><img loading=\"lazy\" decoding=\"async\" class=\"aligncenter size-full wp-image-13900\" src=\"https:\/\/serveiseducatius.xtec.cat\/vallesoriental1\/wp-content\/uploads\/usu1135\/2023\/06\/IMG_20230613_111627.jpg\" alt=\"\" width=\"1143\" height=\"643\" srcset=\"https:\/\/serveiseducatius.xtec.cat\/vallesoriental1\/wp-content\/uploads\/usu1135\/2023\/06\/IMG_20230613_111627.jpg 1143w, https:\/\/serveiseducatius.xtec.cat\/vallesoriental1\/wp-content\/uploads\/usu1135\/2023\/06\/IMG_20230613_111627-300x169.jpg 300w, https:\/\/serveiseducatius.xtec.cat\/vallesoriental1\/wp-content\/uploads\/usu1135\/2023\/06\/IMG_20230613_111627-1024x576.jpg 1024w, https:\/\/serveiseducatius.xtec.cat\/vallesoriental1\/wp-content\/uploads\/usu1135\/2023\/06\/IMG_20230613_111627-768x432.jpg 768w\" sizes=\"auto, (max-width: 1143px) 100vw, 1143px\" \/><\/td>\n<\/tr>\n<\/tbody>\n<\/table>\n<p>Durant el primer dia d&#8217;estada, els infants han pogut con\u00e8ixer el funcionament d&#8217;Spring High, un centre singular dintre del sistema educatiu holand\u00e8s. En aquest centre hem pogut descobrir que el seu alumnat treballa en aules obertes, sense portes i amb poques parets; i aprofiten tots els racons del centre per fer treball individual o en grup. Tamb\u00e9 han descobert que els infants i joves es barregen per edat i que donen oportunitats a nois i noies que, en altres escoles, n&#8217;haurien tingut menys.<\/p>\n<table style=\"border-collapse: collapse; width: 100%;\">\n<tbody>\n<tr>\n<td style=\"width: 50%;\"><img loading=\"lazy\" decoding=\"async\" class=\"aligncenter size-full wp-image-13902\" src=\"https:\/\/serveiseducatius.xtec.cat\/vallesoriental1\/wp-content\/uploads\/usu1135\/2023\/06\/IMG_20230613_115809.jpg\" alt=\"\" width=\"1143\" height=\"643\" srcset=\"https:\/\/serveiseducatius.xtec.cat\/vallesoriental1\/wp-content\/uploads\/usu1135\/2023\/06\/IMG_20230613_115809.jpg 1143w, https:\/\/serveiseducatius.xtec.cat\/vallesoriental1\/wp-content\/uploads\/usu1135\/2023\/06\/IMG_20230613_115809-300x169.jpg 300w, https:\/\/serveiseducatius.xtec.cat\/vallesoriental1\/wp-content\/uploads\/usu1135\/2023\/06\/IMG_20230613_115809-1024x576.jpg 1024w, https:\/\/serveiseducatius.xtec.cat\/vallesoriental1\/wp-content\/uploads\/usu1135\/2023\/06\/IMG_20230613_115809-768x432.jpg 768w\" sizes=\"auto, (max-width: 1143px) 100vw, 1143px\" \/><\/td>\n<td style=\"width: 50%;\"><img loading=\"lazy\" decoding=\"async\" class=\"aligncenter size-full wp-image-13901\" src=\"https:\/\/serveiseducatius.xtec.cat\/vallesoriental1\/wp-content\/uploads\/usu1135\/2023\/06\/IMG_20230613_113847.jpg\" alt=\"\" width=\"1143\" height=\"643\" srcset=\"https:\/\/serveiseducatius.xtec.cat\/vallesoriental1\/wp-content\/uploads\/usu1135\/2023\/06\/IMG_20230613_113847.jpg 1143w, https:\/\/serveiseducatius.xtec.cat\/vallesoriental1\/wp-content\/uploads\/usu1135\/2023\/06\/IMG_20230613_113847-300x169.jpg 300w, https:\/\/serveiseducatius.xtec.cat\/vallesoriental1\/wp-content\/uploads\/usu1135\/2023\/06\/IMG_20230613_113847-1024x576.jpg 1024w, https:\/\/serveiseducatius.xtec.cat\/vallesoriental1\/wp-content\/uploads\/usu1135\/2023\/06\/IMG_20230613_113847-768x432.jpg 768w\" sizes=\"auto, (max-width: 1143px) 100vw, 1143px\" \/><\/td>\n<\/tr>\n<\/tbody>\n<\/table>\n<p>El sistema educatiu holand\u00e8s es basa en el nivell que un infant assoleix als dotze anys, i que estableix a quins estudis pots accedir. Tot i que es pot canviar l&#8217;itinerari m\u00e9s endavant, aquest canvi \u00e9s dif\u00edcil i requereix molts esfor\u00e7os. Aquest sistema reparteix l&#8217;alumnat en estudis m\u00e9s vocacionals o m\u00e9s encarats a la universitat.\u00a0 Aix\u00f2 no passa a Spring High, on l&#8217;alumnat que vol es pot preparar per als ex\u00e0mens un cop t\u00e9 setze anys. Aix\u00f2 fa que sigui un cas singular a Amsterdam, creant un centre semblant al nostre institut escola, amb grups flexibles en edat on tothom avan\u00e7a segons el seu nivell.<\/p>\n<p>En refer\u00e8ncia als espais, cada zona de treball d&#8217;Spring High est\u00e0 distribu\u00efda de la mateixa manera. Hi ha una zona on un docent realitza la seva classe magistral de la seva assignatura per a un grup d&#8217;alumnes. En una altra zona, un altre grup d&#8217;alumnes pot avan\u00e7ar en els seus projectes o estudiar altres mat\u00e8ries. Tamb\u00e9 hi ha una zona tancada per dur a terme tasques m\u00e9s concretes. A m\u00e9s a m\u00e9s, l&#8217;alumnat pot circular lliurement pels diferents espais comuns per treballar plegats o passar el seu temps lliure. Tamb\u00e9 s&#8217;utilitzen els espaix exteriors, com parcs, jardins i pistes esportives.<\/p>\n","protected":false},"excerpt":{"rendered":"<p>Aquest curs, els centres que formen part de l&#8217;Erasmus de consorci #ALASVO, hem dut a terme la nostra primera mobilitat [&hellip;]<\/p>\n","protected":false},"author":3,"featured_media":13903,"comment_status":"open","ping_status":"closed","sticky":false,"template":"","format":"standard","meta":{"_bbp_topic_count":0,"_bbp_reply_count":0,"_bbp_total_topic_count":0,"_bbp_total_reply_count":0,"_bbp_voice_count":0,"_bbp_anonymous_reply_count":0,"_bbp_topic_count_hidden":0,"_bbp_reply_count_hidden":0,"_bbp_forum_subforum_count":0,"site-sidebar-layout":"default","site-content-layout":"","ast-site-content-layout":"default","site-content-style":"default","site-sidebar-style":"default","ast-global-header-display":"","ast-banner-title-visibility":"","ast-main-header-display":"","ast-hfb-above-header-display":"","ast-hfb-below-header-display":"","ast-hfb-mobile-header-display":"","site-post-title":"","ast-breadcrumbs-content":"","ast-featured-img":"","footer-sml-layout":"","theme-transparent-header-meta":"","adv-header-id-meta":"","stick-header-meta":"","header-above-stick-meta":"","header-main-stick-meta":"","header-below-stick-meta":"","astra-migrate-meta-layouts":"set","ast-page-background-enabled":"default","ast-page-background-meta":{"desktop":{"background-color":"var(--ast-global-color-4)","background-image":"","background-repeat":"repeat","background-position":"center center","background-size":"auto","background-attachment":"scroll","background-type":"","background-media":"","overlay-type":"","overlay-color":"","overlay-opacity":"","overlay-gradient":""},"tablet":{"background-color":"","background-image":"","background-repeat":"repeat","background-position":"center center","background-size":"auto","background-attachment":"scroll","background-type":"","background-media":"","overlay-type":"","overlay-color":"","overlay-opacity":"","overlay-gradient":""},"mobile":{"background-color":"","background-image":"","background-repeat":"repeat","background-position":"center center","background-size":"auto","background-attachment":"scroll","background-type":"","background-media":"","overlay-type":"","overlay-color":"","overlay-opacity":"","overlay-gradient":""}},"ast-content-background-meta":{"desktop":{"background-color":"var(--ast-global-color-5)","background-image":"","background-repeat":"repeat","background-position":"center center","background-size":"auto","background-attachment":"scroll","background-type":"","background-media":"","overlay-type":"","overlay-color":"","overlay-opacity":"","overlay-gradient":""},"tablet":{"background-color":"var(--ast-global-color-5)","background-image":"","background-repeat":"repeat","background-position":"center center","background-size":"auto","background-attachment":"scroll","background-type":"","background-media":"","overlay-type":"","overlay-color":"","overlay-opacity":"","overlay-gradient":""},"mobile":{"background-color":"var(--ast-global-color-5)","background-image":"","background-repeat":"repeat","background-position":"center center","background-size":"auto","background-attachment":"scroll","background-type":"","background-media":"","overlay-type":"","overlay-color":"","overlay-opacity":"","overlay-gradient":""}},"footnotes":""},"categories":[605,492,1,29],"tags":[295,478,610],"class_list":["post-13897","post","type-post","status-publish","format-standard","has-post-thumbnail","hentry","category-ka120-alasvo","category-erasmus","category-general","category-portada","tag-erasmus","tag-erasmus-alas","tag-erasmus-alasvo"],"post_mailing_queue_ids":[],"_links":{"self":[{"href":"https:\/\/serveiseducatius.xtec.cat\/vallesoriental1\/wp-json\/wp\/v2\/posts\/13897","targetHints":{"allow":["GET"]}}],"collection":[{"href":"https:\/\/serveiseducatius.xtec.cat\/vallesoriental1\/wp-json\/wp\/v2\/posts"}],"about":[{"href":"https:\/\/serveiseducatius.xtec.cat\/vallesoriental1\/wp-json\/wp\/v2\/types\/post"}],"author":[{"embeddable":true,"href":"https:\/\/serveiseducatius.xtec.cat\/vallesoriental1\/wp-json\/wp\/v2\/users\/3"}],"replies":[{"embeddable":true,"href":"https:\/\/serveiseducatius.xtec.cat\/vallesoriental1\/wp-json\/wp\/v2\/comments?post=13897"}],"version-history":[{"count":4,"href":"https:\/\/serveiseducatius.xtec.cat\/vallesoriental1\/wp-json\/wp\/v2\/posts\/13897\/revisions"}],"predecessor-version":[{"id":15067,"href":"https:\/\/serveiseducatius.xtec.cat\/vallesoriental1\/wp-json\/wp\/v2\/posts\/13897\/revisions\/15067"}],"wp:featuredmedia":[{"embeddable":true,"href":"https:\/\/serveiseducatius.xtec.cat\/vallesoriental1\/wp-json\/wp\/v2\/media\/13903"}],"wp:attachment":[{"href":"https:\/\/serveiseducatius.xtec.cat\/vallesoriental1\/wp-json\/wp\/v2\/media?parent=13897"}],"wp:term":[{"taxonomy":"category","embeddable":true,"href":"https:\/\/serveiseducatius.xtec.cat\/vallesoriental1\/wp-json\/wp\/v2\/categories?post=13897"},{"taxonomy":"post_tag","embeddable":true,"href":"https:\/\/serveiseducatius.xtec.cat\/vallesoriental1\/wp-json\/wp\/v2\/tags?post=13897"}],"curies":[{"name":"wp","href":"https:\/\/api.w.org\/{rel}","templated":true}]}}