{"id":13839,"date":"2023-03-16T10:48:04","date_gmt":"2023-03-16T09:48:04","guid":{"rendered":"https:\/\/serveiseducatius.xtec.cat\/vallesoriental1\/?p=13839"},"modified":"2023-03-16T10:50:08","modified_gmt":"2023-03-16T09:50:08","slug":"iniciem-les-mobilitats-del-ka121-alasvo-a-les-acores-i-a-polonia","status":"publish","type":"post","link":"https:\/\/serveiseducatius.xtec.cat\/vallesoriental1\/general\/iniciem-les-mobilitats-del-ka121-alasvo-a-les-acores-i-a-polonia\/","title":{"rendered":"INICIEM LES MOBILITATS DEL PROJECTE ERAMUS+ KA121 ALASVO A LES A\u00c7ORES I A POL\u00d2NIA"},"content":{"rendered":"<p style=\"text-align: justify;\"><img loading=\"lazy\" decoding=\"async\" class=\"wp-image-13835 alignleft\" src=\"https:\/\/serveiseducatius.xtec.cat\/vallesoriental1\/wp-content\/uploads\/usu1135\/2023\/03\/logo-crp-voi.jpg\" alt=\"\" width=\"124\" height=\"124\" srcset=\"https:\/\/serveiseducatius.xtec.cat\/vallesoriental1\/wp-content\/uploads\/usu1135\/2023\/03\/logo-crp-voi.jpg 400w, https:\/\/serveiseducatius.xtec.cat\/vallesoriental1\/wp-content\/uploads\/usu1135\/2023\/03\/logo-crp-voi-300x300.jpg 300w, https:\/\/serveiseducatius.xtec.cat\/vallesoriental1\/wp-content\/uploads\/usu1135\/2023\/03\/logo-crp-voi-150x150.jpg 150w\" sizes=\"auto, (max-width: 124px) 100vw, 124px\" \/>Des del Centre de Recursos Vall\u00e8s Oriental I coordinem un projecte Erasmus+ de consorci anomenat <em>Active Leaders for Active Students in the Vall\u00e8s Oriental I<\/em> (KA121-ALASVO) amb set escoles de la zona: Pereanton, Salvador Llobet i Ferrer i Gu\u00e0rdia de Granollers, La Torreta i Mogent de La Roca del Vall\u00e8s, Els Quatre Vents de Canovelles i Guerau de Liost de Les Franqueses del Vall\u00e8s. Aquest projecte forma part de l&#8217;acreditaci\u00f3 Erasmus+ concedida al CRP VOI.<\/p>\n<p style=\"text-align: justify;\">La propera setmana iniciem les mobilitats d&#8217;aprenentatge per observaci\u00f3 (<em>job shadowing<\/em>) a dues escoles europees en el marc del programa Erasmus+ KA121 ALASVO. L&#8217;Anna Serrano de l&#8217;escola La Torreta de La Roca del Vall\u00e8s i la N\u00faria Altimires de l&#8217;escola Els Quatre Vents de Canovelles passaran una setmana a l&#8217;Escola Basica Integrada Francisco Ferreira Grummond de l&#8217;illa Terceira de les A\u00e7ores (Portugal). I la Roser Pi de l&#8217;escola Municipal Salvador Llobet i la Conxita Armengol de l&#8217;escola Pereanton, les dues escoles de Granollers, visitaran l&#8217;Szkola Podstawowa nr 11 im. Stefana Batorego a Inowroclaw de Pol\u00f2nia. Ser\u00e0 una setmana molt intensa per les nostres mestres on participaran i faran observaci\u00f3 de diferents classes de prim\u00e0ria i educaci\u00f3 infantil, aprendran sobre els diferents sistemes educatius i sobre l&#8217;organitzaci\u00f3 i gesti\u00f3 dels centres.<\/p>\n<table style=\"border-collapse: collapse; width: 100%; height: 301px;\">\n<tbody>\n<tr style=\"height: 237px;\">\n<td style=\"width: 50%; height: 237px;\"><img loading=\"lazy\" decoding=\"async\" class=\"aligncenter size-full wp-image-13840\" src=\"https:\/\/serveiseducatius.xtec.cat\/vallesoriental1\/wp-content\/uploads\/usu1135\/2023\/03\/acores.jpg\" alt=\"\" width=\"660\" height=\"371\" srcset=\"https:\/\/serveiseducatius.xtec.cat\/vallesoriental1\/wp-content\/uploads\/usu1135\/2023\/03\/acores.jpg 660w, https:\/\/serveiseducatius.xtec.cat\/vallesoriental1\/wp-content\/uploads\/usu1135\/2023\/03\/acores-300x169.jpg 300w\" sizes=\"auto, (max-width: 660px) 100vw, 660px\" \/><\/p>\n<p>Terceira Illa (A\u00e7ores)<\/td>\n<td style=\"width: 50%; height: 237px;\"><img loading=\"lazy\" decoding=\"async\" class=\"aligncenter size-full wp-image-13842\" src=\"https:\/\/serveiseducatius.xtec.cat\/vallesoriental1\/wp-content\/uploads\/usu1135\/2023\/03\/escola-portugal.png\" alt=\"\" width=\"879\" height=\"261\" srcset=\"https:\/\/serveiseducatius.xtec.cat\/vallesoriental1\/wp-content\/uploads\/usu1135\/2023\/03\/escola-portugal.png 879w, https:\/\/serveiseducatius.xtec.cat\/vallesoriental1\/wp-content\/uploads\/usu1135\/2023\/03\/escola-portugal-300x89.png 300w, https:\/\/serveiseducatius.xtec.cat\/vallesoriental1\/wp-content\/uploads\/usu1135\/2023\/03\/escola-portugal-768x228.png 768w\" sizes=\"auto, (max-width: 879px) 100vw, 879px\" \/><\/p>\n<p>Escola Basica Integrada Francisco Ferreira Grummond de l&#8217;illa Terceira de les A\u00e7ores (Portugal)<\/td>\n<\/tr>\n<tr style=\"height: 32px;\">\n<td style=\"width: 50%; height: 32px;\"><img loading=\"lazy\" decoding=\"async\" class=\"aligncenter size-full wp-image-13843\" src=\"https:\/\/serveiseducatius.xtec.cat\/vallesoriental1\/wp-content\/uploads\/usu1135\/2023\/03\/descarga.jpg\" alt=\"\" width=\"259\" height=\"194\" srcset=\"https:\/\/serveiseducatius.xtec.cat\/vallesoriental1\/wp-content\/uploads\/usu1135\/2023\/03\/descarga.jpg 259w, https:\/\/serveiseducatius.xtec.cat\/vallesoriental1\/wp-content\/uploads\/usu1135\/2023\/03\/descarga-200x150.jpg 200w\" sizes=\"auto, (max-width: 259px) 100vw, 259px\" \/><\/p>\n<p>Inowroclaw (Pol\u00f2nia)<\/td>\n<td style=\"width: 50%; height: 32px;\"><img loading=\"lazy\" decoding=\"async\" class=\"aligncenter wp-image-13841\" src=\"https:\/\/serveiseducatius.xtec.cat\/vallesoriental1\/wp-content\/uploads\/usu1135\/2023\/03\/escola-ino.png\" alt=\"\" width=\"281\" height=\"202\" srcset=\"https:\/\/serveiseducatius.xtec.cat\/vallesoriental1\/wp-content\/uploads\/usu1135\/2023\/03\/escola-ino.png 592w, https:\/\/serveiseducatius.xtec.cat\/vallesoriental1\/wp-content\/uploads\/usu1135\/2023\/03\/escola-ino-300x216.png 300w\" sizes=\"auto, (max-width: 281px) 100vw, 281px\" \/><\/p>\n<p>Szkola Podstawowa nr 11 im. Stefana Batorego a Inowroclaw<\/td>\n<\/tr>\n<\/tbody>\n<\/table>\n<p><img loading=\"lazy\" decoding=\"async\" class=\"aligncenter wp-image-13836\" src=\"https:\/\/serveiseducatius.xtec.cat\/vallesoriental1\/wp-content\/uploads\/usu1135\/2023\/03\/es_cofinanciado_por_la_union_europea_pos.png\" alt=\"\" width=\"477\" height=\"100\" srcset=\"https:\/\/serveiseducatius.xtec.cat\/vallesoriental1\/wp-content\/uploads\/usu1135\/2023\/03\/es_cofinanciado_por_la_union_europea_pos.png 8493w, https:\/\/serveiseducatius.xtec.cat\/vallesoriental1\/wp-content\/uploads\/usu1135\/2023\/03\/es_cofinanciado_por_la_union_europea_pos-300x63.png 300w, https:\/\/serveiseducatius.xtec.cat\/vallesoriental1\/wp-content\/uploads\/usu1135\/2023\/03\/es_cofinanciado_por_la_union_europea_pos-1024x215.png 1024w, https:\/\/serveiseducatius.xtec.cat\/vallesoriental1\/wp-content\/uploads\/usu1135\/2023\/03\/es_cofinanciado_por_la_union_europea_pos-768x161.png 768w, https:\/\/serveiseducatius.xtec.cat\/vallesoriental1\/wp-content\/uploads\/usu1135\/2023\/03\/es_cofinanciado_por_la_union_europea_pos-1536x322.png 1536w, https:\/\/serveiseducatius.xtec.cat\/vallesoriental1\/wp-content\/uploads\/usu1135\/2023\/03\/es_cofinanciado_por_la_union_europea_pos-2048x429.png 2048w\" sizes=\"auto, (max-width: 477px) 100vw, 477px\" \/><\/p>\n<p style=\"text-align: justify;\"><span style=\"color: #3366ff;\"><em>From the Resource Center Vall\u00e8s Oriental I we coordinate an Erasmus+ consortium project called Active Leaders for Active Students in the Vall\u00e8s Oriental I (KA121-ALASVO) with seven schools in the area: Pereanton, Salvador Llobet i Ferrer i Gu\u00e0rdia from Granollers, La Torreta i Mogent from La Roca del Vall\u00e8s, Els Quatre Vents from Canovelles and Guerau de Liost from Les Franqueses del Vall\u00e8s. This project is part of the Erasmus+ accreditation granted to CRP VOI.<\/em><\/span><\/p>\n<p style=\"text-align: justify;\"><span style=\"color: #3366ff;\"><em>Next week we start the job shadowing mobility to two European schools in the framework of the Erasmus+ KA121 ALASVO program. Anna Serrano from La Torreta school in La Roca del Vall\u00e8s and N\u00faria Altimires from Els Quatre Vents school in Canovelles will spend a week at the Escola Basica Integrada Francisco Ferreira Grummond in Terceira de les A\u00e7ores (Portugal). And Roser Pi from Salvador Llobet Municipal School and Conxita Armengol from Pereanton School, both schools from Granollers, will visit the Szkola Podstawowa nr. 11 im. Stefana Batorego in Inowroclaw, Poland. It will be a very intense week for our teachers where they will participate and observe different classes of primary and early childhood education, learn about the different educational systems and about the organization and management of the schools.<\/em><\/span><\/p>\n<p>&nbsp;<\/p>\n<p>&nbsp;<\/p>\n","protected":false},"excerpt":{"rendered":"<p>Des del Centre de Recursos Vall\u00e8s Oriental I coordinem un projecte Erasmus+ de consorci anomenat Active Leaders for Active Students [&hellip;]<\/p>\n","protected":false},"author":3,"featured_media":13845,"comment_status":"open","ping_status":"closed","sticky":false,"template":"","format":"standard","meta":{"_bbp_topic_count":0,"_bbp_reply_count":0,"_bbp_total_topic_count":0,"_bbp_total_reply_count":0,"_bbp_voice_count":0,"_bbp_anonymous_reply_count":0,"_bbp_topic_count_hidden":0,"_bbp_reply_count_hidden":0,"_bbp_forum_subforum_count":0,"site-sidebar-layout":"default","site-content-layout":"","ast-site-content-layout":"","site-content-style":"default","site-sidebar-style":"default","ast-global-header-display":"","ast-banner-title-visibility":"","ast-main-header-display":"","ast-hfb-above-header-display":"","ast-hfb-below-header-display":"","ast-hfb-mobile-header-display":"","site-post-title":"","ast-breadcrumbs-content":"","ast-featured-img":"","footer-sml-layout":"","theme-transparent-header-meta":"","adv-header-id-meta":"","stick-header-meta":"","header-above-stick-meta":"","header-main-stick-meta":"","header-below-stick-meta":"","astra-migrate-meta-layouts":"default","ast-page-background-enabled":"default","ast-page-background-meta":{"desktop":{"background-color":"var(--ast-global-color-4)","background-image":"","background-repeat":"repeat","background-position":"center center","background-size":"auto","background-attachment":"scroll","background-type":"","background-media":"","overlay-type":"","overlay-color":"","overlay-opacity":"","overlay-gradient":""},"tablet":{"background-color":"","background-image":"","background-repeat":"repeat","background-position":"center center","background-size":"auto","background-attachment":"scroll","background-type":"","background-media":"","overlay-type":"","overlay-color":"","overlay-opacity":"","overlay-gradient":""},"mobile":{"background-color":"","background-image":"","background-repeat":"repeat","background-position":"center center","background-size":"auto","background-attachment":"scroll","background-type":"","background-media":"","overlay-type":"","overlay-color":"","overlay-opacity":"","overlay-gradient":""}},"ast-content-background-meta":{"desktop":{"background-color":"var(--ast-global-color-5)","background-image":"","background-repeat":"repeat","background-position":"center center","background-size":"auto","background-attachment":"scroll","background-type":"","background-media":"","overlay-type":"","overlay-color":"","overlay-opacity":"","overlay-gradient":""},"tablet":{"background-color":"var(--ast-global-color-5)","background-image":"","background-repeat":"repeat","background-position":"center center","background-size":"auto","background-attachment":"scroll","background-type":"","background-media":"","overlay-type":"","overlay-color":"","overlay-opacity":"","overlay-gradient":""},"mobile":{"background-color":"var(--ast-global-color-5)","background-image":"","background-repeat":"repeat","background-position":"center center","background-size":"auto","background-attachment":"scroll","background-type":"","background-media":"","overlay-type":"","overlay-color":"","overlay-opacity":"","overlay-gradient":""}},"footnotes":""},"categories":[492,1,29],"tags":[295],"class_list":["post-13839","post","type-post","status-publish","format-standard","has-post-thumbnail","hentry","category-erasmus","category-general","category-portada","tag-erasmus"],"post_mailing_queue_ids":[],"_links":{"self":[{"href":"https:\/\/serveiseducatius.xtec.cat\/vallesoriental1\/wp-json\/wp\/v2\/posts\/13839","targetHints":{"allow":["GET"]}}],"collection":[{"href":"https:\/\/serveiseducatius.xtec.cat\/vallesoriental1\/wp-json\/wp\/v2\/posts"}],"about":[{"href":"https:\/\/serveiseducatius.xtec.cat\/vallesoriental1\/wp-json\/wp\/v2\/types\/post"}],"author":[{"embeddable":true,"href":"https:\/\/serveiseducatius.xtec.cat\/vallesoriental1\/wp-json\/wp\/v2\/users\/3"}],"replies":[{"embeddable":true,"href":"https:\/\/serveiseducatius.xtec.cat\/vallesoriental1\/wp-json\/wp\/v2\/comments?post=13839"}],"version-history":[{"count":3,"href":"https:\/\/serveiseducatius.xtec.cat\/vallesoriental1\/wp-json\/wp\/v2\/posts\/13839\/revisions"}],"predecessor-version":[{"id":13847,"href":"https:\/\/serveiseducatius.xtec.cat\/vallesoriental1\/wp-json\/wp\/v2\/posts\/13839\/revisions\/13847"}],"wp:featuredmedia":[{"embeddable":true,"href":"https:\/\/serveiseducatius.xtec.cat\/vallesoriental1\/wp-json\/wp\/v2\/media\/13845"}],"wp:attachment":[{"href":"https:\/\/serveiseducatius.xtec.cat\/vallesoriental1\/wp-json\/wp\/v2\/media?parent=13839"}],"wp:term":[{"taxonomy":"category","embeddable":true,"href":"https:\/\/serveiseducatius.xtec.cat\/vallesoriental1\/wp-json\/wp\/v2\/categories?post=13839"},{"taxonomy":"post_tag","embeddable":true,"href":"https:\/\/serveiseducatius.xtec.cat\/vallesoriental1\/wp-json\/wp\/v2\/tags?post=13839"}],"curies":[{"name":"wp","href":"https:\/\/api.w.org\/{rel}","templated":true}]}}