{"id":12825,"date":"2021-07-03T10:00:20","date_gmt":"2021-07-03T08:00:20","guid":{"rendered":"http:\/\/serveiseducatius.xtec.cat\/vallesoriental1\/?p=12825"},"modified":"2021-07-02T14:07:56","modified_gmt":"2021-07-02T12:07:56","slug":"erasmus-alas-iniciem-la-mobilitat-a-joensuu-finlandia","status":"publish","type":"post","link":"https:\/\/serveiseducatius.xtec.cat\/vallesoriental1\/general\/erasmus-alas-iniciem-la-mobilitat-a-joensuu-finlandia\/","title":{"rendered":"ERASMUS+ ALAS: Iniciem la mobilitat a Joensuu (Finl\u00e0ndia)"},"content":{"rendered":"<p align=\"justify\"><a href=\"https:\/\/serveiseducatius.xtec.cat\/vallesoriental1\/wp-content\/uploads\/usu1135\/2021\/07\/unnamed.png\"><img loading=\"lazy\" decoding=\"async\" class=\"aligncenter size-medium wp-image-12790\" src=\"https:\/\/serveiseducatius.xtec.cat\/vallesoriental1\/wp-content\/uploads\/usu1135\/2021\/07\/unnamed-300x66.png\" alt=\"\" width=\"300\" height=\"66\" srcset=\"https:\/\/serveiseducatius.xtec.cat\/vallesoriental1\/wp-content\/uploads\/usu1135\/2021\/07\/unnamed-300x66.png 300w, https:\/\/serveiseducatius.xtec.cat\/vallesoriental1\/wp-content\/uploads\/usu1135\/2021\/07\/unnamed.png 512w\" sizes=\"auto, (max-width: 300px) 100vw, 300px\" \/><\/a><\/p>\n<p style=\"text-align: justify;\" align=\"justify\"><span style=\"font-family: inherit;\"><span style=\"font-size: medium;\"><span style=\"color: #444444;\">El proper dilluns 5 juliol la Laia Tarrida de l\u2019ESC Els Quatre Vents de Canovelles i l&#8217;Alba Pag\u00e8s de l\u2019ESC Guerau de Liost de les Franqueses del Vall\u00e8s marxen a Joensuu (Finl\u00e0ndia) per participar en un curs de formaci\u00f3 sobre \u201cPISA i el sistema educatiu finland\u00e8s\u201d que organitza l\u2019empresa eduKarjala.<\/span><\/span><\/span><\/p>\n<p style=\"text-align: justify;\" align=\"justify\"><span style=\"font-family: inherit;\"><span style=\"font-size: medium;\"><span style=\"color: #444444;\">Aquesta mobilitat forma part del projecte Erasmus+ ALAS de consorci que engloba a quatre escoles de la zona i que est\u00e0 coordinat pel CRP Vall\u00e8s Oriental I. Durant una setmana tamb\u00e9 compartiran l\u2019experi\u00e8ncia educativa amb altres centres escolars d\u2019Europa i a la tornada seran el torn per explicar tot el que hagin apr\u00e8s i implementar processos de millora en els centres educatius. Us desitgem molt bon viatge!<\/span><\/span><\/span><\/p>\n<p style=\"text-align: justify;\"><em><span style=\"color: #0000ff;\">Next Monday 5th July Laia Tarrida from ESC Els Quatre Vents de Canovelles and Alba Pag\u00e8s from ESC Guerau de Liost de les Franqueses del Vall\u00e8s will go to Joensuu (Finland) to participate in a training course on &#8220;PISA and the Finnish education system&#8221; organized by the company eduKarjala. This mobility is part of the Erasmus+ ALAS project of the consortium that includes four schools in the area and is coordinated by CRP Vall\u00e8s Oriental I. During one week they will also share the educational experience with other schools in Europe and on their return they will be able to explain everything they have learned and implement improvement processes in their schools. We wish you a very nice trip!<\/span><\/em><\/p>\n<p>Us compartim aquest v\u00eddeo:\u00a0<a href=\"https:\/\/youtu.be\/3BHC3jH3MNQ\">https:\/\/youtu.be\/3BHC3jH3MNQ<\/a><\/p>\n<p><a href=\"https:\/\/serveiseducatius.xtec.cat\/vallesoriental1\/wp-content\/uploads\/usu1135\/2021\/07\/FOTO-KALATAMA-teachers.jpg\"><img loading=\"lazy\" decoding=\"async\" class=\"aligncenter wp-image-12817\" src=\"https:\/\/serveiseducatius.xtec.cat\/vallesoriental1\/wp-content\/uploads\/usu1135\/2021\/07\/FOTO-KALATAMA-teachers-300x169.jpg\" alt=\"\" width=\"438\" height=\"247\" srcset=\"https:\/\/serveiseducatius.xtec.cat\/vallesoriental1\/wp-content\/uploads\/usu1135\/2021\/07\/FOTO-KALATAMA-teachers-300x169.jpg 300w, https:\/\/serveiseducatius.xtec.cat\/vallesoriental1\/wp-content\/uploads\/usu1135\/2021\/07\/FOTO-KALATAMA-teachers.jpg 500w\" sizes=\"auto, (max-width: 438px) 100vw, 438px\" \/><\/a><\/p>\n<p><a href=\"https:\/\/serveiseducatius.xtec.cat\/vallesoriental1\/wp-content\/uploads\/usu1135\/2021\/07\/La-Torreta-3.png\"><img loading=\"lazy\" decoding=\"async\" class=\"aligncenter wp-image-12791\" src=\"https:\/\/serveiseducatius.xtec.cat\/vallesoriental1\/wp-content\/uploads\/usu1135\/2021\/07\/La-Torreta-3-275x300.png\" alt=\"\" width=\"87\" height=\"95\" srcset=\"https:\/\/serveiseducatius.xtec.cat\/vallesoriental1\/wp-content\/uploads\/usu1135\/2021\/07\/La-Torreta-3-275x300.png 275w, https:\/\/serveiseducatius.xtec.cat\/vallesoriental1\/wp-content\/uploads\/usu1135\/2021\/07\/La-Torreta-3.png 300w\" sizes=\"auto, (max-width: 87px) 100vw, 87px\" \/><\/a><\/p>\n","protected":false},"excerpt":{"rendered":"<p>El proper dilluns 5 juliol la Laia Tarrida de l\u2019ESC Els Quatre Vents de Canovelles i l&#8217;Alba Pag\u00e8s de l\u2019ESC [&hellip;]<\/p>\n","protected":false},"author":3,"featured_media":12840,"comment_status":"open","ping_status":"closed","sticky":false,"template":"","format":"standard","meta":{"_bbp_topic_count":0,"_bbp_reply_count":0,"_bbp_total_topic_count":0,"_bbp_total_reply_count":0,"_bbp_voice_count":0,"_bbp_anonymous_reply_count":0,"_bbp_topic_count_hidden":0,"_bbp_reply_count_hidden":0,"_bbp_forum_subforum_count":0,"site-sidebar-layout":"default","site-content-layout":"","ast-site-content-layout":"","site-content-style":"default","site-sidebar-style":"default","ast-global-header-display":"","ast-banner-title-visibility":"","ast-main-header-display":"","ast-hfb-above-header-display":"","ast-hfb-below-header-display":"","ast-hfb-mobile-header-display":"","site-post-title":"","ast-breadcrumbs-content":"","ast-featured-img":"","footer-sml-layout":"","theme-transparent-header-meta":"","adv-header-id-meta":"","stick-header-meta":"","header-above-stick-meta":"","header-main-stick-meta":"","header-below-stick-meta":"","astra-migrate-meta-layouts":"default","ast-page-background-enabled":"default","ast-page-background-meta":{"desktop":{"background-color":"var(--ast-global-color-4)","background-image":"","background-repeat":"repeat","background-position":"center center","background-size":"auto","background-attachment":"scroll","background-type":"","background-media":"","overlay-type":"","overlay-color":"","overlay-opacity":"","overlay-gradient":""},"tablet":{"background-color":"","background-image":"","background-repeat":"repeat","background-position":"center center","background-size":"auto","background-attachment":"scroll","background-type":"","background-media":"","overlay-type":"","overlay-color":"","overlay-opacity":"","overlay-gradient":""},"mobile":{"background-color":"","background-image":"","background-repeat":"repeat","background-position":"center center","background-size":"auto","background-attachment":"scroll","background-type":"","background-media":"","overlay-type":"","overlay-color":"","overlay-opacity":"","overlay-gradient":""}},"ast-content-background-meta":{"desktop":{"background-color":"var(--ast-global-color-5)","background-image":"","background-repeat":"repeat","background-position":"center center","background-size":"auto","background-attachment":"scroll","background-type":"","background-media":"","overlay-type":"","overlay-color":"","overlay-opacity":"","overlay-gradient":""},"tablet":{"background-color":"var(--ast-global-color-5)","background-image":"","background-repeat":"repeat","background-position":"center center","background-size":"auto","background-attachment":"scroll","background-type":"","background-media":"","overlay-type":"","overlay-color":"","overlay-opacity":"","overlay-gradient":""},"mobile":{"background-color":"var(--ast-global-color-5)","background-image":"","background-repeat":"repeat","background-position":"center center","background-size":"auto","background-attachment":"scroll","background-type":"","background-media":"","overlay-type":"","overlay-color":"","overlay-opacity":"","overlay-gradient":""}},"footnotes":""},"categories":[492,1,493,29],"tags":[478],"class_list":["post-12825","post","type-post","status-publish","format-standard","has-post-thumbnail","hentry","category-erasmus","category-general","category-ka101-20-21-alas","category-portada","tag-erasmus-alas"],"post_mailing_queue_ids":[],"_links":{"self":[{"href":"https:\/\/serveiseducatius.xtec.cat\/vallesoriental1\/wp-json\/wp\/v2\/posts\/12825","targetHints":{"allow":["GET"]}}],"collection":[{"href":"https:\/\/serveiseducatius.xtec.cat\/vallesoriental1\/wp-json\/wp\/v2\/posts"}],"about":[{"href":"https:\/\/serveiseducatius.xtec.cat\/vallesoriental1\/wp-json\/wp\/v2\/types\/post"}],"author":[{"embeddable":true,"href":"https:\/\/serveiseducatius.xtec.cat\/vallesoriental1\/wp-json\/wp\/v2\/users\/3"}],"replies":[{"embeddable":true,"href":"https:\/\/serveiseducatius.xtec.cat\/vallesoriental1\/wp-json\/wp\/v2\/comments?post=12825"}],"version-history":[{"count":3,"href":"https:\/\/serveiseducatius.xtec.cat\/vallesoriental1\/wp-json\/wp\/v2\/posts\/12825\/revisions"}],"predecessor-version":[{"id":12839,"href":"https:\/\/serveiseducatius.xtec.cat\/vallesoriental1\/wp-json\/wp\/v2\/posts\/12825\/revisions\/12839"}],"wp:featuredmedia":[{"embeddable":true,"href":"https:\/\/serveiseducatius.xtec.cat\/vallesoriental1\/wp-json\/wp\/v2\/media\/12840"}],"wp:attachment":[{"href":"https:\/\/serveiseducatius.xtec.cat\/vallesoriental1\/wp-json\/wp\/v2\/media?parent=12825"}],"wp:term":[{"taxonomy":"category","embeddable":true,"href":"https:\/\/serveiseducatius.xtec.cat\/vallesoriental1\/wp-json\/wp\/v2\/categories?post=12825"},{"taxonomy":"post_tag","embeddable":true,"href":"https:\/\/serveiseducatius.xtec.cat\/vallesoriental1\/wp-json\/wp\/v2\/tags?post=12825"}],"curies":[{"name":"wp","href":"https:\/\/api.w.org\/{rel}","templated":true}]}}