{"id":12675,"date":"2021-05-12T13:17:53","date_gmt":"2021-05-12T11:17:53","guid":{"rendered":"http:\/\/serveiseducatius.xtec.cat\/vallesoriental1\/?p=12675"},"modified":"2021-05-12T13:18:28","modified_gmt":"2021-05-12T11:18:28","slug":"9a-edicio-del-premi-escola-agricultura-i-alimentacio-ecologica","status":"publish","type":"post","link":"https:\/\/serveiseducatius.xtec.cat\/vallesoriental1\/dinamitzacio\/escoles-verdes\/9a-edicio-del-premi-escola-agricultura-i-alimentacio-ecologica\/","title":{"rendered":"9a Edici\u00f3 del Premi Escola, Agricultura i Alimentaci\u00f3 ecol\u00f2gica"},"content":{"rendered":"<p style=\"font-family: 'Helvetica Neue', Helvetica, Helvetica, Arial, sans-serif; font-size: 16px;\"><img loading=\"lazy\" decoding=\"async\" class=\"aligncenter wp-image-12677\" src=\"https:\/\/serveiseducatius.xtec.cat\/vallesoriental1\/wp-content\/uploads\/usu1135\/2021\/05\/premiescola-300x88.png\" alt=\"\" width=\"529\" height=\"155\" srcset=\"https:\/\/serveiseducatius.xtec.cat\/vallesoriental1\/wp-content\/uploads\/usu1135\/2021\/05\/premiescola-300x88.png 300w, https:\/\/serveiseducatius.xtec.cat\/vallesoriental1\/wp-content\/uploads\/usu1135\/2021\/05\/premiescola-768x226.png 768w, https:\/\/serveiseducatius.xtec.cat\/vallesoriental1\/wp-content\/uploads\/usu1135\/2021\/05\/premiescola-1024x301.png 1024w, https:\/\/serveiseducatius.xtec.cat\/vallesoriental1\/wp-content\/uploads\/usu1135\/2021\/05\/premiescola.png 1036w\" sizes=\"auto, (max-width: 529px) 100vw, 529px\" \/><\/p>\n<p>&nbsp;<\/p>\n<p>A partir de l&#8217;1 de juny i fins al 15 de juliol es poden presentar iniciatives i projectes relacionats amb la producci\u00f3 i l&#8217;alimentaci\u00f3 ecol\u00f2giques impulsats per qualsevol centre educatiu, empresa o entitat d&#8217;educaci\u00f3 ambiental.<\/p>\n<p>Es tracta d\u2019un premi creat per la Generalitat de Catalunya (Departaments d\u2019Agricultura, Ramaderia, Pesca i Alimentaci\u00f3, Educaci\u00f3 i Territori i Sostenibilitat) i l\u2019Associaci\u00f3 Vida Sana.<\/p>\n<p>L\u2019objectiu del\u00a0<strong>Premi Escola, Agricultura i Alimentaci\u00f3 Ecol\u00f2gica<\/strong> \u00e9s el de recon\u00e8ixer i incentivar la realitzaci\u00f3 de projectes i l\u00ednies de treball dels centres educatius de Catalunya destinats a promoure el coneixement de l\u2019agricultura, la ramaderia i l\u2019alimentaci\u00f3 ecol\u00f2giques i especialment dels seus valors socials, econ\u00f2mics i ambientals, tant entre el mateix alumnat del centre com tamb\u00e9 cap al conjunt de la comunitat educativa i el seu entorn, en concordan\u00e7a amb els <strong>Objectius de Desenvolupament Sostenible<\/strong>.<\/p>\n<p style=\"text-align: center;\"><a href=\"https:\/\/setmanabio.cat\/premi-escola\/\">https:\/\/setmanabio.cat\/premi-escola\/<\/a><\/p>\n<p>&nbsp;<\/p>\n","protected":false},"excerpt":{"rendered":"<p>&nbsp; A partir de l&#8217;1 de juny i fins al 15 de juliol es poden presentar iniciatives i projectes relacionats [&hellip;]<\/p>\n","protected":false},"author":3,"featured_media":12677,"comment_status":"open","ping_status":"closed","sticky":false,"template":"","format":"standard","meta":{"_bbp_topic_count":0,"_bbp_reply_count":0,"_bbp_total_topic_count":0,"_bbp_total_reply_count":0,"_bbp_voice_count":0,"_bbp_anonymous_reply_count":0,"_bbp_topic_count_hidden":0,"_bbp_reply_count_hidden":0,"_bbp_forum_subforum_count":0,"site-sidebar-layout":"default","site-content-layout":"","ast-site-content-layout":"","site-content-style":"default","site-sidebar-style":"default","ast-global-header-display":"","ast-banner-title-visibility":"","ast-main-header-display":"","ast-hfb-above-header-display":"","ast-hfb-below-header-display":"","ast-hfb-mobile-header-display":"","site-post-title":"","ast-breadcrumbs-content":"","ast-featured-img":"","footer-sml-layout":"","theme-transparent-header-meta":"","adv-header-id-meta":"","stick-header-meta":"","header-above-stick-meta":"","header-main-stick-meta":"","header-below-stick-meta":"","astra-migrate-meta-layouts":"default","ast-page-background-enabled":"default","ast-page-background-meta":{"desktop":{"background-color":"var(--ast-global-color-4)","background-image":"","background-repeat":"repeat","background-position":"center center","background-size":"auto","background-attachment":"scroll","background-type":"","background-media":"","overlay-type":"","overlay-color":"","overlay-opacity":"","overlay-gradient":""},"tablet":{"background-color":"","background-image":"","background-repeat":"repeat","background-position":"center center","background-size":"auto","background-attachment":"scroll","background-type":"","background-media":"","overlay-type":"","overlay-color":"","overlay-opacity":"","overlay-gradient":""},"mobile":{"background-color":"","background-image":"","background-repeat":"repeat","background-position":"center center","background-size":"auto","background-attachment":"scroll","background-type":"","background-media":"","overlay-type":"","overlay-color":"","overlay-opacity":"","overlay-gradient":""}},"ast-content-background-meta":{"desktop":{"background-color":"var(--ast-global-color-5)","background-image":"","background-repeat":"repeat","background-position":"center center","background-size":"auto","background-attachment":"scroll","background-type":"","background-media":"","overlay-type":"","overlay-color":"","overlay-opacity":"","overlay-gradient":""},"tablet":{"background-color":"var(--ast-global-color-5)","background-image":"","background-repeat":"repeat","background-position":"center center","background-size":"auto","background-attachment":"scroll","background-type":"","background-media":"","overlay-type":"","overlay-color":"","overlay-opacity":"","overlay-gradient":""},"mobile":{"background-color":"var(--ast-global-color-5)","background-image":"","background-repeat":"repeat","background-position":"center center","background-size":"auto","background-attachment":"scroll","background-type":"","background-media":"","overlay-type":"","overlay-color":"","overlay-opacity":"","overlay-gradient":""}},"footnotes":""},"categories":[263],"tags":[481,341,523],"class_list":["post-12675","post","type-post","status-publish","format-standard","has-post-thumbnail","hentry","category-escoles-verdes","tag-concursos","tag-escoles-verdes","tag-premis"],"post_mailing_queue_ids":[],"_links":{"self":[{"href":"https:\/\/serveiseducatius.xtec.cat\/vallesoriental1\/wp-json\/wp\/v2\/posts\/12675","targetHints":{"allow":["GET"]}}],"collection":[{"href":"https:\/\/serveiseducatius.xtec.cat\/vallesoriental1\/wp-json\/wp\/v2\/posts"}],"about":[{"href":"https:\/\/serveiseducatius.xtec.cat\/vallesoriental1\/wp-json\/wp\/v2\/types\/post"}],"author":[{"embeddable":true,"href":"https:\/\/serveiseducatius.xtec.cat\/vallesoriental1\/wp-json\/wp\/v2\/users\/3"}],"replies":[{"embeddable":true,"href":"https:\/\/serveiseducatius.xtec.cat\/vallesoriental1\/wp-json\/wp\/v2\/comments?post=12675"}],"version-history":[{"count":3,"href":"https:\/\/serveiseducatius.xtec.cat\/vallesoriental1\/wp-json\/wp\/v2\/posts\/12675\/revisions"}],"predecessor-version":[{"id":12681,"href":"https:\/\/serveiseducatius.xtec.cat\/vallesoriental1\/wp-json\/wp\/v2\/posts\/12675\/revisions\/12681"}],"wp:featuredmedia":[{"embeddable":true,"href":"https:\/\/serveiseducatius.xtec.cat\/vallesoriental1\/wp-json\/wp\/v2\/media\/12677"}],"wp:attachment":[{"href":"https:\/\/serveiseducatius.xtec.cat\/vallesoriental1\/wp-json\/wp\/v2\/media?parent=12675"}],"wp:term":[{"taxonomy":"category","embeddable":true,"href":"https:\/\/serveiseducatius.xtec.cat\/vallesoriental1\/wp-json\/wp\/v2\/categories?post=12675"},{"taxonomy":"post_tag","embeddable":true,"href":"https:\/\/serveiseducatius.xtec.cat\/vallesoriental1\/wp-json\/wp\/v2\/tags?post=12675"}],"curies":[{"name":"wp","href":"https:\/\/api.w.org\/{rel}","templated":true}]}}