{"id":12545,"date":"2021-04-13T09:47:44","date_gmt":"2021-04-13T07:47:44","guid":{"rendered":"http:\/\/serveiseducatius.xtec.cat\/vallesoriental1\/?p=12545"},"modified":"2021-04-08T09:53:25","modified_gmt":"2021-04-08T07:53:25","slug":"projecte-families-digitals","status":"publish","type":"post","link":"https:\/\/serveiseducatius.xtec.cat\/vallesoriental1\/general\/projecte-families-digitals\/","title":{"rendered":"Projecte Fam\u00edlies digitals"},"content":{"rendered":"<p><iframe loading=\"lazy\" src=\"https:\/\/www.youtube-nocookie.com\/embed\/jpQoGdX4hWE\" width=\"560\" height=\"315\" frameborder=\"0\" data-mce-fragment=\"1\"><\/iframe><\/p>\n<p>En el marc del\u00a0<a href=\"http:\/\/educacio.gencat.cat\/web\/.content\/home\/departament\/publicacions\/monografies\/pla-educacio-digital\/acceleracio-digital.pdf\" target=\"_blank\" rel=\"noopener noreferrer\">Pla d\u2019educaci\u00f3 digital de Catalunya<\/a>\u00a0i el\u00a0<a href=\"http:\/\/educacio.gencat.cat\/ca\/departament\/linies-estrategiques\/pla-millora-oportunitats-educatives\/\" target=\"_blank\" rel=\"noopener noreferrer\">Pla de millora d\u2019oportunitats educatives<\/a>, presentem el\u00a0<a href=\"https:\/\/projectes.xtec.cat\/families-digitals\/\" target=\"_blank\" rel=\"noopener noreferrer\"><strong>Projecte Fam\u00edlies digitals<\/strong><\/a>\u00a0per acompanyar les fam\u00edlies en l\u2019educaci\u00f3 digital dels seus fills i filles i fer front a la bretxa digital, un treball conjunt de la Direcci\u00f3 General d\u2019Innovaci\u00f3, Recerca i Cultura Digital, i la Direcci\u00f3 General d\u2019Atenci\u00f3 a la Fam\u00edlia i Comunitat Educativa del Departament d\u2019Educaci\u00f3 de la Generalitat de Catalunya.<\/p>\n<p>Els objectius del projecte de fam\u00edlies digitals s\u00f3n:<\/p>\n<ul>\n<li>Assessorar i capacitar digitalment a les fam\u00edlies.<\/li>\n<li>Millorar la comunicaci\u00f3 i participaci\u00f3 digital de la comunitat educativa.<\/li>\n<li>Reduir la bretxa digital.<\/li>\n<\/ul>\n<p>Els primers recursos facilitats s\u00f3n un recull de\u00a0<a href=\"https:\/\/projectes.xtec.cat\/families-digitals\/linies-dactuacio\/assessorar-i-capacitar-digitalment-a-les-families\/videos-formatius\/\" target=\"_blank\" rel=\"noopener noreferrer\">36 v\u00eddeos formatius<\/a>\u00a0en les seg\u00fcents lleng\u00fces: catal\u00e0, \u00e0rab, urd\u00fa, xin\u00e8s mandar\u00ed, roman\u00e8s, panjab\u00ed, portugu\u00e8s, amazic, angl\u00e8s, soninke, castell\u00e0, franc\u00e8s i itali\u00e0.<\/p>\n<p>Podeu consultar tota la informaci\u00f3 al lloc web:\u00a0<a href=\"https:\/\/projectes.xtec.cat\/families-digitals\" target=\"_blank\" rel=\"noopener noreferrer\">https:\/\/projectes.xtec.cat\/families-digitals<\/a><\/p>\n<p><img decoding=\"async\" src=\"https:\/\/projectes.xtec.cat\/families-digitals\/wp-content\/uploads\/usu2507\/2021\/03\/timeline3.png\" \/><\/p>\n<p>&nbsp;<\/p>\n<p>&nbsp;<\/p>\n","protected":false},"excerpt":{"rendered":"<p>En el marc del\u00a0Pla d\u2019educaci\u00f3 digital de Catalunya\u00a0i el\u00a0Pla de millora d\u2019oportunitats educatives, presentem el\u00a0Projecte Fam\u00edlies digitals\u00a0per acompanyar les fam\u00edlies [&hellip;]<\/p>\n","protected":false},"author":3,"featured_media":12552,"comment_status":"open","ping_status":"closed","sticky":false,"template":"","format":"standard","meta":{"_bbp_topic_count":0,"_bbp_reply_count":0,"_bbp_total_topic_count":0,"_bbp_total_reply_count":0,"_bbp_voice_count":0,"_bbp_anonymous_reply_count":0,"_bbp_topic_count_hidden":0,"_bbp_reply_count_hidden":0,"_bbp_forum_subforum_count":0,"site-sidebar-layout":"default","site-content-layout":"","ast-site-content-layout":"","site-content-style":"default","site-sidebar-style":"default","ast-global-header-display":"","ast-banner-title-visibility":"","ast-main-header-display":"","ast-hfb-above-header-display":"","ast-hfb-below-header-display":"","ast-hfb-mobile-header-display":"","site-post-title":"","ast-breadcrumbs-content":"","ast-featured-img":"","footer-sml-layout":"","theme-transparent-header-meta":"","adv-header-id-meta":"","stick-header-meta":"","header-above-stick-meta":"","header-main-stick-meta":"","header-below-stick-meta":"","astra-migrate-meta-layouts":"default","ast-page-background-enabled":"default","ast-page-background-meta":{"desktop":{"background-color":"var(--ast-global-color-4)","background-image":"","background-repeat":"repeat","background-position":"center center","background-size":"auto","background-attachment":"scroll","background-type":"","background-media":"","overlay-type":"","overlay-color":"","overlay-opacity":"","overlay-gradient":""},"tablet":{"background-color":"","background-image":"","background-repeat":"repeat","background-position":"center center","background-size":"auto","background-attachment":"scroll","background-type":"","background-media":"","overlay-type":"","overlay-color":"","overlay-opacity":"","overlay-gradient":""},"mobile":{"background-color":"","background-image":"","background-repeat":"repeat","background-position":"center center","background-size":"auto","background-attachment":"scroll","background-type":"","background-media":"","overlay-type":"","overlay-color":"","overlay-opacity":"","overlay-gradient":""}},"ast-content-background-meta":{"desktop":{"background-color":"var(--ast-global-color-5)","background-image":"","background-repeat":"repeat","background-position":"center center","background-size":"auto","background-attachment":"scroll","background-type":"","background-media":"","overlay-type":"","overlay-color":"","overlay-opacity":"","overlay-gradient":""},"tablet":{"background-color":"var(--ast-global-color-5)","background-image":"","background-repeat":"repeat","background-position":"center center","background-size":"auto","background-attachment":"scroll","background-type":"","background-media":"","overlay-type":"","overlay-color":"","overlay-opacity":"","overlay-gradient":""},"mobile":{"background-color":"var(--ast-global-color-5)","background-image":"","background-repeat":"repeat","background-position":"center center","background-size":"auto","background-attachment":"scroll","background-type":"","background-media":"","overlay-type":"","overlay-color":"","overlay-opacity":"","overlay-gradient":""}},"footnotes":""},"categories":[1,29],"tags":[479,508,495],"class_list":["post-12545","post","type-post","status-publish","format-standard","has-post-thumbnail","hentry","category-general","category-portada","tag-cultura-digital","tag-families","tag-recursos"],"post_mailing_queue_ids":[],"_links":{"self":[{"href":"https:\/\/serveiseducatius.xtec.cat\/vallesoriental1\/wp-json\/wp\/v2\/posts\/12545","targetHints":{"allow":["GET"]}}],"collection":[{"href":"https:\/\/serveiseducatius.xtec.cat\/vallesoriental1\/wp-json\/wp\/v2\/posts"}],"about":[{"href":"https:\/\/serveiseducatius.xtec.cat\/vallesoriental1\/wp-json\/wp\/v2\/types\/post"}],"author":[{"embeddable":true,"href":"https:\/\/serveiseducatius.xtec.cat\/vallesoriental1\/wp-json\/wp\/v2\/users\/3"}],"replies":[{"embeddable":true,"href":"https:\/\/serveiseducatius.xtec.cat\/vallesoriental1\/wp-json\/wp\/v2\/comments?post=12545"}],"version-history":[{"count":3,"href":"https:\/\/serveiseducatius.xtec.cat\/vallesoriental1\/wp-json\/wp\/v2\/posts\/12545\/revisions"}],"predecessor-version":[{"id":12551,"href":"https:\/\/serveiseducatius.xtec.cat\/vallesoriental1\/wp-json\/wp\/v2\/posts\/12545\/revisions\/12551"}],"wp:featuredmedia":[{"embeddable":true,"href":"https:\/\/serveiseducatius.xtec.cat\/vallesoriental1\/wp-json\/wp\/v2\/media\/12552"}],"wp:attachment":[{"href":"https:\/\/serveiseducatius.xtec.cat\/vallesoriental1\/wp-json\/wp\/v2\/media?parent=12545"}],"wp:term":[{"taxonomy":"category","embeddable":true,"href":"https:\/\/serveiseducatius.xtec.cat\/vallesoriental1\/wp-json\/wp\/v2\/categories?post=12545"},{"taxonomy":"post_tag","embeddable":true,"href":"https:\/\/serveiseducatius.xtec.cat\/vallesoriental1\/wp-json\/wp\/v2\/tags?post=12545"}],"curies":[{"name":"wp","href":"https:\/\/api.w.org\/{rel}","templated":true}]}}