{"id":12039,"date":"2020-12-15T10:28:44","date_gmt":"2020-12-15T09:28:44","guid":{"rendered":"http:\/\/serveiseducatius.xtec.cat\/vallesoriental1\/?p=12039"},"modified":"2020-12-15T10:28:44","modified_gmt":"2020-12-15T09:28:44","slug":"la-maleta-bioclimatica-per-treballar-la-ciencia-i-la-tecnologia-de-mes-a-prop","status":"publish","type":"post","link":"https:\/\/serveiseducatius.xtec.cat\/vallesoriental1\/general\/la-maleta-bioclimatica-per-treballar-la-ciencia-i-la-tecnologia-de-mes-a-prop\/","title":{"rendered":"La Maleta Bioclim\u00e0tica, per treballar la ci\u00e8ncia i la tecnologia de m\u00e9s a prop!"},"content":{"rendered":"<p>Ja tenim disponible la Maleta Bioclim\u00e0tica, una maleta amb propostes de ci\u00e8ncia i tecnologia per treballar de forma m\u00e9s experimental i vivencial temes relacionats amb el medi ambient i la sostenibilitat, l&#8217;efici\u00e8ncia energ\u00e8tica, la meteorologia o la biologia.<\/p>\n<table>\n<tbody>\n<tr>\n<td><img loading=\"lazy\" decoding=\"async\" class=\"aligncenter wp-image-12047\" src=\"https:\/\/serveiseducatius.xtec.cat\/vallesoriental1\/wp-content\/uploads\/usu1135\/2020\/12\/estacio-meteorologica.png\" alt=\"\" width=\"267\" height=\"178\" srcset=\"https:\/\/serveiseducatius.xtec.cat\/vallesoriental1\/wp-content\/uploads\/usu1135\/2020\/12\/estacio-meteorologica.png 549w, https:\/\/serveiseducatius.xtec.cat\/vallesoriental1\/wp-content\/uploads\/usu1135\/2020\/12\/estacio-meteorologica-300x200.png 300w\" sizes=\"auto, (max-width: 267px) 100vw, 267px\" \/><\/td>\n<td><img loading=\"lazy\" decoding=\"async\" class=\"aligncenter wp-image-12048\" src=\"https:\/\/serveiseducatius.xtec.cat\/vallesoriental1\/wp-content\/uploads\/usu1135\/2020\/12\/temperatura.png\" alt=\"\" width=\"266\" height=\"177\" srcset=\"https:\/\/serveiseducatius.xtec.cat\/vallesoriental1\/wp-content\/uploads\/usu1135\/2020\/12\/temperatura.png 549w, https:\/\/serveiseducatius.xtec.cat\/vallesoriental1\/wp-content\/uploads\/usu1135\/2020\/12\/temperatura-300x200.png 300w\" sizes=\"auto, (max-width: 266px) 100vw, 266px\" \/><\/td>\n<td><img loading=\"lazy\" decoding=\"async\" class=\"aligncenter wp-image-12049\" src=\"https:\/\/serveiseducatius.xtec.cat\/vallesoriental1\/wp-content\/uploads\/usu1135\/2020\/12\/CO2.png\" alt=\"\" width=\"207\" height=\"226\" srcset=\"https:\/\/serveiseducatius.xtec.cat\/vallesoriental1\/wp-content\/uploads\/usu1135\/2020\/12\/CO2.png 504w, https:\/\/serveiseducatius.xtec.cat\/vallesoriental1\/wp-content\/uploads\/usu1135\/2020\/12\/CO2-275x300.png 275w\" sizes=\"auto, (max-width: 207px) 100vw, 207px\" \/><\/td>\n<td><img loading=\"lazy\" decoding=\"async\" class=\"aligncenter wp-image-12050\" src=\"https:\/\/serveiseducatius.xtec.cat\/vallesoriental1\/wp-content\/uploads\/usu1135\/2020\/12\/oxigen.png\" alt=\"\" width=\"166\" height=\"225\" srcset=\"https:\/\/serveiseducatius.xtec.cat\/vallesoriental1\/wp-content\/uploads\/usu1135\/2020\/12\/oxigen.png 405w, https:\/\/serveiseducatius.xtec.cat\/vallesoriental1\/wp-content\/uploads\/usu1135\/2020\/12\/oxigen-221x300.png 221w\" sizes=\"auto, (max-width: 166px) 100vw, 166px\" \/><\/td>\n<\/tr>\n<\/tbody>\n<\/table>\n<p>Aquesta maleta pedag\u00f2gica est\u00e0 adre\u00e7ada a l&#8217;alumnat de cicle superior de prim\u00e0ria, ESO i Batxillerat i pret\u00e9n sumar tamb\u00e9 esfor\u00e7os en fomentar l&#8217;impuls de vocacions cient\u00edfiques i\/o emprenedores entre les nenes\/noies.<\/p>\n<p><img loading=\"lazy\" decoding=\"async\" class=\"aligncenter size-full wp-image-12051\" src=\"https:\/\/serveiseducatius.xtec.cat\/vallesoriental1\/wp-content\/uploads\/usu1135\/2020\/12\/Maleta-bioclimatica-amb-noms-v2.jpg\" alt=\"\" width=\"500\" height=\"298\" srcset=\"https:\/\/serveiseducatius.xtec.cat\/vallesoriental1\/wp-content\/uploads\/usu1135\/2020\/12\/Maleta-bioclimatica-amb-noms-v2.jpg 500w, https:\/\/serveiseducatius.xtec.cat\/vallesoriental1\/wp-content\/uploads\/usu1135\/2020\/12\/Maleta-bioclimatica-amb-noms-v2-300x179.jpg 300w\" sizes=\"auto, (max-width: 500px) 100vw, 500px\" \/><\/p>\n<p>La maleta inclou el seg\u00fcent material:<\/p>\n<ul>\n<li class=\"gmail_default\">Una estaci\u00f3 meteorol\u00f2gica inal\u00e0mbrica, marca PASCO model PS-3209<\/li>\n<li class=\"gmail_default\">Accessoris penell i tr\u00edpode per a l&#8217;estaci\u00f3 meteorol\u00f2gica, marca PASCO model PS-3553<\/li>\n<li class=\"gmail_default\">Un sensor inal\u00e0mbric de di\u00f2xid carboni, marca PASCO model PS-3208 apte en aire i medis l\u00edquids<\/li>\n<li class=\"gmail_default\">Dos sensors inal\u00e0mbrics de temperatura, marca PASCO model PS-3201<\/li>\n<li class=\"gmail_default\">Un sensor inal\u00e0mbric \u00f2ptic d&#8217;oxigen dissolt, marca PASCO model PS-3224 apte en aire i medis l\u00edquids<\/li>\n<li class=\"gmail_default\">Un distanci\u00f2metre l\u00e0ser marca BOSCH model PLR 30 C<\/li>\n<\/ul>\n<p>Recordeu que podeu consultar la disponibilitat i demanar el pr\u00e9stec a l\u2019apartat de\u00a0<a href=\"https:\/\/serveiseducatius.xtec.cat\/vallesoriental1\/categoria\/maletes-pedagogiques\/\">maletes pedag\u00f2giques<\/a>. Consulteu tamb\u00e9 la normativa referent al\u00a0<a href=\"https:\/\/serveiseducatius.xtec.cat\/vallesoriental1\/general\/novetats-sobre-el-servei-de-prestec-curs-20-21\/\">servei de pr\u00e9stec i COVID 19<\/a>.<\/p>\n","protected":false},"excerpt":{"rendered":"<p>Ja tenim disponible la Maleta Bioclim\u00e0tica, una maleta amb propostes de ci\u00e8ncia i tecnologia per treballar de forma m\u00e9s experimental i vivencial temes relacionats amb el medi ambient i la sostenibilitat, l&#8217;efici\u00e8ncia energ\u00e8tica, la meteorologia o la biologia.<\/p>\n","protected":false},"author":3,"featured_media":12047,"comment_status":"open","ping_status":"closed","sticky":false,"template":"","format":"standard","meta":{"_bbp_topic_count":0,"_bbp_reply_count":0,"_bbp_total_topic_count":0,"_bbp_total_reply_count":0,"_bbp_voice_count":0,"_bbp_anonymous_reply_count":0,"_bbp_topic_count_hidden":0,"_bbp_reply_count_hidden":0,"_bbp_forum_subforum_count":0,"site-sidebar-layout":"default","site-content-layout":"","ast-site-content-layout":"","site-content-style":"default","site-sidebar-style":"default","ast-global-header-display":"","ast-banner-title-visibility":"","ast-main-header-display":"","ast-hfb-above-header-display":"","ast-hfb-below-header-display":"","ast-hfb-mobile-header-display":"","site-post-title":"","ast-breadcrumbs-content":"","ast-featured-img":"","footer-sml-layout":"","theme-transparent-header-meta":"","adv-header-id-meta":"","stick-header-meta":"","header-above-stick-meta":"","header-main-stick-meta":"","header-below-stick-meta":"","astra-migrate-meta-layouts":"default","ast-page-background-enabled":"default","ast-page-background-meta":{"desktop":{"background-color":"var(--ast-global-color-4)","background-image":"","background-repeat":"repeat","background-position":"center center","background-size":"auto","background-attachment":"scroll","background-type":"","background-media":"","overlay-type":"","overlay-color":"","overlay-opacity":"","overlay-gradient":""},"tablet":{"background-color":"","background-image":"","background-repeat":"repeat","background-position":"center center","background-size":"auto","background-attachment":"scroll","background-type":"","background-media":"","overlay-type":"","overlay-color":"","overlay-opacity":"","overlay-gradient":""},"mobile":{"background-color":"","background-image":"","background-repeat":"repeat","background-position":"center center","background-size":"auto","background-attachment":"scroll","background-type":"","background-media":"","overlay-type":"","overlay-color":"","overlay-opacity":"","overlay-gradient":""}},"ast-content-background-meta":{"desktop":{"background-color":"var(--ast-global-color-5)","background-image":"","background-repeat":"repeat","background-position":"center center","background-size":"auto","background-attachment":"scroll","background-type":"","background-media":"","overlay-type":"","overlay-color":"","overlay-opacity":"","overlay-gradient":""},"tablet":{"background-color":"var(--ast-global-color-5)","background-image":"","background-repeat":"repeat","background-position":"center center","background-size":"auto","background-attachment":"scroll","background-type":"","background-media":"","overlay-type":"","overlay-color":"","overlay-opacity":"","overlay-gradient":""},"mobile":{"background-color":"var(--ast-global-color-5)","background-image":"","background-repeat":"repeat","background-position":"center center","background-size":"auto","background-attachment":"scroll","background-type":"","background-media":"","overlay-type":"","overlay-color":"","overlay-opacity":"","overlay-gradient":""}},"footnotes":""},"categories":[484,1,29],"tags":[],"class_list":["post-12039","post","type-post","status-publish","format-standard","has-post-thumbnail","hentry","category-coeducacio","category-general","category-portada"],"post_mailing_queue_ids":[],"_links":{"self":[{"href":"https:\/\/serveiseducatius.xtec.cat\/vallesoriental1\/wp-json\/wp\/v2\/posts\/12039","targetHints":{"allow":["GET"]}}],"collection":[{"href":"https:\/\/serveiseducatius.xtec.cat\/vallesoriental1\/wp-json\/wp\/v2\/posts"}],"about":[{"href":"https:\/\/serveiseducatius.xtec.cat\/vallesoriental1\/wp-json\/wp\/v2\/types\/post"}],"author":[{"embeddable":true,"href":"https:\/\/serveiseducatius.xtec.cat\/vallesoriental1\/wp-json\/wp\/v2\/users\/3"}],"replies":[{"embeddable":true,"href":"https:\/\/serveiseducatius.xtec.cat\/vallesoriental1\/wp-json\/wp\/v2\/comments?post=12039"}],"version-history":[{"count":3,"href":"https:\/\/serveiseducatius.xtec.cat\/vallesoriental1\/wp-json\/wp\/v2\/posts\/12039\/revisions"}],"predecessor-version":[{"id":12055,"href":"https:\/\/serveiseducatius.xtec.cat\/vallesoriental1\/wp-json\/wp\/v2\/posts\/12039\/revisions\/12055"}],"wp:featuredmedia":[{"embeddable":true,"href":"https:\/\/serveiseducatius.xtec.cat\/vallesoriental1\/wp-json\/wp\/v2\/media\/12047"}],"wp:attachment":[{"href":"https:\/\/serveiseducatius.xtec.cat\/vallesoriental1\/wp-json\/wp\/v2\/media?parent=12039"}],"wp:term":[{"taxonomy":"category","embeddable":true,"href":"https:\/\/serveiseducatius.xtec.cat\/vallesoriental1\/wp-json\/wp\/v2\/categories?post=12039"},{"taxonomy":"post_tag","embeddable":true,"href":"https:\/\/serveiseducatius.xtec.cat\/vallesoriental1\/wp-json\/wp\/v2\/tags?post=12039"}],"curies":[{"name":"wp","href":"https:\/\/api.w.org\/{rel}","templated":true}]}}