{"id":11358,"date":"2020-04-22T16:56:59","date_gmt":"2020-04-22T14:56:59","guid":{"rendered":"http:\/\/serveiseducatius.xtec.cat\/vallesoriental1\/?p=11358"},"modified":"2020-04-28T12:25:12","modified_gmt":"2020-04-28T10:25:12","slug":"sant-jordi-en-confinament-amb-gianni-rodari","status":"publish","type":"post","link":"https:\/\/serveiseducatius.xtec.cat\/vallesoriental1\/sant-jordi-2020\/sant-jordi-en-confinament-amb-gianni-rodari\/","title":{"rendered":"Sant Jordi en confinament amb Gianni Rodari"},"content":{"rendered":"<p><img loading=\"lazy\" decoding=\"async\" class=\" wp-image-4476 alignleft\" src=\"https:\/\/serveiseducatius.xtec.cat\/vallesoriental3\/wp-content\/uploads\/usu768\/2020\/04\/EVo8u7HWoAAOIdc.jpg\" sizes=\"auto, (max-width: 200px) 100vw, 200px\" srcset=\"https:\/\/serveiseducatius.xtec.cat\/vallesoriental3\/wp-content\/uploads\/usu768\/2020\/04\/EVo8u7HWoAAOIdc.jpg 446w, https:\/\/serveiseducatius.xtec.cat\/vallesoriental3\/wp-content\/uploads\/usu768\/2020\/04\/EVo8u7HWoAAOIdc-210x110.jpg 210w\" alt=\"\" width=\"200\" height=\"105\" \/><\/p>\n<p>El\u00a023 d\u2019octubre del 2020\u00a0\u00e9s una data per celebrar-la amb gran alegria, ja que es compleixen els 100 anys del naixement d\u2019un dels escriptors m\u00e9s interessants del s.XX, Gianni Rodari.<\/p>\n<p>&nbsp;<\/p>\n<p>Recollim les propostes de la xarxa:<\/p>\n<ul>\n<li>Web oficial del centenari (Itali\u00e0 i Angl\u00e8s)<br \/>\n<a href=\"https:\/\/100giannirodari.com\/\" target=\"_blank\" rel=\"noopener noreferrer\">https:\/\/100giannirodari.com\/\u00a0<\/a><\/li>\n<li>Reportatge de Gianni Rodari en itali\u00e0 i subtitulat<br \/>\n<a href=\"https:\/\/www.youtube.com\/watch?time_continue=15&amp;v=CKTgkgRYYTQ&amp;feature=emb_logo\" target=\"_blank\" rel=\"noopener noreferrer\">https:\/\/www.youtube.com\/watch?time_continue=15&amp;v=CKTgkgRYYTQ&amp;feature=emb_logo<\/a><\/li>\n<li>Web de la\u00a0<strong>biblioteca virtual<\/strong>\u00a0dedicada a Gianni Rodari, el mestre de la fantasia<br \/>\n<a href=\"https:\/\/genius.diba.cat\/rodari\" target=\"_blank\" rel=\"noopener noreferrer\">https:\/\/genius.diba.cat\/rodari<\/a><br \/>\nNarracions de \u201cContes per tel\u00e8fon\u201d\u00a0<a href=\"https:\/\/genius.diba.cat\/rodari\/contes-per-telefon\" target=\"_blank\" rel=\"noopener noreferrer\">https:\/\/genius.diba.cat\/rodari\/contes-per-telefon<\/a><img loading=\"lazy\" decoding=\"async\" class=\"size-full wp-image-4475 alignright\" src=\"https:\/\/serveiseducatius.xtec.cat\/vallesoriental3\/wp-content\/uploads\/usu768\/2020\/04\/llibres-rodari.png\" sizes=\"auto, (max-width: 483px) 100vw, 483px\" srcset=\"https:\/\/serveiseducatius.xtec.cat\/vallesoriental3\/wp-content\/uploads\/usu768\/2020\/04\/llibres-rodari.png 483w, https:\/\/serveiseducatius.xtec.cat\/vallesoriental3\/wp-content\/uploads\/usu768\/2020\/04\/llibres-rodari-210x102.png 210w\" alt=\"\" width=\"483\" height=\"234\" \/>Narracions de \u201cTirallongues del cel i la terra\u201d<a href=\"https:\/\/genius.diba.cat\/rodari\/tirallongues-de-cel-i-la-terra\" target=\"_blank\" rel=\"noopener noreferrer\">\u00a0https:\/\/genius.diba.cat\/rodari\/tirallongues-de-cel-i-la-terra<\/a><\/li>\n<\/ul>\n<p>&nbsp;<\/p>\n<ul>\n<li>Compartim la lectura #contespertelefoncovid19<br \/>\n<a href=\"https:\/\/projectes.xtec.cat\/bescat\/wp-content\/uploads\/usu793\/2020\/04\/newsletter-Rodari.pdf\" target=\"_blank\" rel=\"noopener noreferrer\">https:\/\/projectes.xtec.cat\/bescat\/wp-content\/uploads\/usu793\/2020\/04\/newsletter-Rodari.pdf<\/a><\/li>\n<li>Compartim l\u2019escriptura #escrivimrodaricovid19<br \/>\n<a href=\"https:\/\/projectes.xtec.cat\/bescat\/wp-content\/uploads\/usu793\/2020\/04\/escrivim-rodari-news.pdf\" target=\"_blank\" rel=\"noopener noreferrer\">https:\/\/projectes.xtec.cat\/bescat\/wp-content\/uploads\/usu793\/2020\/04\/escrivim-rodari-news.pdf<\/a><\/li>\n<li>Fem un conte com Gianni Rodari? 2 propostes +<br \/>\n<a href=\"https:\/\/twitter.com\/bibtiana\/status\/1250342707509071874?s=20\" target=\"_blank\" rel=\"noopener noreferrer\">https:\/\/twitter.com\/bibtiana\/status\/1250342707509071874?s=20<\/a><\/li>\n<li>Crea el teu idioma a partir del conte Brif, bruf, braf<br \/>\n<a href=\"https:\/\/twitter.com\/MarFont75\/status\/1249282406743408640?s=20\" target=\"_blank\" rel=\"noopener noreferrer\">https:\/\/twitter.com\/MarFont75\/status\/1249282406743408640?s=20<\/a><\/li>\n<\/ul>\n<p>&nbsp;<\/p>\n<p>Proposta i materials espec\u00edfics per a l\u2019alumnat nouvingut (d\u2019Aula d&#8217;acollida o no) amb enlla\u00e7os a recursos en l\u00ednia en diverses lleng\u00fces #santjordiacollidacovid19: <a href=\"https:\/\/projectes.xtec.cat\/bescat\/wp-content\/uploads\/usu793\/2020\/04\/newsletter_docents_acollida.pdf\" target=\"_blank\" rel=\"noopener noreferrer\">https:\/\/projectes.xtec.cat\/bescat\/wp-content\/uploads\/usu793\/2020\/04\/newsletter_docents_acollida.pdf<\/a><\/p>\n<p>(Article elaborat pel SE Vall\u00e8s Oriental III, gr\u00e0cies!)<\/p>\n<p>&nbsp;<\/p>\n<p>&nbsp;<\/p>\n","protected":false},"excerpt":{"rendered":"<p>El\u00a023 d\u2019octubre del 2020\u00a0\u00e9s una data per celebrar-la amb gran alegria, ja que es compleixen els 100 anys del naixement [&hellip;]<\/p>\n","protected":false},"author":3,"featured_media":0,"comment_status":"open","ping_status":"closed","sticky":false,"template":"","format":"standard","meta":{"_bbp_topic_count":0,"_bbp_reply_count":0,"_bbp_total_topic_count":0,"_bbp_total_reply_count":0,"_bbp_voice_count":0,"_bbp_anonymous_reply_count":0,"_bbp_topic_count_hidden":0,"_bbp_reply_count_hidden":0,"_bbp_forum_subforum_count":0,"site-sidebar-layout":"default","site-content-layout":"","ast-site-content-layout":"","site-content-style":"default","site-sidebar-style":"default","ast-global-header-display":"","ast-banner-title-visibility":"","ast-main-header-display":"","ast-hfb-above-header-display":"","ast-hfb-below-header-display":"","ast-hfb-mobile-header-display":"","site-post-title":"","ast-breadcrumbs-content":"","ast-featured-img":"","footer-sml-layout":"","theme-transparent-header-meta":"","adv-header-id-meta":"","stick-header-meta":"","header-above-stick-meta":"","header-main-stick-meta":"","header-below-stick-meta":"","astra-migrate-meta-layouts":"default","ast-page-background-enabled":"default","ast-page-background-meta":{"desktop":{"background-color":"var(--ast-global-color-4)","background-image":"","background-repeat":"repeat","background-position":"center center","background-size":"auto","background-attachment":"scroll","background-type":"","background-media":"","overlay-type":"","overlay-color":"","overlay-opacity":"","overlay-gradient":""},"tablet":{"background-color":"","background-image":"","background-repeat":"repeat","background-position":"center center","background-size":"auto","background-attachment":"scroll","background-type":"","background-media":"","overlay-type":"","overlay-color":"","overlay-opacity":"","overlay-gradient":""},"mobile":{"background-color":"","background-image":"","background-repeat":"repeat","background-position":"center center","background-size":"auto","background-attachment":"scroll","background-type":"","background-media":"","overlay-type":"","overlay-color":"","overlay-opacity":"","overlay-gradient":""}},"ast-content-background-meta":{"desktop":{"background-color":"var(--ast-global-color-5)","background-image":"","background-repeat":"repeat","background-position":"center center","background-size":"auto","background-attachment":"scroll","background-type":"","background-media":"","overlay-type":"","overlay-color":"","overlay-opacity":"","overlay-gradient":""},"tablet":{"background-color":"var(--ast-global-color-5)","background-image":"","background-repeat":"repeat","background-position":"center center","background-size":"auto","background-attachment":"scroll","background-type":"","background-media":"","overlay-type":"","overlay-color":"","overlay-opacity":"","overlay-gradient":""},"mobile":{"background-color":"var(--ast-global-color-5)","background-image":"","background-repeat":"repeat","background-position":"center center","background-size":"auto","background-attachment":"scroll","background-type":"","background-media":"","overlay-type":"","overlay-color":"","overlay-opacity":"","overlay-gradient":""}},"footnotes":""},"categories":[471],"tags":[472,38],"class_list":["post-11358","post","type-post","status-publish","format-standard","hentry","category-sant-jordi-2020","tag-confinament","tag-sant-jordi"],"post_mailing_queue_ids":[],"_links":{"self":[{"href":"https:\/\/serveiseducatius.xtec.cat\/vallesoriental1\/wp-json\/wp\/v2\/posts\/11358","targetHints":{"allow":["GET"]}}],"collection":[{"href":"https:\/\/serveiseducatius.xtec.cat\/vallesoriental1\/wp-json\/wp\/v2\/posts"}],"about":[{"href":"https:\/\/serveiseducatius.xtec.cat\/vallesoriental1\/wp-json\/wp\/v2\/types\/post"}],"author":[{"embeddable":true,"href":"https:\/\/serveiseducatius.xtec.cat\/vallesoriental1\/wp-json\/wp\/v2\/users\/3"}],"replies":[{"embeddable":true,"href":"https:\/\/serveiseducatius.xtec.cat\/vallesoriental1\/wp-json\/wp\/v2\/comments?post=11358"}],"version-history":[{"count":1,"href":"https:\/\/serveiseducatius.xtec.cat\/vallesoriental1\/wp-json\/wp\/v2\/posts\/11358\/revisions"}],"predecessor-version":[{"id":11359,"href":"https:\/\/serveiseducatius.xtec.cat\/vallesoriental1\/wp-json\/wp\/v2\/posts\/11358\/revisions\/11359"}],"wp:attachment":[{"href":"https:\/\/serveiseducatius.xtec.cat\/vallesoriental1\/wp-json\/wp\/v2\/media?parent=11358"}],"wp:term":[{"taxonomy":"category","embeddable":true,"href":"https:\/\/serveiseducatius.xtec.cat\/vallesoriental1\/wp-json\/wp\/v2\/categories?post=11358"},{"taxonomy":"post_tag","embeddable":true,"href":"https:\/\/serveiseducatius.xtec.cat\/vallesoriental1\/wp-json\/wp\/v2\/tags?post=11358"}],"curies":[{"name":"wp","href":"https:\/\/api.w.org\/{rel}","templated":true}]}}