{"id":11306,"date":"2020-04-20T14:41:42","date_gmt":"2020-04-20T12:41:42","guid":{"rendered":"http:\/\/serveiseducatius.xtec.cat\/vallesoriental1\/?p=11306"},"modified":"2020-04-21T16:27:06","modified_gmt":"2020-04-21T14:27:06","slug":"la-llegenda-de-sant-jordi","status":"publish","type":"post","link":"https:\/\/serveiseducatius.xtec.cat\/vallesoriental1\/sant-jordi-2020\/la-llegenda-de-sant-jordi\/","title":{"rendered":"La llegenda de Sant Jordi"},"content":{"rendered":"<p>Des de Porta Audiovisual ens informen que el film La Llegenda de <span class=\"il\">Sant<\/span>\u00a0<span class=\"il\">Jordi<\/span>, que va ser avalat pel Servei d\u2019Ordenaci\u00f3 Curricular d\u2019Educaci\u00f3 Infantil i Prim\u00e0ria el 2016, ha passat a estar disponible gratu\u00eftament en streaming. Pot ser una bona activitat familiar per la diada tan excepcional que s\u2019acosta.<\/p>\n<p>Es tracta d\u2019un migmetratge (45 minuts) adre\u00e7at a tots els p\u00fablics, a partir de set anys, i s\u2019acompanya de material did\u00e0ctic divers entorn de la llegenda i a la realitzaci\u00f3 d\u2019un projecte audiovisual.<\/p>\n<p>El film i tot el material did\u00e0ctic estan disponibles gratu\u00eftament al nostre web:\u00a0<a href=\"http:\/\/www.lallegendadesantjordi.cat\/\" target=\"_blank\" rel=\"noopener noreferrer\" data-saferedirecturl=\"https:\/\/www.google.com\/url?q=http:\/\/www.lallegendadesantjordi.cat\/&amp;source=gmail&amp;ust=1587471740425000&amp;usg=AFQjCNECLokhrAG0DRh_AnISdToKpA_T6A\">lallegendadesantjordi.cat.<\/a><\/p>\n<p><center><br \/>\n<iframe loading=\"lazy\" src=\"https:\/\/player.vimeo.com\/video\/408639931\" width=\"640\" height=\"360\" frameborder=\"0\"><\/iframe><\/center><\/p>\n<p style=\"text-align: center;\"><a href=\"https:\/\/vimeo.com\/408639931\">LA LLEGENDA DE SANT JORDI (Dir: Orna &#8211; 2014)<\/a> from <a href=\"https:\/\/vimeo.com\/user14501832\">Porta Audiovisual<\/a> on <a href=\"https:\/\/vimeo.com\">Vimeo<\/a>.<\/p>\n<p>&nbsp;<\/p>\n","protected":false},"excerpt":{"rendered":"<p>Des de Porta Audiovisual ens informen que el film La Llegenda de Sant\u00a0Jordi, que va ser avalat pel Servei d\u2019Ordenaci\u00f3 [&hellip;]<\/p>\n","protected":false},"author":3,"featured_media":11307,"comment_status":"open","ping_status":"closed","sticky":false,"template":"","format":"standard","meta":{"_bbp_topic_count":0,"_bbp_reply_count":0,"_bbp_total_topic_count":0,"_bbp_total_reply_count":0,"_bbp_voice_count":0,"_bbp_anonymous_reply_count":0,"_bbp_topic_count_hidden":0,"_bbp_reply_count_hidden":0,"_bbp_forum_subforum_count":0,"site-sidebar-layout":"default","site-content-layout":"","ast-site-content-layout":"","site-content-style":"default","site-sidebar-style":"default","ast-global-header-display":"","ast-banner-title-visibility":"","ast-main-header-display":"","ast-hfb-above-header-display":"","ast-hfb-below-header-display":"","ast-hfb-mobile-header-display":"","site-post-title":"","ast-breadcrumbs-content":"","ast-featured-img":"","footer-sml-layout":"","theme-transparent-header-meta":"","adv-header-id-meta":"","stick-header-meta":"","header-above-stick-meta":"","header-main-stick-meta":"","header-below-stick-meta":"","astra-migrate-meta-layouts":"default","ast-page-background-enabled":"default","ast-page-background-meta":{"desktop":{"background-color":"var(--ast-global-color-4)","background-image":"","background-repeat":"repeat","background-position":"center center","background-size":"auto","background-attachment":"scroll","background-type":"","background-media":"","overlay-type":"","overlay-color":"","overlay-opacity":"","overlay-gradient":""},"tablet":{"background-color":"","background-image":"","background-repeat":"repeat","background-position":"center center","background-size":"auto","background-attachment":"scroll","background-type":"","background-media":"","overlay-type":"","overlay-color":"","overlay-opacity":"","overlay-gradient":""},"mobile":{"background-color":"","background-image":"","background-repeat":"repeat","background-position":"center center","background-size":"auto","background-attachment":"scroll","background-type":"","background-media":"","overlay-type":"","overlay-color":"","overlay-opacity":"","overlay-gradient":""}},"ast-content-background-meta":{"desktop":{"background-color":"var(--ast-global-color-5)","background-image":"","background-repeat":"repeat","background-position":"center center","background-size":"auto","background-attachment":"scroll","background-type":"","background-media":"","overlay-type":"","overlay-color":"","overlay-opacity":"","overlay-gradient":""},"tablet":{"background-color":"var(--ast-global-color-5)","background-image":"","background-repeat":"repeat","background-position":"center center","background-size":"auto","background-attachment":"scroll","background-type":"","background-media":"","overlay-type":"","overlay-color":"","overlay-opacity":"","overlay-gradient":""},"mobile":{"background-color":"var(--ast-global-color-5)","background-image":"","background-repeat":"repeat","background-position":"center center","background-size":"auto","background-attachment":"scroll","background-type":"","background-media":"","overlay-type":"","overlay-color":"","overlay-opacity":"","overlay-gradient":""}},"footnotes":""},"categories":[471],"tags":[38],"class_list":["post-11306","post","type-post","status-publish","format-standard","has-post-thumbnail","hentry","category-sant-jordi-2020","tag-sant-jordi"],"post_mailing_queue_ids":[],"_links":{"self":[{"href":"https:\/\/serveiseducatius.xtec.cat\/vallesoriental1\/wp-json\/wp\/v2\/posts\/11306","targetHints":{"allow":["GET"]}}],"collection":[{"href":"https:\/\/serveiseducatius.xtec.cat\/vallesoriental1\/wp-json\/wp\/v2\/posts"}],"about":[{"href":"https:\/\/serveiseducatius.xtec.cat\/vallesoriental1\/wp-json\/wp\/v2\/types\/post"}],"author":[{"embeddable":true,"href":"https:\/\/serveiseducatius.xtec.cat\/vallesoriental1\/wp-json\/wp\/v2\/users\/3"}],"replies":[{"embeddable":true,"href":"https:\/\/serveiseducatius.xtec.cat\/vallesoriental1\/wp-json\/wp\/v2\/comments?post=11306"}],"version-history":[{"count":1,"href":"https:\/\/serveiseducatius.xtec.cat\/vallesoriental1\/wp-json\/wp\/v2\/posts\/11306\/revisions"}],"predecessor-version":[{"id":11308,"href":"https:\/\/serveiseducatius.xtec.cat\/vallesoriental1\/wp-json\/wp\/v2\/posts\/11306\/revisions\/11308"}],"wp:featuredmedia":[{"embeddable":true,"href":"https:\/\/serveiseducatius.xtec.cat\/vallesoriental1\/wp-json\/wp\/v2\/media\/11307"}],"wp:attachment":[{"href":"https:\/\/serveiseducatius.xtec.cat\/vallesoriental1\/wp-json\/wp\/v2\/media?parent=11306"}],"wp:term":[{"taxonomy":"category","embeddable":true,"href":"https:\/\/serveiseducatius.xtec.cat\/vallesoriental1\/wp-json\/wp\/v2\/categories?post=11306"},{"taxonomy":"post_tag","embeddable":true,"href":"https:\/\/serveiseducatius.xtec.cat\/vallesoriental1\/wp-json\/wp\/v2\/tags?post=11306"}],"curies":[{"name":"wp","href":"https:\/\/api.w.org\/{rel}","templated":true}]}}