{"id":74,"count":1,"description":"La motxilla est\u00e0 constitu\u00efda per un conjunt d'aparells de mesura professionals que permeten la mesura de variables ambientals a partir de les quals es fonamenta el treball experimental i l'an\u00e0lisi de resultats.\r\n\r\n<a href=\"http:\/\/serveiseducatius.xtec.cat\/vallesoriental1\/wp-content\/uploads\/usu1135\/2015\/11\/instruments.png\"><img class=\" size-full wp-image-924 aligncenter\" src=\"http:\/\/serveiseducatius.xtec.cat\/vallesoriental1\/wp-content\/uploads\/usu1135\/2015\/11\/instruments.png\" alt=\"instruments\" width=\"733\" height=\"264\" \/><\/a>\r\n\r\nPer a m\u00e9s informaci\u00f3, podeu accedir a la p\u00e0gina de la <a href=\"http:\/\/xtec.gencat.cat\/ca\/projectes\/motxillabioclimatica\/\"><strong>Motxilla Bioclim\u00e0tica<\/strong><\/a> a xtec.cat","link":"https:\/\/serveiseducatius.xtec.cat\/vallesoriental1\/categoria\/dinamitzacio\/motxilla-bioclimatica\/","name":"Motxilla bioclim\u00e0tica","slug":"motxilla-bioclimatica","taxonomy":"category","parent":66,"meta":[],"_links":{"self":[{"href":"https:\/\/serveiseducatius.xtec.cat\/vallesoriental1\/wp-json\/wp\/v2\/categories\/74","targetHints":{"allow":["GET"]}}],"collection":[{"href":"https:\/\/serveiseducatius.xtec.cat\/vallesoriental1\/wp-json\/wp\/v2\/categories"}],"about":[{"href":"https:\/\/serveiseducatius.xtec.cat\/vallesoriental1\/wp-json\/wp\/v2\/taxonomies\/category"}],"up":[{"embeddable":true,"href":"https:\/\/serveiseducatius.xtec.cat\/vallesoriental1\/wp-json\/wp\/v2\/categories\/66"}],"wp:post_type":[{"href":"https:\/\/serveiseducatius.xtec.cat\/vallesoriental1\/wp-json\/wp\/v2\/posts?categories=74"}],"curies":[{"name":"wp","href":"https:\/\/api.w.org\/{rel}","templated":true}]}}