{"id":403,"count":1,"description":"<strong>Seminari de coordinaci\u00f3 de prim\u00e0ria-secund\u00e0ria de Granollers<\/strong>\r\n\r\n<strong>Continguts<\/strong>\r\n\r\nAspectes a potenciar per a millorar el treball conjunt escola-institut, majorit\u00e0riament:\r\n<ul style=\"list-style-type: disc;\">\r\n \t<li>Metodologia ( did\u00e0ctica, avaluaci\u00f3, h\u00e0bits de treball, relacions i conviv\u00e8ncia<\/li>\r\n \t<li>Analitzar sistemes emprats en d\u2019avaluaci\u00f3 inicial.<\/li>\r\n \t<li>Establir processos de seguiment de l'alumnat.<\/li>\r\n \t<li>Elaborar documents i protocols sobre aspectes a assumir pels centres<\/li>\r\n \t<li>Establir uns m\u00ednims curriculars (en alguna de les \u00e0rees) que han de tenir els alumnes de prim\u00e0ria per passar a secund\u00e0ria<\/li>\r\n \t<li>Participar activament en les jornades de trasp\u00e0s acordades en el marc del seminari.<\/li>\r\n \t<li>Seguiment del treball<\/li>\r\n<\/ul>","link":"https:\/\/serveiseducatius.xtec.cat\/vallesoriental1\/categoria\/pri-sec-granollers\/","name":"PRI-SEC Granollers","slug":"pri-sec-granollers","taxonomy":"category","parent":0,"meta":[],"_links":{"self":[{"href":"https:\/\/serveiseducatius.xtec.cat\/vallesoriental1\/wp-json\/wp\/v2\/categories\/403","targetHints":{"allow":["GET"]}}],"collection":[{"href":"https:\/\/serveiseducatius.xtec.cat\/vallesoriental1\/wp-json\/wp\/v2\/categories"}],"about":[{"href":"https:\/\/serveiseducatius.xtec.cat\/vallesoriental1\/wp-json\/wp\/v2\/taxonomies\/category"}],"wp:post_type":[{"href":"https:\/\/serveiseducatius.xtec.cat\/vallesoriental1\/wp-json\/wp\/v2\/posts?categories=403"}],"curies":[{"name":"wp","href":"https:\/\/api.w.org\/{rel}","templated":true}]}}