{"id":401,"count":3,"description":"<strong>Seminari de coordinaci\u00f3 de prim\u00e0ria-secund\u00e0ria de Canovelles<\/strong>\r\n\r\nAquest seminari est\u00e0 format per caps d'estudis de prim\u00e0ria i secund\u00e0ria del municipi de Canovelles. Es convidar\u00e0 al seminari al professorat de 1r d\u2019ESO i 6\u00e8 de PRI de llengua per a treballar els continguts d'aquest any.\r\n\r\n<strong>Continguts<\/strong>\r\nTreball de comprensi\u00f3 lectora:\r\n<ul style=\"list-style-type: circle;\">\r\n \t<li>distribuci\u00f3\/seq\u00fcenciaci\u00f3 de continguts<\/li>\r\n \t<li>metodologia<\/li>\r\n \t<li>avaluaci\u00f3<\/li>\r\n \t<li>\u00ednia de treball i actuaci\u00f3 conjunta entre PRI i SEC<\/li>\r\n<\/ul>","link":"https:\/\/serveiseducatius.xtec.cat\/vallesoriental1\/categoria\/sem-pri-sec-canovelles\/","name":"PRIM-SEC Canovelles","slug":"sem-pri-sec-canovelles","taxonomy":"category","parent":0,"meta":[],"_links":{"self":[{"href":"https:\/\/serveiseducatius.xtec.cat\/vallesoriental1\/wp-json\/wp\/v2\/categories\/401","targetHints":{"allow":["GET"]}}],"collection":[{"href":"https:\/\/serveiseducatius.xtec.cat\/vallesoriental1\/wp-json\/wp\/v2\/categories"}],"about":[{"href":"https:\/\/serveiseducatius.xtec.cat\/vallesoriental1\/wp-json\/wp\/v2\/taxonomies\/category"}],"wp:post_type":[{"href":"https:\/\/serveiseducatius.xtec.cat\/vallesoriental1\/wp-json\/wp\/v2\/posts?categories=401"}],"curies":[{"name":"wp","href":"https:\/\/api.w.org\/{rel}","templated":true}]}}