{"id":9354,"date":"2017-12-13T12:39:58","date_gmt":"2017-12-13T11:39:58","guid":{"rendered":"http:\/\/serveiseducatius.xtec.cat\/vallesoccidental8\/?p=9354"},"modified":"2018-01-26T11:34:38","modified_gmt":"2018-01-26T10:34:38","slug":"publicacio-del-llibre-el-trac-a-traves-de-lart","status":"publish","type":"post","link":"https:\/\/serveiseducatius.xtec.cat\/vallesoccidental8\/general\/publicacio-del-llibre-el-trac-a-traves-de-lart\/","title":{"rendered":"Publicaci\u00f3 del Llibre &#8220;El tra\u00e7 a trav\u00e9s de l&#8217;art&#8221;"},"content":{"rendered":"<h2 class=\"section-title\">Publicaci\u00f3 de l&#8217;Institut de Ci\u00e8ncies de l&#8217;Educaci\u00f3 de la UAB: &#8221; El tra\u00e7 a trav\u00e9s de l&#8217;art&#8221;<\/h2>\n<h6>Autores: M. \u00c0ngels Trimi\u00f1o Moreno, Al\u00edcia Rubio Navarro, Anna Ventura Casanovas, Anna Garc\u00e9s Zapater\u00eda<\/h6>\n<p style=\"text-align: justify;\"><a href=\"http:\/\/documentsice.uab.cat\/publicacions\/materialsdigitals\/El_trac_a_traves_de_lart.pdf\"><img loading=\"lazy\" decoding=\"async\" class=\"alignleft size-medium wp-image-9355\" src=\"http:\/\/serveiseducatius.xtec.cat\/vallesoccidental8\/wp-content\/uploads\/usu1103\/2017\/12\/tra\u00e7-217x300.jpg\" alt=\"\" width=\"217\" height=\"300\" srcset=\"https:\/\/serveiseducatius.xtec.cat\/vallesoccidental8\/wp-content\/uploads\/usu1103\/2017\/12\/tra\u00e7-217x300.jpg 217w, https:\/\/serveiseducatius.xtec.cat\/vallesoccidental8\/wp-content\/uploads\/usu1103\/2017\/12\/tra\u00e7.jpg 504w\" sizes=\"auto, (max-width: 217px) 100vw, 217px\" \/><\/a>Aquesta publicaci\u00f3 \u00e9s el resultat del treball desenvolupat per un grup de mestres que, de manera espont\u00e0nia i natural, han compartit mirades, experi\u00e8ncies i reflexions sobre la seva pr\u00e0ctica docent. Es tracta d\u2019un \u00abgrup d\u2019amigues mestres\u00bb -aix\u00ed s\u2019autodefineixen- que sistem\u00e0ticament es reuneixen per parlar d\u2019all\u00f2 que m\u00e9s els agrada: educar. En aquest context no formal va sorgir la necessitat d\u2019aprofundir en com treballaven o havien vist treballar el tra\u00e7 amb l\u2019objectiu de reflexionar sobre les actuacions metodol\u00f2giques a les aules d\u2019educaci\u00f3 infantil. De mica en mica, la reflexi\u00f3 va anar esdevenint font d\u2019aprenentatge i, el curs 2013-1014, van decidir constituir-se com a grup de treball dins del Pla de formaci\u00f3 de zona del Centre de Recursos Pedag\u00f2gics del Vall\u00e8s Occidental VIII, per tal de sistematitzar i compartir amb altres professionals la seva recerca sobre el tra\u00e7 i l\u2019art a l\u2019etapa infantil.<\/p>\n<p style=\"text-align: justify;\">Han estat dos anys de lectures, recerca d\u2019autors pl\u00e0stics i musicals, i experimentaci\u00f3 amb materials i suports, de proposar maneres alternatives a all\u00f2 que fins ara havien fet o viscut i, tamb\u00e9, de fer-se moltes preguntes: com ha anat?, qu\u00e8 es podria haver fet millor?, etc.<\/p>\n<div>\n<p style=\"text-align: justify;\">El resultat, que tot seguit llegireu, ens demostra, una vegada m\u00e9s, que el treball cooperatiu, reflexiu i silent dels mestres, amb la col\u00b7laboraci\u00f3 de les institucions educatives, ens ajuda a avan\u00e7ar i aprofundir en el coneixement de com aprenen els nostres infants.<\/p>\n<p style=\"text-align: justify;\"><a href=\"http:\/\/www.uab.cat\/web\/innovacio\/publicacions-de-l-ice-1345719162125.html\">Publicacions de L&#8217;ICE-UAB<\/a><\/p>\n<\/div>\n","protected":false},"excerpt":{"rendered":"<p>Publicaci\u00f3 de l&#8217;Institut de Ci\u00e8ncies de l&#8217;Educaci\u00f3 de la UAB: &#8221; El tra\u00e7 a trav\u00e9s de l&#8217;art&#8221; Autores: M. \u00c0ngels [&hellip;]<\/p>\n","protected":false},"author":1,"featured_media":9357,"comment_status":"open","ping_status":"closed","sticky":false,"template":"","format":"standard","meta":{"_bbp_topic_count":0,"_bbp_reply_count":0,"_bbp_total_topic_count":0,"_bbp_total_reply_count":0,"_bbp_voice_count":0,"_bbp_anonymous_reply_count":0,"_bbp_topic_count_hidden":0,"_bbp_reply_count_hidden":0,"_bbp_forum_subforum_count":0,"site-sidebar-layout":"default","site-content-layout":"","ast-site-content-layout":"","site-content-style":"default","site-sidebar-style":"default","ast-global-header-display":"","ast-banner-title-visibility":"","ast-main-header-display":"","ast-hfb-above-header-display":"","ast-hfb-below-header-display":"","ast-hfb-mobile-header-display":"","site-post-title":"","ast-breadcrumbs-content":"","ast-featured-img":"","footer-sml-layout":"","theme-transparent-header-meta":"","adv-header-id-meta":"","stick-header-meta":"","header-above-stick-meta":"","header-main-stick-meta":"","header-below-stick-meta":"","astra-migrate-meta-layouts":"default","ast-page-background-enabled":"default","ast-page-background-meta":{"desktop":{"background-color":"var(--ast-global-color-4)","background-image":"","background-repeat":"repeat","background-position":"center center","background-size":"auto","background-attachment":"scroll","background-type":"","background-media":"","overlay-type":"","overlay-color":"","overlay-opacity":"","overlay-gradient":""},"tablet":{"background-color":"","background-image":"","background-repeat":"repeat","background-position":"center center","background-size":"auto","background-attachment":"scroll","background-type":"","background-media":"","overlay-type":"","overlay-color":"","overlay-opacity":"","overlay-gradient":""},"mobile":{"background-color":"","background-image":"","background-repeat":"repeat","background-position":"center center","background-size":"auto","background-attachment":"scroll","background-type":"","background-media":"","overlay-type":"","overlay-color":"","overlay-opacity":"","overlay-gradient":""}},"ast-content-background-meta":{"desktop":{"background-color":"var(--ast-global-color-5)","background-image":"","background-repeat":"repeat","background-position":"center center","background-size":"auto","background-attachment":"scroll","background-type":"","background-media":"","overlay-type":"","overlay-color":"","overlay-opacity":"","overlay-gradient":""},"tablet":{"background-color":"var(--ast-global-color-5)","background-image":"","background-repeat":"repeat","background-position":"center center","background-size":"auto","background-attachment":"scroll","background-type":"","background-media":"","overlay-type":"","overlay-color":"","overlay-opacity":"","overlay-gradient":""},"mobile":{"background-color":"var(--ast-global-color-5)","background-image":"","background-repeat":"repeat","background-position":"center center","background-size":"auto","background-attachment":"scroll","background-type":"","background-media":"","overlay-type":"","overlay-color":"","overlay-opacity":"","overlay-gradient":""}},"footnotes":""},"categories":[1,29],"tags":[163,337],"class_list":["post-9354","post","type-post","status-publish","format-standard","has-post-thumbnail","hentry","category-general","category-portada","tag-educacio-infantil","tag-trac"],"post_mailing_queue_ids":[],"_links":{"self":[{"href":"https:\/\/serveiseducatius.xtec.cat\/vallesoccidental8\/wp-json\/wp\/v2\/posts\/9354","targetHints":{"allow":["GET"]}}],"collection":[{"href":"https:\/\/serveiseducatius.xtec.cat\/vallesoccidental8\/wp-json\/wp\/v2\/posts"}],"about":[{"href":"https:\/\/serveiseducatius.xtec.cat\/vallesoccidental8\/wp-json\/wp\/v2\/types\/post"}],"author":[{"embeddable":true,"href":"https:\/\/serveiseducatius.xtec.cat\/vallesoccidental8\/wp-json\/wp\/v2\/users\/1"}],"replies":[{"embeddable":true,"href":"https:\/\/serveiseducatius.xtec.cat\/vallesoccidental8\/wp-json\/wp\/v2\/comments?post=9354"}],"version-history":[{"count":1,"href":"https:\/\/serveiseducatius.xtec.cat\/vallesoccidental8\/wp-json\/wp\/v2\/posts\/9354\/revisions"}],"predecessor-version":[{"id":9356,"href":"https:\/\/serveiseducatius.xtec.cat\/vallesoccidental8\/wp-json\/wp\/v2\/posts\/9354\/revisions\/9356"}],"wp:featuredmedia":[{"embeddable":true,"href":"https:\/\/serveiseducatius.xtec.cat\/vallesoccidental8\/wp-json\/wp\/v2\/media\/9357"}],"wp:attachment":[{"href":"https:\/\/serveiseducatius.xtec.cat\/vallesoccidental8\/wp-json\/wp\/v2\/media?parent=9354"}],"wp:term":[{"taxonomy":"category","embeddable":true,"href":"https:\/\/serveiseducatius.xtec.cat\/vallesoccidental8\/wp-json\/wp\/v2\/categories?post=9354"},{"taxonomy":"post_tag","embeddable":true,"href":"https:\/\/serveiseducatius.xtec.cat\/vallesoccidental8\/wp-json\/wp\/v2\/tags?post=9354"}],"curies":[{"name":"wp","href":"https:\/\/api.w.org\/{rel}","templated":true}]}}