{"id":9189,"date":"2017-10-27T09:30:41","date_gmt":"2017-10-27T07:30:41","guid":{"rendered":"http:\/\/serveiseducatius.xtec.cat\/vallesoccidental8\/?p=9189"},"modified":"2017-10-27T09:30:41","modified_gmt":"2017-10-27T07:30:41","slug":"decret-de-latencio-educativa-a-lalumnat-en-el-marc-dun-sistema-educatiu-inclusiu","status":"publish","type":"post","link":"https:\/\/serveiseducatius.xtec.cat\/vallesoccidental8\/general\/decret-de-latencio-educativa-a-lalumnat-en-el-marc-dun-sistema-educatiu-inclusiu\/","title":{"rendered":"Decret de l\u2019atenci\u00f3 educativa a l\u2019alumnat en el  marc d\u2019un sistema educatiu inclusiu"},"content":{"rendered":"<p><strong>El Govern aprova el Decret de l&#8217;atenci\u00f3 educativa a l&#8217;alumnat en el marc d&#8217;un sistema educatiu inclusiu.<\/strong><\/p>\n<p>Aquest Decret significa un gran aven\u00e7, respecte a l&#8217;anterior Decret de 1997, en tant que suposa un canvi de paradigma en passar de l&#8217;escola inclusiva al <a href=\"http:\/\/ensenyament.gencat.cat\/ca\/canals\/sistema-educatiu-inclusiu\/\">sistema educatiu inclusiu<\/a>: t\u00e9 com a destinataris tots els alumnes en totes les etapes educatives.<\/p>\n<p><a href=\"http:\/\/dogc.gencat.cat\/ca\/pdogc_canals_interns\/pdogc_resultats_fitxa\/?action=fitxa&amp;documentId=799722&amp;language=ca_ES\"><strong>\u00a0Decret 15\/2017 de 17 d&#8217;octubre<\/strong><\/a><br \/>\n<iframe loading=\"lazy\" src=\"https:\/\/drive.google.com\/file\/d\/0B1V-Di4fP3t0NGtBYjhaUzNYN1U\/preview\" width=\"800\" height=\"600\"><\/iframe><\/p>\n<p>L&#8217;escola <strong>Pere Calders<\/strong> va sortir al telenot\u00edcies migdia de TV3 del dia 17-10-2017 en motiu de l&#8217;aprovaci\u00f3 del decret d&#8217;inclusi\u00f3 per part de la Generalitat.<\/p>\n<p>Les imatges que apareixen serveixen per il\u00b7lustrar que l&#8217;educaci\u00f3 per a TOTS \u00e9s possible i l&#8217;escola Pere Calders n&#8217;\u00e9s un molt bon exemple. Trobareu la noticia en el minut 51:54 de l&#8217;esmentat telenot\u00edcies.<\/p>\n<p>&nbsp;<\/p>\n<p><a href=\"http:\/\/www.ccma.cat\/tv3\/alacarta\/telenoticies-migdia\/telenoticies-migdia-17102017\/video\/5695079\/#\"><img loading=\"lazy\" decoding=\"async\" class=\"alignleft size-full wp-image-9195\" src=\"http:\/\/serveiseducatius.xtec.cat\/vallesoccidental8\/wp-content\/uploads\/usu1103\/2017\/10\/pere-calders.jpg\" alt=\"\" width=\"365\" height=\"400\" srcset=\"https:\/\/serveiseducatius.xtec.cat\/vallesoccidental8\/wp-content\/uploads\/usu1103\/2017\/10\/pere-calders.jpg 365w, https:\/\/serveiseducatius.xtec.cat\/vallesoccidental8\/wp-content\/uploads\/usu1103\/2017\/10\/pere-calders-274x300.jpg 274w\" sizes=\"auto, (max-width: 365px) 100vw, 365px\" \/><\/a><\/p>\n","protected":false},"excerpt":{"rendered":"<p>El Govern aprova el Decret de l&#8217;atenci\u00f3 educativa a l&#8217;alumnat en el marc d&#8217;un sistema educatiu inclusiu. Aquest Decret significa [&hellip;]<\/p>\n","protected":false},"author":1,"featured_media":9196,"comment_status":"open","ping_status":"closed","sticky":false,"template":"","format":"standard","meta":{"_bbp_topic_count":0,"_bbp_reply_count":0,"_bbp_total_topic_count":0,"_bbp_total_reply_count":0,"_bbp_voice_count":0,"_bbp_anonymous_reply_count":0,"_bbp_topic_count_hidden":0,"_bbp_reply_count_hidden":0,"_bbp_forum_subforum_count":0,"site-sidebar-layout":"default","site-content-layout":"","ast-site-content-layout":"","site-content-style":"default","site-sidebar-style":"default","ast-global-header-display":"","ast-banner-title-visibility":"","ast-main-header-display":"","ast-hfb-above-header-display":"","ast-hfb-below-header-display":"","ast-hfb-mobile-header-display":"","site-post-title":"","ast-breadcrumbs-content":"","ast-featured-img":"","footer-sml-layout":"","theme-transparent-header-meta":"","adv-header-id-meta":"","stick-header-meta":"","header-above-stick-meta":"","header-main-stick-meta":"","header-below-stick-meta":"","astra-migrate-meta-layouts":"default","ast-page-background-enabled":"default","ast-page-background-meta":{"desktop":{"background-color":"var(--ast-global-color-4)","background-image":"","background-repeat":"repeat","background-position":"center center","background-size":"auto","background-attachment":"scroll","background-type":"","background-media":"","overlay-type":"","overlay-color":"","overlay-opacity":"","overlay-gradient":""},"tablet":{"background-color":"","background-image":"","background-repeat":"repeat","background-position":"center center","background-size":"auto","background-attachment":"scroll","background-type":"","background-media":"","overlay-type":"","overlay-color":"","overlay-opacity":"","overlay-gradient":""},"mobile":{"background-color":"","background-image":"","background-repeat":"repeat","background-position":"center center","background-size":"auto","background-attachment":"scroll","background-type":"","background-media":"","overlay-type":"","overlay-color":"","overlay-opacity":"","overlay-gradient":""}},"ast-content-background-meta":{"desktop":{"background-color":"var(--ast-global-color-5)","background-image":"","background-repeat":"repeat","background-position":"center center","background-size":"auto","background-attachment":"scroll","background-type":"","background-media":"","overlay-type":"","overlay-color":"","overlay-opacity":"","overlay-gradient":""},"tablet":{"background-color":"var(--ast-global-color-5)","background-image":"","background-repeat":"repeat","background-position":"center center","background-size":"auto","background-attachment":"scroll","background-type":"","background-media":"","overlay-type":"","overlay-color":"","overlay-opacity":"","overlay-gradient":""},"mobile":{"background-color":"var(--ast-global-color-5)","background-image":"","background-repeat":"repeat","background-position":"center center","background-size":"auto","background-attachment":"scroll","background-type":"","background-media":"","overlay-type":"","overlay-color":"","overlay-opacity":"","overlay-gradient":""}},"footnotes":""},"categories":[1,29],"tags":[332],"class_list":["post-9189","post","type-post","status-publish","format-standard","has-post-thumbnail","hentry","category-general","category-portada","tag-decret-inclusio"],"post_mailing_queue_ids":[],"_links":{"self":[{"href":"https:\/\/serveiseducatius.xtec.cat\/vallesoccidental8\/wp-json\/wp\/v2\/posts\/9189","targetHints":{"allow":["GET"]}}],"collection":[{"href":"https:\/\/serveiseducatius.xtec.cat\/vallesoccidental8\/wp-json\/wp\/v2\/posts"}],"about":[{"href":"https:\/\/serveiseducatius.xtec.cat\/vallesoccidental8\/wp-json\/wp\/v2\/types\/post"}],"author":[{"embeddable":true,"href":"https:\/\/serveiseducatius.xtec.cat\/vallesoccidental8\/wp-json\/wp\/v2\/users\/1"}],"replies":[{"embeddable":true,"href":"https:\/\/serveiseducatius.xtec.cat\/vallesoccidental8\/wp-json\/wp\/v2\/comments?post=9189"}],"version-history":[{"count":3,"href":"https:\/\/serveiseducatius.xtec.cat\/vallesoccidental8\/wp-json\/wp\/v2\/posts\/9189\/revisions"}],"predecessor-version":[{"id":9198,"href":"https:\/\/serveiseducatius.xtec.cat\/vallesoccidental8\/wp-json\/wp\/v2\/posts\/9189\/revisions\/9198"}],"wp:featuredmedia":[{"embeddable":true,"href":"https:\/\/serveiseducatius.xtec.cat\/vallesoccidental8\/wp-json\/wp\/v2\/media\/9196"}],"wp:attachment":[{"href":"https:\/\/serveiseducatius.xtec.cat\/vallesoccidental8\/wp-json\/wp\/v2\/media?parent=9189"}],"wp:term":[{"taxonomy":"category","embeddable":true,"href":"https:\/\/serveiseducatius.xtec.cat\/vallesoccidental8\/wp-json\/wp\/v2\/categories?post=9189"},{"taxonomy":"post_tag","embeddable":true,"href":"https:\/\/serveiseducatius.xtec.cat\/vallesoccidental8\/wp-json\/wp\/v2\/tags?post=9189"}],"curies":[{"name":"wp","href":"https:\/\/api.w.org\/{rel}","templated":true}]}}