{"id":8358,"date":"2016-10-06T16:45:42","date_gmt":"2016-10-06T15:45:42","guid":{"rendered":"http:\/\/serveiseducatius.xtec.cat\/vallesoccidental8\/?p=8358"},"modified":"2016-10-06T16:47:02","modified_gmt":"2016-10-06T15:47:02","slug":"xiii-certamen-nacional-infantil-i-juvenil-de-lectura-en-veu-alta","status":"publish","type":"post","link":"https:\/\/serveiseducatius.xtec.cat\/vallesoccidental8\/portada\/xiii-certamen-nacional-infantil-i-juvenil-de-lectura-en-veu-alta\/","title":{"rendered":"XIII Certamen Nacional Infantil i Juvenil de Lectura en Veu Alta"},"content":{"rendered":"<div><a href=\"http:\/\/serveiseducatius.xtec.cat\/vallesoccidental8\/wp-content\/uploads\/usu1103\/2016\/10\/lecturaenveualta.jpg\"><img loading=\"lazy\" decoding=\"async\" class=\"alignleft wp-image-8359 size-medium\" src=\"http:\/\/serveiseducatius.xtec.cat\/vallesoccidental8\/wp-content\/uploads\/usu1103\/2016\/10\/lecturaenveualta-300x185.jpg\" alt=\"lecturaenveualta\" width=\"300\" height=\"185\" \/><\/a><\/div>\n<div>Us volem convidar a participar en el <b>XIII Certamen Nacional Infantil i Juvenil de Lectura en Veu Alta<\/b>, que convoquen la Fundaci\u00f3 Enciclop\u00e8dia Catalana i el Departament d&#8217;Ensenyament de la Generalitat de Catalunya.<\/div>\n<div><\/div>\n<div><b>De QU\u00c8 es tracta?<\/b> De difondre el gust per la lectura. D\u2019entrenar la lectura en veu alta, de perfeccionar la dicci\u00f3, el ritme, la cad\u00e8ncia de la veu&#8230; i tots els aspectes que calguin per fer passar una estona agradable a l\u2019oient.<\/div>\n<div><\/div>\n<div>Per aconseguir-ho <b>els alumnes de tota la classe han de treballar la lectura que proposem<\/b>. I per ajudar-vos amb les q\u00fcestions m\u00e9s t\u00e8cniques de la lectura oral, <b>cada any oferim per als docents un taller en el qual un professional els ofereix m\u00e8todes i recursos per treballar la lectura oral a classe<\/b>.<\/div>\n<div><\/div>\n<div>Al web del certamen \u00a0<a href=\"http:\/\/www.lecturaenveualta.cat\/\" target=\"_blank\" data-saferedirecturl=\"https:\/\/www.google.com\/url?hl=ca&amp;q=http:\/\/www.lecturaenveualta.cat\/&amp;source=gmail&amp;ust=1475854052610000&amp;usg=AFQjCNG2zc29XFM2Ex32pvbs4GkqUM6G3g\">www.lecturaenveualta.cat<\/a>\u00a0\u00a0<wbr \/>podeu llegir les bases, veure els recursos, les lectures previstes per aquest any, els certamen de cursos anteriors, etc. \u00a0i <b>\u00a0tamb\u00e9 hi podeu \u00a0<a href=\"http:\/\/www.lecturaenveualta.cat\" target=\"_blank\" data-saferedirecturl=\"https:\/\/www.google.com\/url?hl=ca&amp;q=http:\/\/www.lecturaenveualta.cat&amp;source=gmail&amp;ust=1475854052610000&amp;usg=AFQjCNGP9K5VnJxECT-sJtSOq5z6QE-xZA\">fer la inscripci\u00f3<\/a><\/b>\u00a0. El termini d\u2019inscripci\u00f3 \u00e9s del<b>\u00a03 d&#8217;octubre al 3 de novembre<\/b><\/div>\n<div><\/div>\n","protected":false},"excerpt":{"rendered":"<p>Us volem convidar a participar en el XIII Certamen Nacional Infantil i Juvenil de Lectura en Veu Alta, que convoquen [&hellip;]<\/p>\n","protected":false},"author":1,"featured_media":8359,"comment_status":"open","ping_status":"open","sticky":false,"template":"","format":"standard","meta":{"_bbp_topic_count":0,"_bbp_reply_count":0,"_bbp_total_topic_count":0,"_bbp_total_reply_count":0,"_bbp_voice_count":0,"_bbp_anonymous_reply_count":0,"_bbp_topic_count_hidden":0,"_bbp_reply_count_hidden":0,"_bbp_forum_subforum_count":0,"site-sidebar-layout":"default","site-content-layout":"","ast-site-content-layout":"","site-content-style":"default","site-sidebar-style":"default","ast-global-header-display":"","ast-banner-title-visibility":"","ast-main-header-display":"","ast-hfb-above-header-display":"","ast-hfb-below-header-display":"","ast-hfb-mobile-header-display":"","site-post-title":"","ast-breadcrumbs-content":"","ast-featured-img":"","footer-sml-layout":"","theme-transparent-header-meta":"","adv-header-id-meta":"","stick-header-meta":"","header-above-stick-meta":"","header-main-stick-meta":"","header-below-stick-meta":"","astra-migrate-meta-layouts":"default","ast-page-background-enabled":"default","ast-page-background-meta":{"desktop":{"background-color":"var(--ast-global-color-4)","background-image":"","background-repeat":"repeat","background-position":"center center","background-size":"auto","background-attachment":"scroll","background-type":"","background-media":"","overlay-type":"","overlay-color":"","overlay-opacity":"","overlay-gradient":""},"tablet":{"background-color":"","background-image":"","background-repeat":"repeat","background-position":"center center","background-size":"auto","background-attachment":"scroll","background-type":"","background-media":"","overlay-type":"","overlay-color":"","overlay-opacity":"","overlay-gradient":""},"mobile":{"background-color":"","background-image":"","background-repeat":"repeat","background-position":"center center","background-size":"auto","background-attachment":"scroll","background-type":"","background-media":"","overlay-type":"","overlay-color":"","overlay-opacity":"","overlay-gradient":""}},"ast-content-background-meta":{"desktop":{"background-color":"var(--ast-global-color-5)","background-image":"","background-repeat":"repeat","background-position":"center center","background-size":"auto","background-attachment":"scroll","background-type":"","background-media":"","overlay-type":"","overlay-color":"","overlay-opacity":"","overlay-gradient":""},"tablet":{"background-color":"var(--ast-global-color-5)","background-image":"","background-repeat":"repeat","background-position":"center center","background-size":"auto","background-attachment":"scroll","background-type":"","background-media":"","overlay-type":"","overlay-color":"","overlay-opacity":"","overlay-gradient":""},"mobile":{"background-color":"var(--ast-global-color-5)","background-image":"","background-repeat":"repeat","background-position":"center center","background-size":"auto","background-attachment":"scroll","background-type":"","background-media":"","overlay-type":"","overlay-color":"","overlay-opacity":"","overlay-gradient":""}},"footnotes":""},"categories":[29],"tags":[],"class_list":["post-8358","post","type-post","status-publish","format-standard","has-post-thumbnail","hentry","category-portada"],"post_mailing_queue_ids":[],"_links":{"self":[{"href":"https:\/\/serveiseducatius.xtec.cat\/vallesoccidental8\/wp-json\/wp\/v2\/posts\/8358","targetHints":{"allow":["GET"]}}],"collection":[{"href":"https:\/\/serveiseducatius.xtec.cat\/vallesoccidental8\/wp-json\/wp\/v2\/posts"}],"about":[{"href":"https:\/\/serveiseducatius.xtec.cat\/vallesoccidental8\/wp-json\/wp\/v2\/types\/post"}],"author":[{"embeddable":true,"href":"https:\/\/serveiseducatius.xtec.cat\/vallesoccidental8\/wp-json\/wp\/v2\/users\/1"}],"replies":[{"embeddable":true,"href":"https:\/\/serveiseducatius.xtec.cat\/vallesoccidental8\/wp-json\/wp\/v2\/comments?post=8358"}],"version-history":[{"count":1,"href":"https:\/\/serveiseducatius.xtec.cat\/vallesoccidental8\/wp-json\/wp\/v2\/posts\/8358\/revisions"}],"predecessor-version":[{"id":8360,"href":"https:\/\/serveiseducatius.xtec.cat\/vallesoccidental8\/wp-json\/wp\/v2\/posts\/8358\/revisions\/8360"}],"wp:featuredmedia":[{"embeddable":true,"href":"https:\/\/serveiseducatius.xtec.cat\/vallesoccidental8\/wp-json\/wp\/v2\/media\/8359"}],"wp:attachment":[{"href":"https:\/\/serveiseducatius.xtec.cat\/vallesoccidental8\/wp-json\/wp\/v2\/media?parent=8358"}],"wp:term":[{"taxonomy":"category","embeddable":true,"href":"https:\/\/serveiseducatius.xtec.cat\/vallesoccidental8\/wp-json\/wp\/v2\/categories?post=8358"},{"taxonomy":"post_tag","embeddable":true,"href":"https:\/\/serveiseducatius.xtec.cat\/vallesoccidental8\/wp-json\/wp\/v2\/tags?post=8358"}],"curies":[{"name":"wp","href":"https:\/\/api.w.org\/{rel}","templated":true}]}}