{"id":17331,"date":"2026-01-19T11:50:13","date_gmt":"2026-01-19T10:50:13","guid":{"rendered":"https:\/\/serveiseducatius.xtec.cat\/vallesoccidental8\/?p=17331"},"modified":"2026-01-19T11:50:16","modified_gmt":"2026-01-19T10:50:16","slug":"obert-el-2n-torn-dinscripcio-al-pla-de-formacio-de-zona-pfz","status":"publish","type":"post","link":"https:\/\/serveiseducatius.xtec.cat\/vallesoccidental8\/portada\/obert-el-2n-torn-dinscripcio-al-pla-de-formacio-de-zona-pfz\/","title":{"rendered":"Obert el 2n torn d\u2019inscripci\u00f3 al Pla de Formaci\u00f3 de Zona (PFZ)"},"content":{"rendered":"\n<figure class=\"wp-block-image alignleft is-resized\"><a href=\"https:\/\/serveiseducatius.xtec.cat\/vallesoccidental8\/wp-content\/uploads\/usu1103\/2015\/11\/pfz.jpg\"><img loading=\"lazy\" decoding=\"async\" width=\"258\" height=\"195\" src=\"https:\/\/serveiseducatius.xtec.cat\/vallesoccidental8\/wp-content\/uploads\/usu1103\/2015\/11\/pfz.jpg\" alt=\"\" class=\"wp-image-422\" style=\"width:174px;height:auto\" srcset=\"https:\/\/serveiseducatius.xtec.cat\/vallesoccidental8\/wp-content\/uploads\/usu1103\/2015\/11\/pfz.jpg 258w, https:\/\/serveiseducatius.xtec.cat\/vallesoccidental8\/wp-content\/uploads\/usu1103\/2015\/11\/pfz-200x150.jpg 200w\" sizes=\"auto, (max-width: 258px) 100vw, 258px\" \/><\/a><\/figure>\n\n\n\n<p><a href=\"https:\/\/aplicacions.gestioeducativa.gencat.cat\/pls\/soloas\/pk_for_mod_ins.p_for_cons_activitats?p_header=&amp;p_crp_txt=Vall%E8s%20Occidental%20VIII.%20Castellar%20del%20Vall%E8s&amp;p_totes=N&amp;p_totes=N&amp;p_excloure_crp_rec=T&amp;p_inici=1\"><strong>Inscripcions<\/strong><\/a><a href=\"https:\/\/aplicacions.gestioeducativa.gencat.cat\/pls\/soloas\/pk_for_mod_ins.p_for_cons_activitats?p_header=Selecci%F3%5Epk_for_mod_ins.p_for_form_cons_act?p_excloure_crp_rec=T&amp;p_crp=408&amp;p_crp_txt=Vall%E8s%20Occidental%20VIII.%20Castellar%20del%20Vall%E8s&amp;p_totes=N&amp;p_totes=N&amp;p_excloure_crp_rec=T&amp;p_inici=1\" target=\"_blank\" rel=\"noreferrer noopener\"><strong>:<\/strong><\/a> Del 7 al 15 de gener de 2026.<\/p>\n\n\n\n<p><strong>Consulta d&#8217;adjudicacions:<\/strong> 30 de gener de 2026.<\/p>\n\n\n\n<p><strong>Activitats formatives del Servei Educatiu Vall\u00e8s Occidental VIII<\/strong><\/p>\n\n\n\n<div class=\"wp-block-getwid-accordion has-icon-left\" data-active-element=\"none\">\n<div class=\"wp-block-getwid-accordion__header-wrapper\"><span class=\"wp-block-getwid-accordion__header\"><a href=\"#\"><span class=\"wp-block-getwid-accordion__header-title\"><strong>Artivisme a l&#8217;aula: transformar l&#8217;educaci\u00f3 a trav\u00e9s de l&#8217;art i l&#8217;acci\u00f3<\/strong>. Certificaci\u00f3 10 hores. <\/span><span class=\"wp-block-getwid-accordion__icon is-active\"><i class=\"fas fa-plus\"><\/i><\/span><span class=\"wp-block-getwid-accordion__icon is-passive\"><i class=\"fas fa-minus\"><\/i><\/span><\/a><\/span><\/div><div class=\"wp-block-getwid-accordion__content-wrapper\"><div class=\"wp-block-getwid-accordion__content\">\n<p>A c\u00e0rrec de <strong>Xavier N\u00fa\u00f1ez<\/strong><\/p>\n\n\n\n<p><strong>11-18-25 de febrer de 2026, <\/strong>de <strong>17,30h a 19,30h,<\/strong><strong><\/strong> a l\u2019Escola Folch i Torres de <strong>Palau-solit\u00e0 i Plegamans<\/strong><strong><\/strong><\/p>\n\n\n\n<p>L\u2019artivisme com a eina pedag\u00f2gica per connectar escola, entorn i comunitat. Des d\u2019una mirada inclusiva, es combinaran inspiraci\u00f3, pr\u00e0ctiques creatives i reflexi\u00f3 compartida.<\/p>\n\n\n\n<p><a href=\"https:\/\/aplicacions.gestioeducativa.gencat.cat\/ords\/pls\/soloas\/pk_for_mod_ins.p_for_detall_activitat?p_codi=4080421408&amp;p_curs=2025-2026&amp;p_es_inscr=S\">Enlla\u00e7 d&#8217;inscripci\u00f3<\/a><\/p>\n<\/div><\/div>\n\n\n\n<div class=\"wp-block-getwid-accordion__header-wrapper\"><span class=\"wp-block-getwid-accordion__header\"><a href=\"#\"><span class=\"wp-block-getwid-accordion__header-title\"><strong>Llegir imatges: Claus per desxifrar el llenguatge audiovisual a l&#8217;escola. BRAM 2026<\/strong> <\/span><span class=\"wp-block-getwid-accordion__icon is-active\"><i class=\"fas fa-plus\"><\/i><\/span><span class=\"wp-block-getwid-accordion__icon is-passive\"><i class=\"fas fa-minus\"><\/i><\/span><\/a><\/span><\/div><div class=\"wp-block-getwid-accordion__content-wrapper\"><div class=\"wp-block-getwid-accordion__content\">\n<p>A c\u00e0rrec<strong> <\/strong>de<strong> Quim Ribalta<\/strong><strong><\/strong><\/p>\n\n\n\n<p><strong>19 de gener de 2026, <\/strong>de <strong>17,30h a 19,30h<\/strong>, a la sala d\u2019actes d\u2019El Mirador de <strong>Castellar del Vall\u00e8s<\/strong><\/p>\n\n\n\n<p>Sessi\u00f3 formativa emmarcada en el context del Festival de Cinema BRAM de Castellar del Vall\u00e8s que t\u00e9 com a objectiu apropar el llenguatge audiovisual a l\u2019aula com a eina d\u2019aprenentatge, expressi\u00f3 i foment de la mirada cr\u00edtica.<\/p>\n\n\n\n<p><a href=\"https:\/\/aplicacions.gestioeducativa.gencat.cat\/ords\/pls\/soloas\/pk_for_mod_ins.p_for_detall_activitat?p_codi=4080681408&amp;p_curs=2025-2026&amp;p_es_inscr=S\">Enlla\u00e7 d&#8217;inscripci\u00f3<\/a><\/p>\n<\/div><\/div>\n\n\n\n<div class=\"wp-block-getwid-accordion__header-wrapper\"><span class=\"wp-block-getwid-accordion__header\"><a href=\"#\"><span class=\"wp-block-getwid-accordion__header-title\"><strong>Ready, Steady, Speak<\/strong> i<strong> Engaging English for all learners<\/strong><\/span><span class=\"wp-block-getwid-accordion__icon is-active\"><i class=\"fas fa-plus\"><\/i><\/span><span class=\"wp-block-getwid-accordion__icon is-passive\"><i class=\"fas fa-minus\"><\/i><\/span><\/a><\/span><\/div><div class=\"wp-block-getwid-accordion__content-wrapper\"><div class=\"wp-block-getwid-accordion__content\">\n<p>A c\u00e0rrec de <strong>Jennifer Padilla<\/strong> i<strong> <\/strong> de <strong>Silvia Corominas<\/strong><\/p>\n\n\n\n<p><strong>26 de gener<\/strong><strong> <\/strong><strong>i 2 de mar\u00e7<\/strong> de 2026 de <strong>17,30 a 19,30h<\/strong> a <strong>Palau-solit\u00e0 i Plegamans.<\/strong><\/p>\n\n\n\n<p><a href=\"https:\/\/aplicacions.gestioeducativa.gencat.cat\/ords\/pls\/soloas\/pk_for_mod_ins.p_for_detall_activitat?p_codi=4080161408&amp;p_curs=2025-2026&amp;p_es_inscr=S\">Enlla\u00e7 d&#8217;inscripci\u00f3<\/a><\/p>\n<\/div><\/div>\n<\/div>\n\n\n\n<hr class=\"wp-block-separator has-alpha-channel-opacity is-style-wide\"\/>\n\n\n\n<div class=\"wp-block-getwid-toggle has-icon-left\">\n<div class=\"wp-block-getwid-toggle__row\"><div class=\"wp-block-getwid-toggle__header-wrapper\"><span class=\"wp-block-getwid-toggle__header\"><a href=\"#\"><span class=\"wp-block-getwid-toggle__header-title\"><strong>Millora de la conviv\u00e8ncia escolar<\/strong>. COCOBE<\/span><span class=\"wp-block-getwid-toggle__icon is-active\"><i class=\"fas fa-plus\"><\/i><\/span><span class=\"wp-block-getwid-toggle__icon is-passive\"><i class=\"fas fa-minus\"><\/i><\/span><\/a><\/span><\/div><div class=\"wp-block-getwid-toggle__content-wrapper\"><div class=\"wp-block-getwid-toggle__content\">\n<p><strong>20 de gener i 3 de mar\u00e7<\/strong> de 2026 &#8211; de <strong>17,30 a 19,30h<\/strong> al Servei Educatiu VOC VIII &#8211; <strong>Castellar del Vall\u00e8s.<\/strong><\/p>\n\n\n\n<p><a href=\"https:\/\/aplicacions.gestioeducativa.gencat.cat\/ords\/pls\/soloas\/pk_for_mod_ins.p_for_detall_activitat?p_codi=4080221408&amp;p_curs=2025-2026&amp;p_es_inscr=S\">Enlla\u00e7 d&#8217;inscripci\u00f3<\/a> <\/p>\n<\/div><\/div><\/div>\n\n\n\n<div class=\"wp-block-getwid-toggle__row\"><div class=\"wp-block-getwid-toggle__header-wrapper\"><span class=\"wp-block-getwid-toggle__header\"><a href=\"#\"><span class=\"wp-block-getwid-toggle__header-title\"><strong>Un cos sonor en moviment<\/strong><\/span><span class=\"wp-block-getwid-toggle__icon is-active\"><i class=\"fas fa-plus\"><\/i><\/span><span class=\"wp-block-getwid-toggle__icon is-passive\"><i class=\"fas fa-minus\"><\/i><\/span><\/a><\/span><\/div><div class=\"wp-block-getwid-toggle__content-wrapper\"><div class=\"wp-block-getwid-toggle__content\">\n<p>A c\u00e0rrec de <strong>Xavier Manyoses<\/strong><\/p>\n\n\n\n<p><strong>22 de gener<\/strong><strong> <\/strong><strong>i 5 de febrer<\/strong> de 2026 &#8211; de <strong>17,30 a 19,30h <\/strong>a l\u2019escola <strong>Can Sorts<\/strong> (Sentmenat)<\/p>\n\n\n\n<p><a href=\"https:\/\/aplicacions.gestioeducativa.gencat.cat\/ords\/pls\/soloas\/pk_for_mod_ins.p_for_detall_activitat?p_codi=4080271408&amp;p_curs=2025-2026&amp;p_es_inscr=S\">Enlla\u00e7 d&#8217;inscripci\u00f3<\/a><\/p>\n<\/div><\/div><\/div>\n\n\n\n<div class=\"wp-block-getwid-toggle__row\"><div class=\"wp-block-getwid-toggle__header-wrapper\"><span class=\"wp-block-getwid-toggle__header\"><a href=\"#\"><span class=\"wp-block-getwid-toggle__header-title\"><strong>XV JORNADA D\u2019EDUCACI\u00d3 INFANTIL<\/strong>. <strong>Sentir, moure, cr\u00e9ixer: redescobrir la psicomotricitat.<\/strong><\/span><span class=\"wp-block-getwid-toggle__icon is-active\"><i class=\"fas fa-plus\"><\/i><\/span><span class=\"wp-block-getwid-toggle__icon is-passive\"><i class=\"fas fa-minus\"><\/i><\/span><\/a><\/span><\/div><div class=\"wp-block-getwid-toggle__content-wrapper\"><div class=\"wp-block-getwid-toggle__content\">\n<p>A c\u00e0rrec <strong>de Meritxell Blanco.<\/strong><strong><\/strong><\/p>\n\n\n\n<p><strong>11 d\u2019abril <\/strong>de<strong> 9.30h a 13.00h <\/strong>a <strong>Poliny\u00e0 (espai a concretar).<\/strong><strong><\/strong><\/p>\n\n\n\n<p><a href=\"https:\/\/aplicacions.gestioeducativa.gencat.cat\/ords\/pls\/soloas\/pk_for_mod_ins.p_for_detall_activitat?p_codi=4080691408&amp;p_curs=2025-2026&amp;p_es_inscr=S\">Enlla\u00e7 d&#8217;inscripci\u00f3<\/a><\/p>\n<\/div><\/div><\/div>\n<\/div>\n\n\n\n<p><\/p>\n","protected":false},"excerpt":{"rendered":"<p>Inscripcions: Del 7 al 15 de gener de 2026. Consulta d&#8217;adjudicacions: 30 de gener de 2026. Activitats formatives del Servei [&hellip;]<\/p>\n","protected":false},"author":20,"featured_media":17342,"comment_status":"open","ping_status":"open","sticky":false,"template":"","format":"standard","meta":{"_bbp_topic_count":0,"_bbp_reply_count":0,"_bbp_total_topic_count":0,"_bbp_total_reply_count":0,"_bbp_voice_count":0,"_bbp_anonymous_reply_count":0,"_bbp_topic_count_hidden":0,"_bbp_reply_count_hidden":0,"_bbp_forum_subforum_count":0,"site-sidebar-layout":"default","site-content-layout":"","ast-site-content-layout":"default","site-content-style":"default","site-sidebar-style":"default","ast-global-header-display":"","ast-banner-title-visibility":"","ast-main-header-display":"","ast-hfb-above-header-display":"","ast-hfb-below-header-display":"","ast-hfb-mobile-header-display":"","site-post-title":"","ast-breadcrumbs-content":"","ast-featured-img":"","footer-sml-layout":"","theme-transparent-header-meta":"","adv-header-id-meta":"","stick-header-meta":"","header-above-stick-meta":"","header-main-stick-meta":"","header-below-stick-meta":"","astra-migrate-meta-layouts":"set","ast-page-background-enabled":"default","ast-page-background-meta":{"desktop":{"background-color":"var(--ast-global-color-4)","background-image":"","background-repeat":"repeat","background-position":"center center","background-size":"auto","background-attachment":"scroll","background-type":"","background-media":"","overlay-type":"","overlay-color":"","overlay-opacity":"","overlay-gradient":""},"tablet":{"background-color":"","background-image":"","background-repeat":"repeat","background-position":"center center","background-size":"auto","background-attachment":"scroll","background-type":"","background-media":"","overlay-type":"","overlay-color":"","overlay-opacity":"","overlay-gradient":""},"mobile":{"background-color":"","background-image":"","background-repeat":"repeat","background-position":"center center","background-size":"auto","background-attachment":"scroll","background-type":"","background-media":"","overlay-type":"","overlay-color":"","overlay-opacity":"","overlay-gradient":""}},"ast-content-background-meta":{"desktop":{"background-color":"var(--ast-global-color-5)","background-image":"","background-repeat":"repeat","background-position":"center center","background-size":"auto","background-attachment":"scroll","background-type":"","background-media":"","overlay-type":"","overlay-color":"","overlay-opacity":"","overlay-gradient":""},"tablet":{"background-color":"var(--ast-global-color-5)","background-image":"","background-repeat":"repeat","background-position":"center center","background-size":"auto","background-attachment":"scroll","background-type":"","background-media":"","overlay-type":"","overlay-color":"","overlay-opacity":"","overlay-gradient":""},"mobile":{"background-color":"var(--ast-global-color-5)","background-image":"","background-repeat":"repeat","background-position":"center center","background-size":"auto","background-attachment":"scroll","background-type":"","background-media":"","overlay-type":"","overlay-color":"","overlay-opacity":"","overlay-gradient":""}},"footnotes":""},"categories":[153,29],"tags":[],"class_list":["post-17331","post","type-post","status-publish","format-standard","has-post-thumbnail","hentry","category-pfz","category-portada"],"post_mailing_queue_ids":[],"_links":{"self":[{"href":"https:\/\/serveiseducatius.xtec.cat\/vallesoccidental8\/wp-json\/wp\/v2\/posts\/17331","targetHints":{"allow":["GET"]}}],"collection":[{"href":"https:\/\/serveiseducatius.xtec.cat\/vallesoccidental8\/wp-json\/wp\/v2\/posts"}],"about":[{"href":"https:\/\/serveiseducatius.xtec.cat\/vallesoccidental8\/wp-json\/wp\/v2\/types\/post"}],"author":[{"embeddable":true,"href":"https:\/\/serveiseducatius.xtec.cat\/vallesoccidental8\/wp-json\/wp\/v2\/users\/20"}],"replies":[{"embeddable":true,"href":"https:\/\/serveiseducatius.xtec.cat\/vallesoccidental8\/wp-json\/wp\/v2\/comments?post=17331"}],"version-history":[{"count":6,"href":"https:\/\/serveiseducatius.xtec.cat\/vallesoccidental8\/wp-json\/wp\/v2\/posts\/17331\/revisions"}],"predecessor-version":[{"id":17346,"href":"https:\/\/serveiseducatius.xtec.cat\/vallesoccidental8\/wp-json\/wp\/v2\/posts\/17331\/revisions\/17346"}],"wp:featuredmedia":[{"embeddable":true,"href":"https:\/\/serveiseducatius.xtec.cat\/vallesoccidental8\/wp-json\/wp\/v2\/media\/17342"}],"wp:attachment":[{"href":"https:\/\/serveiseducatius.xtec.cat\/vallesoccidental8\/wp-json\/wp\/v2\/media?parent=17331"}],"wp:term":[{"taxonomy":"category","embeddable":true,"href":"https:\/\/serveiseducatius.xtec.cat\/vallesoccidental8\/wp-json\/wp\/v2\/categories?post=17331"},{"taxonomy":"post_tag","embeddable":true,"href":"https:\/\/serveiseducatius.xtec.cat\/vallesoccidental8\/wp-json\/wp\/v2\/tags?post=17331"}],"curies":[{"name":"wp","href":"https:\/\/api.w.org\/{rel}","templated":true}]}}