{"id":17174,"date":"2025-12-01T09:38:00","date_gmt":"2025-12-01T08:38:00","guid":{"rendered":"https:\/\/serveiseducatius.xtec.cat\/vallesoccidental8\/?p=17174"},"modified":"2025-11-27T14:48:33","modified_gmt":"2025-11-27T13:48:33","slug":"exposicio-del-vermell-al-negre-fins-al-5-de-desembre","status":"publish","type":"post","link":"https:\/\/serveiseducatius.xtec.cat\/vallesoccidental8\/portada\/exposicio-del-vermell-al-negre-fins-al-5-de-desembre\/","title":{"rendered":"Exposici\u00f3: \u201cDel vermell al negre\u201d (fins al 5 de desembre)"},"content":{"rendered":"\n<p>Un any m\u00e9s, per commemorar el 25N, l\u2019Escola Municipal de Persones Adultes Les Teixidores, de Castellar del Vall\u00e8s, ha organitzat un acte per conscienciar al p\u00fablic de la import\u00e0ncia de combatre la viol\u00e8ncia envers les dones. Aquest 2025, la proposta de l\u2019equipament ha sigut<a href=\"https:\/\/www.castellarvalles.cat\/14352\/acte\/16522\/\"> l\u2019exposici\u00f3 \u201cDel vermell al negre\u201d<\/a>, que a trav\u00e9s de representacions art\u00edstiques s\u2019ha volgut donar visibilitat a la hist\u00f2ria de les dones assassinades aquest any. L\u2019exposici\u00f3 ha comptat amb la col\u00b7laboraci\u00f3 del col\u00b7lectiu d\u2019artistes Art_08211 de Castellar del Vall\u00e8s i d\u2019estudiants del batxillerat art\u00edstic de l\u2019Institut Castellar.<\/p>\n\n\n\n<p>Una mostra que dona visibilitat a la hist\u00f2ria de les dones assassinades aquest any i que es podr\u00e0 visitar fins al 5 de desembre.<\/p>\n\n\n\n<p><strong>Adre\u00e7a |<\/strong> C. dels Pedrissos, 9, Local  (Castellar del Vall\u00e8s)        <strong>Tel |<\/strong> 93 714 83 55<\/p>\n\n\n\n<figure class=\"wp-block-embed is-type-video is-provider-youtube wp-block-embed-youtube wp-embed-aspect-16-9 wp-has-aspect-ratio\"><div class=\"wp-block-embed__wrapper\">\n<div class=\"ast-oembed-container \" style=\"height: 100%;\"><iframe loading=\"lazy\" title=\"Acte del 25N a l&#039;EMPA &#039;Les Teixidores&#039;. Castellar del Vall\u00e8s 2025\" width=\"500\" height=\"281\" src=\"https:\/\/www.youtube.com\/embed\/h-2ltyxpfjc?feature=oembed\" frameborder=\"0\" allow=\"accelerometer; autoplay; clipboard-write; encrypted-media; gyroscope; picture-in-picture; web-share\" referrerpolicy=\"strict-origin-when-cross-origin\" allowfullscreen><\/iframe><\/div>\n<\/div><\/figure>\n\n\n\n<p><\/p>\n","protected":false},"excerpt":{"rendered":"<p>Un any m\u00e9s, per commemorar el 25N, l\u2019Escola Municipal de Persones Adultes Les Teixidores, de Castellar del Vall\u00e8s, ha organitzat [&hellip;]<\/p>\n","protected":false},"author":71,"featured_media":17178,"comment_status":"open","ping_status":"open","sticky":false,"template":"","format":"standard","meta":{"_bbp_topic_count":0,"_bbp_reply_count":0,"_bbp_total_topic_count":0,"_bbp_total_reply_count":0,"_bbp_voice_count":0,"_bbp_anonymous_reply_count":0,"_bbp_topic_count_hidden":0,"_bbp_reply_count_hidden":0,"_bbp_forum_subforum_count":0,"site-sidebar-layout":"default","site-content-layout":"","ast-site-content-layout":"default","site-content-style":"default","site-sidebar-style":"default","ast-global-header-display":"","ast-banner-title-visibility":"","ast-main-header-display":"","ast-hfb-above-header-display":"","ast-hfb-below-header-display":"","ast-hfb-mobile-header-display":"","site-post-title":"","ast-breadcrumbs-content":"","ast-featured-img":"","footer-sml-layout":"","theme-transparent-header-meta":"","adv-header-id-meta":"","stick-header-meta":"","header-above-stick-meta":"","header-main-stick-meta":"","header-below-stick-meta":"","astra-migrate-meta-layouts":"set","ast-page-background-enabled":"default","ast-page-background-meta":{"desktop":{"background-color":"var(--ast-global-color-4)","background-image":"","background-repeat":"repeat","background-position":"center center","background-size":"auto","background-attachment":"scroll","background-type":"","background-media":"","overlay-type":"","overlay-color":"","overlay-opacity":"","overlay-gradient":""},"tablet":{"background-color":"","background-image":"","background-repeat":"repeat","background-position":"center center","background-size":"auto","background-attachment":"scroll","background-type":"","background-media":"","overlay-type":"","overlay-color":"","overlay-opacity":"","overlay-gradient":""},"mobile":{"background-color":"","background-image":"","background-repeat":"repeat","background-position":"center center","background-size":"auto","background-attachment":"scroll","background-type":"","background-media":"","overlay-type":"","overlay-color":"","overlay-opacity":"","overlay-gradient":""}},"ast-content-background-meta":{"desktop":{"background-color":"var(--ast-global-color-5)","background-image":"","background-repeat":"repeat","background-position":"center center","background-size":"auto","background-attachment":"scroll","background-type":"","background-media":"","overlay-type":"","overlay-color":"","overlay-opacity":"","overlay-gradient":""},"tablet":{"background-color":"var(--ast-global-color-5)","background-image":"","background-repeat":"repeat","background-position":"center center","background-size":"auto","background-attachment":"scroll","background-type":"","background-media":"","overlay-type":"","overlay-color":"","overlay-opacity":"","overlay-gradient":""},"mobile":{"background-color":"var(--ast-global-color-5)","background-image":"","background-repeat":"repeat","background-position":"center center","background-size":"auto","background-attachment":"scroll","background-type":"","background-media":"","overlay-type":"","overlay-color":"","overlay-opacity":"","overlay-gradient":""}},"footnotes":""},"categories":[29],"tags":[],"class_list":["post-17174","post","type-post","status-publish","format-standard","has-post-thumbnail","hentry","category-portada"],"post_mailing_queue_ids":[],"_links":{"self":[{"href":"https:\/\/serveiseducatius.xtec.cat\/vallesoccidental8\/wp-json\/wp\/v2\/posts\/17174","targetHints":{"allow":["GET"]}}],"collection":[{"href":"https:\/\/serveiseducatius.xtec.cat\/vallesoccidental8\/wp-json\/wp\/v2\/posts"}],"about":[{"href":"https:\/\/serveiseducatius.xtec.cat\/vallesoccidental8\/wp-json\/wp\/v2\/types\/post"}],"author":[{"embeddable":true,"href":"https:\/\/serveiseducatius.xtec.cat\/vallesoccidental8\/wp-json\/wp\/v2\/users\/71"}],"replies":[{"embeddable":true,"href":"https:\/\/serveiseducatius.xtec.cat\/vallesoccidental8\/wp-json\/wp\/v2\/comments?post=17174"}],"version-history":[{"count":1,"href":"https:\/\/serveiseducatius.xtec.cat\/vallesoccidental8\/wp-json\/wp\/v2\/posts\/17174\/revisions"}],"predecessor-version":[{"id":17179,"href":"https:\/\/serveiseducatius.xtec.cat\/vallesoccidental8\/wp-json\/wp\/v2\/posts\/17174\/revisions\/17179"}],"wp:featuredmedia":[{"embeddable":true,"href":"https:\/\/serveiseducatius.xtec.cat\/vallesoccidental8\/wp-json\/wp\/v2\/media\/17178"}],"wp:attachment":[{"href":"https:\/\/serveiseducatius.xtec.cat\/vallesoccidental8\/wp-json\/wp\/v2\/media?parent=17174"}],"wp:term":[{"taxonomy":"category","embeddable":true,"href":"https:\/\/serveiseducatius.xtec.cat\/vallesoccidental8\/wp-json\/wp\/v2\/categories?post=17174"},{"taxonomy":"post_tag","embeddable":true,"href":"https:\/\/serveiseducatius.xtec.cat\/vallesoccidental8\/wp-json\/wp\/v2\/tags?post=17174"}],"curies":[{"name":"wp","href":"https:\/\/api.w.org\/{rel}","templated":true}]}}