{"id":13928,"date":"2023-09-14T11:52:23","date_gmt":"2023-09-14T09:52:23","guid":{"rendered":"https:\/\/serveiseducatius.xtec.cat\/vallesoccidental8\/?p=13928"},"modified":"2023-09-14T11:54:05","modified_gmt":"2023-09-14T09:54:05","slug":"la-intelligencia-artificial-en-el-mon-educatiu-reptes-i-oportunitats-acte-inici-de-curs-2023-2024","status":"publish","type":"post","link":"https:\/\/serveiseducatius.xtec.cat\/vallesoccidental8\/general\/la-intelligencia-artificial-en-el-mon-educatiu-reptes-i-oportunitats-acte-inici-de-curs-2023-2024\/","title":{"rendered":"&#8220;La intel\u00b7lig\u00e8ncia Artificial en el m\u00f3n educatiu: Reptes i Oportunitats&#8221; &#8211; Acte inici de curs 2023 -2024"},"content":{"rendered":"<div class=\"gmail_default\">\n<p><em>Us heu plantejat quins reptes suposa la irrupci\u00f3 de la <strong>intel\u00b7lig\u00e8ncia artificial en l&#8217;\u00e0mbit educatiu<\/strong> i de quina manera aquesta tecnologia ha transformat la manera com s&#8217;organitza, s&#8217;imparteix i s&#8217;avalua l&#8217;ensenyament i aprenentatge, tot oferint oportunitats per a una <strong>educaci\u00f3 m\u00e9s personalitzada, eficient i inclusiva?<\/strong><\/em><\/p>\n<p><em>Us heu preguntat de quina manera <strong>pot contribuir la IA<\/strong> a la personalitzaci\u00f3 de l&#8217;aprenentatge, l&#8217;acc\u00e9s a la informaci\u00f3, la innovaci\u00f3 en la creaci\u00f3 de contingut educatiu, l&#8217;avaluaci\u00f3, l&#8217;accessibilitat o el desenvolupament de compet\u00e8ncies del segle XXI com la resoluci\u00f3 de problemes, la creativitat o el pensament cr\u00edtic?<\/em><\/p>\n<p><em>Us sonen conceptes com Intel\u00b7lig\u00e8ncia Artificial generativa i IA conversacional o eines com <strong>Chat GPT, Bing o Bard?<\/strong><\/em><\/p>\n<p>Per donar resposta a aquestes preguntes, ens plau convidar-vos a l&#8217;acte d&#8217;inici de curs del Servei Educatiu del Vall\u00e8s Occidental VIII, que tindr\u00e0 lloc el proper <strong>dijous 21 de setembre a les 18h a l&#8217;equipament municipal El Roure (Casal de la gent Gran) de Poliny\u00e0, al C\/Ernest Lluch, 7.<\/strong><\/p>\n<p><strong>L\u2019Ajuntament de Poliny\u00e0<\/strong> i el <strong>Servei Educatiu del Vall\u00e8s Occidental VIII<\/strong> us convidem a fer un apassionant recorregut pel m\u00f3n de la <strong>Intel\u00b7lig\u00e8ncia Artificial aplicada a l&#8217;\u00e0mbit educatiu<\/strong>. En aquesta pon\u00e8ncia, explorarem com la IA generativa conversacional est\u00e0 transformant l&#8217;aprenentatge i les oportunitats que aquest canvi de paradigma ofereix en el context educatiu, tot abordant els reptes que ens presenta.<\/p>\n<p>La confer\u00e8ncia inaugural, amb el t\u00edtol <strong>&#8220;La intel\u00b7lig\u00e8ncia Artificial en el m\u00f3n educatiu: Reptes i Oportunitats&#8221;<\/strong>, anir\u00e0 a c\u00e0rrec de <strong>Pep Mart\u00ednez<\/strong> i <strong>Miquel \u00c0ngel Mora<\/strong>, consultors d\u2019innovaci\u00f3 estrat\u00e8gica, formadors, emprenedors i mentors de startups, i plantejar\u00e0 una introducci\u00f3 a la IA generativa i conversacional text a text (Chat GPT, Bing i Bard), i al funcionament del Chat GPT, tot presentant <strong>exemples pr\u00e0ctics i recomanacions<\/strong> per aconseguir bons resultats amb la IA generativa conversacional centrats en l&#8217;\u00e0mbit educatiu.<\/p>\n<p><strong>Maite Fons Aumedes<\/strong>, Directora dels Serveis Territorials del Departament d\u2019Educaci\u00f3 al Vall\u00e8s Occidental, obrir\u00e0 l&#8217;acte d&#8217;inici de curs, i la cloenda de la jornada anir\u00e0 a c\u00e0rrec de l&#8217;Alcalde de Poliny\u00e0, <strong>Javier Silva P\u00e9rez.<\/strong><\/p>\n<p>Tot esperant que la jornada sigui del vostre inter\u00e8s, us facilitem<a href=\"https:\/\/aplicacions.gestioeducativa.gencat.cat\/pls\/soloas\/pk_for_mod_ins.p_for_detall_activitat?p_header=Selecci%F3%5Epk_for_mod_ins.p_for_form_cons_act?p_excloure_crp_rec=T*Llista%20d%27activitats%5Epk_for_mod_ins.p_for_cons_activitats?p_crp=408%26p_crp_txt=Vall%E8s%20Occidental%20VIII.%20Castellar%20del%20Vall%E8s%26p_totes=N%26p_inici=11%26p_excloure_crp_rec=T&amp;p_codi=4080181408&amp;p_curs=2023-2024&amp;p_excloure_crp_rec=T\"><strong> l&#8217;enlla\u00e7 a la inscripci\u00f3<\/strong><\/a> (places limitades).<\/p>\n<p><a href=\"https:\/\/serveiseducatius.xtec.cat\/vallesoccidental8\/wp-content\/uploads\/usu1103\/2023\/09\/intelligencia-artificial-en-el-mon-educatiu.png\"><img loading=\"lazy\" decoding=\"async\" class=\"aligncenter wp-image-13932 size-large\" src=\"https:\/\/serveiseducatius.xtec.cat\/vallesoccidental8\/wp-content\/uploads\/usu1103\/2023\/09\/intelligencia-artificial-en-el-mon-educatiu-724x1024.png\" alt=\"\" width=\"724\" height=\"1024\" srcset=\"https:\/\/serveiseducatius.xtec.cat\/vallesoccidental8\/wp-content\/uploads\/usu1103\/2023\/09\/intelligencia-artificial-en-el-mon-educatiu-724x1024.png 724w, https:\/\/serveiseducatius.xtec.cat\/vallesoccidental8\/wp-content\/uploads\/usu1103\/2023\/09\/intelligencia-artificial-en-el-mon-educatiu-212x300.png 212w, https:\/\/serveiseducatius.xtec.cat\/vallesoccidental8\/wp-content\/uploads\/usu1103\/2023\/09\/intelligencia-artificial-en-el-mon-educatiu-768x1086.png 768w, https:\/\/serveiseducatius.xtec.cat\/vallesoccidental8\/wp-content\/uploads\/usu1103\/2023\/09\/intelligencia-artificial-en-el-mon-educatiu-1086x1536.png 1086w, https:\/\/serveiseducatius.xtec.cat\/vallesoccidental8\/wp-content\/uploads\/usu1103\/2023\/09\/intelligencia-artificial-en-el-mon-educatiu.png 1414w\" sizes=\"auto, (max-width: 724px) 100vw, 724px\" \/><\/a><\/p>\n<\/div>\n","protected":false},"excerpt":{"rendered":"<p>Us heu plantejat quins reptes suposa la irrupci\u00f3 de la intel\u00b7lig\u00e8ncia artificial en l&#8217;\u00e0mbit educatiu i de quina manera aquesta [&hellip;]<\/p>\n","protected":false},"author":20,"featured_media":13930,"comment_status":"open","ping_status":"closed","sticky":false,"template":"","format":"standard","meta":{"_bbp_topic_count":0,"_bbp_reply_count":0,"_bbp_total_topic_count":0,"_bbp_total_reply_count":0,"_bbp_voice_count":0,"_bbp_anonymous_reply_count":0,"_bbp_topic_count_hidden":0,"_bbp_reply_count_hidden":0,"_bbp_forum_subforum_count":0,"site-sidebar-layout":"default","site-content-layout":"","ast-site-content-layout":"","site-content-style":"default","site-sidebar-style":"default","ast-global-header-display":"","ast-banner-title-visibility":"","ast-main-header-display":"","ast-hfb-above-header-display":"","ast-hfb-below-header-display":"","ast-hfb-mobile-header-display":"","site-post-title":"","ast-breadcrumbs-content":"","ast-featured-img":"","footer-sml-layout":"","theme-transparent-header-meta":"","adv-header-id-meta":"","stick-header-meta":"","header-above-stick-meta":"","header-main-stick-meta":"","header-below-stick-meta":"","astra-migrate-meta-layouts":"default","ast-page-background-enabled":"default","ast-page-background-meta":{"desktop":{"background-color":"var(--ast-global-color-4)","background-image":"","background-repeat":"repeat","background-position":"center center","background-size":"auto","background-attachment":"scroll","background-type":"","background-media":"","overlay-type":"","overlay-color":"","overlay-opacity":"","overlay-gradient":""},"tablet":{"background-color":"","background-image":"","background-repeat":"repeat","background-position":"center center","background-size":"auto","background-attachment":"scroll","background-type":"","background-media":"","overlay-type":"","overlay-color":"","overlay-opacity":"","overlay-gradient":""},"mobile":{"background-color":"","background-image":"","background-repeat":"repeat","background-position":"center center","background-size":"auto","background-attachment":"scroll","background-type":"","background-media":"","overlay-type":"","overlay-color":"","overlay-opacity":"","overlay-gradient":""}},"ast-content-background-meta":{"desktop":{"background-color":"var(--ast-global-color-5)","background-image":"","background-repeat":"repeat","background-position":"center center","background-size":"auto","background-attachment":"scroll","background-type":"","background-media":"","overlay-type":"","overlay-color":"","overlay-opacity":"","overlay-gradient":""},"tablet":{"background-color":"var(--ast-global-color-5)","background-image":"","background-repeat":"repeat","background-position":"center center","background-size":"auto","background-attachment":"scroll","background-type":"","background-media":"","overlay-type":"","overlay-color":"","overlay-opacity":"","overlay-gradient":""},"mobile":{"background-color":"var(--ast-global-color-5)","background-image":"","background-repeat":"repeat","background-position":"center center","background-size":"auto","background-attachment":"scroll","background-type":"","background-media":"","overlay-type":"","overlay-color":"","overlay-opacity":"","overlay-gradient":""}},"footnotes":""},"categories":[1,29],"tags":[],"class_list":["post-13928","post","type-post","status-publish","format-standard","has-post-thumbnail","hentry","category-general","category-portada"],"post_mailing_queue_ids":[],"_links":{"self":[{"href":"https:\/\/serveiseducatius.xtec.cat\/vallesoccidental8\/wp-json\/wp\/v2\/posts\/13928","targetHints":{"allow":["GET"]}}],"collection":[{"href":"https:\/\/serveiseducatius.xtec.cat\/vallesoccidental8\/wp-json\/wp\/v2\/posts"}],"about":[{"href":"https:\/\/serveiseducatius.xtec.cat\/vallesoccidental8\/wp-json\/wp\/v2\/types\/post"}],"author":[{"embeddable":true,"href":"https:\/\/serveiseducatius.xtec.cat\/vallesoccidental8\/wp-json\/wp\/v2\/users\/20"}],"replies":[{"embeddable":true,"href":"https:\/\/serveiseducatius.xtec.cat\/vallesoccidental8\/wp-json\/wp\/v2\/comments?post=13928"}],"version-history":[{"count":2,"href":"https:\/\/serveiseducatius.xtec.cat\/vallesoccidental8\/wp-json\/wp\/v2\/posts\/13928\/revisions"}],"predecessor-version":[{"id":13933,"href":"https:\/\/serveiseducatius.xtec.cat\/vallesoccidental8\/wp-json\/wp\/v2\/posts\/13928\/revisions\/13933"}],"wp:featuredmedia":[{"embeddable":true,"href":"https:\/\/serveiseducatius.xtec.cat\/vallesoccidental8\/wp-json\/wp\/v2\/media\/13930"}],"wp:attachment":[{"href":"https:\/\/serveiseducatius.xtec.cat\/vallesoccidental8\/wp-json\/wp\/v2\/media?parent=13928"}],"wp:term":[{"taxonomy":"category","embeddable":true,"href":"https:\/\/serveiseducatius.xtec.cat\/vallesoccidental8\/wp-json\/wp\/v2\/categories?post=13928"},{"taxonomy":"post_tag","embeddable":true,"href":"https:\/\/serveiseducatius.xtec.cat\/vallesoccidental8\/wp-json\/wp\/v2\/tags?post=13928"}],"curies":[{"name":"wp","href":"https:\/\/api.w.org\/{rel}","templated":true}]}}