{"id":9310,"date":"2018-03-07T12:27:10","date_gmt":"2018-03-07T11:27:10","guid":{"rendered":"http:\/\/serveiseducatius.xtec.cat\/vallesoccidental7\/?p=9310"},"modified":"2018-06-01T12:44:11","modified_gmt":"2018-06-01T10:44:11","slug":"competencia-digital-docent-del-professorat-de-catalunya","status":"publish","type":"post","link":"https:\/\/serveiseducatius.xtec.cat\/vallesoccidental7\/general\/competencia-digital-docent-del-professorat-de-catalunya\/","title":{"rendered":"Compet\u00e8ncia digital docent del professorat de Catalunya"},"content":{"rendered":"<p style=\"font-weight: 400;\"><img loading=\"lazy\" decoding=\"async\" class=\"aligncenter\" src=\"http:\/\/ensenyament.gencat.cat\/web\/.content\/home\/departament\/publicacions\/monografies\/competencia-digital-docent\/competencia-digital-docent.jpg_235322257.jpg\" width=\"199\" height=\"276\" \/>El Departament d&#8217;Ensenyament ha publicat (febrer 2018) el document\u00a0<a href=\"http:\/\/ensenyament.gencat.cat\/web\/.content\/home\/departament\/publicacions\/monografies\/competencia-digital-docent\/competencia-digital-docent.pdf\" target=\"_blank\" rel=\"noopener noreferrer\" data-saferedirecturl=\"https:\/\/www.google.com\/url?hl=ca&amp;q=http:\/\/ensenyament.gencat.cat\/ca\/departament\/publicacions\/monografies\/competencia-digital-docent\/&amp;source=gmail&amp;ust=1520506292563000&amp;usg=AFQjCNF22a20aQU4serm4dFfqkO8MmDNXA\">Compet\u00e8ncia Digital Docent del Professorat a Catalunya<\/a>.<\/p>\n<p style=\"font-weight: 400;\">Aquesta publicaci\u00f3 presenta el marc<u>\u00a0<\/u>que\u00a0<strong>defineix i identifica les compet\u00e8ncies digitals<\/strong>\u00a0que han de tenir els<strong>\u00a0mestres i professors<\/strong>\u00a0de Catalunya\u00a0<strong>de l&#8217;\u00e0mbit no universitari<\/strong>, i que en possibilita<u>\u00a0<\/u>l&#8217;adquisici\u00f3 i acreditaci\u00f3.<\/p>\n<p style=\"font-weight: 400;\">S\u2019ent\u00e9n per CDD la <strong>capacitat<\/strong> que els professors tenen <strong>de mobilitzar i transferir tots els seus coneixements, estrat\u00e8gies, habilitats i actituds sobre les tecnologies per a l\u2019aprenentatge i el coneixement (TAC)<\/strong> en situacions reals i concretes de la seva praxi professional per tal de:<\/p>\n<ol style=\"list-style-type: lower-alpha;\">\n<li style=\"font-weight: 400;\">facilitar l\u2019aprenentatge dels alumnes i l\u2019adquisici\u00f3 de la seva compet\u00e8ncia digital;<\/li>\n<li style=\"font-weight: 400;\">dur a terme processos de millora i innovaci\u00f3 a l\u2019ensenyament d\u2019acord amb les necessitats de l\u2019era digital, i<\/li>\n<li style=\"font-weight: 400;\">contribuir al seu desenvolupament professional d\u2019acord amb els processos de canvi que tenen lloc a la societat i als centres educatius.<\/li>\n<\/ol>\n<p><strong>compet\u00e8ncia digital docent (CDD) =\u00a0<em>compet\u00e8ncia digital instrumental (CDI) + compet\u00e8ncia digital metodol\u00f2gica (CDM)<\/em><\/strong><\/p>\n<ul>\n<li>El marc de refer\u00e8ncia de la part instrumental de compet\u00e8ncia digital docent (CDI) s\u00f3n els continguts de les compet\u00e8ncies d\u2019un dels nivells ACTIC, a determinar en funci\u00f3 dels perfils docents requerits.<\/li>\n<li>Components de la compet\u00e8ncia digital metodol\u00f2gica (CDM)\n<ul>\n<li>Disseny, planificaci\u00f3 i implementaci\u00f3 did\u00e0ctica<\/li>\n<li>Organitzaci\u00f3 i gesti\u00f3 d\u2019espais i recursos educatius<\/li>\n<li>Comunicaci\u00f3 i col\u00b7laboraci\u00f3<\/li>\n<li>\u00c8tica i civisme digital<\/li>\n<li>Desenvolupament professional<\/li>\n<\/ul>\n<\/li>\n<\/ul>\n","protected":false},"excerpt":{"rendered":"<p>El Departament d&#8217;Ensenyament ha publicat (febrer 2018) el document Compet\u00e8ncia Digital Docent del Professorat a Catalunya.<\/p>\n<p>Aquesta publicaci\u00f3 presenta el marc que defineix i identifica les compet\u00e8ncies digitals que han de tenir els mestres i professors de Catalunya de l&#8217;\u00e0mbit no universitari, i que en possibilita l&#8217;adquisici\u00f3 i acreditaci\u00f3.<\/p>\n<p>S\u2019ent\u00e9n per CDD la capacitat que els professors tenen de mobilitzar i transferir tots els seus coneixements, estrat\u00e8gies, habilitats i actituds sobre les tecnologies per a l\u2019aprenentatge i el coneixement (TAC).<\/p>\n","protected":false},"author":1,"featured_media":9311,"comment_status":"closed","ping_status":"closed","sticky":false,"template":"","format":"standard","meta":{"_bbp_topic_count":0,"_bbp_reply_count":0,"_bbp_total_topic_count":0,"_bbp_total_reply_count":0,"_bbp_voice_count":0,"_bbp_anonymous_reply_count":0,"_bbp_topic_count_hidden":0,"_bbp_reply_count_hidden":0,"_bbp_forum_subforum_count":0,"site-sidebar-layout":"default","site-content-layout":"","ast-site-content-layout":"","site-content-style":"default","site-sidebar-style":"default","ast-global-header-display":"","ast-banner-title-visibility":"","ast-main-header-display":"","ast-hfb-above-header-display":"","ast-hfb-below-header-display":"","ast-hfb-mobile-header-display":"","site-post-title":"","ast-breadcrumbs-content":"","ast-featured-img":"","footer-sml-layout":"","theme-transparent-header-meta":"","adv-header-id-meta":"","stick-header-meta":"","header-above-stick-meta":"","header-main-stick-meta":"","header-below-stick-meta":"","astra-migrate-meta-layouts":"default","ast-page-background-enabled":"default","ast-page-background-meta":{"desktop":{"background-color":"var(--ast-global-color-4)","background-image":"","background-repeat":"repeat","background-position":"center center","background-size":"auto","background-attachment":"scroll","background-type":"","background-media":"","overlay-type":"","overlay-color":"","overlay-opacity":"","overlay-gradient":""},"tablet":{"background-color":"","background-image":"","background-repeat":"repeat","background-position":"center center","background-size":"auto","background-attachment":"scroll","background-type":"","background-media":"","overlay-type":"","overlay-color":"","overlay-opacity":"","overlay-gradient":""},"mobile":{"background-color":"","background-image":"","background-repeat":"repeat","background-position":"center center","background-size":"auto","background-attachment":"scroll","background-type":"","background-media":"","overlay-type":"","overlay-color":"","overlay-opacity":"","overlay-gradient":""}},"ast-content-background-meta":{"desktop":{"background-color":"var(--ast-global-color-5)","background-image":"","background-repeat":"repeat","background-position":"center center","background-size":"auto","background-attachment":"scroll","background-type":"","background-media":"","overlay-type":"","overlay-color":"","overlay-opacity":"","overlay-gradient":""},"tablet":{"background-color":"var(--ast-global-color-5)","background-image":"","background-repeat":"repeat","background-position":"center center","background-size":"auto","background-attachment":"scroll","background-type":"","background-media":"","overlay-type":"","overlay-color":"","overlay-opacity":"","overlay-gradient":""},"mobile":{"background-color":"var(--ast-global-color-5)","background-image":"","background-repeat":"repeat","background-position":"center center","background-size":"auto","background-attachment":"scroll","background-type":"","background-media":"","overlay-type":"","overlay-color":"","overlay-opacity":"","overlay-gradient":""}},"footnotes":""},"categories":[154,1,29,65,78],"tags":[196],"class_list":["post-9310","post","type-post","status-publish","format-standard","has-post-thumbnail","hentry","category-informacio-general","category-general","category-portada","category-crp","category-xtcd","tag-competencia-digital"],"post_mailing_queue_ids":[],"_links":{"self":[{"href":"https:\/\/serveiseducatius.xtec.cat\/vallesoccidental7\/wp-json\/wp\/v2\/posts\/9310","targetHints":{"allow":["GET"]}}],"collection":[{"href":"https:\/\/serveiseducatius.xtec.cat\/vallesoccidental7\/wp-json\/wp\/v2\/posts"}],"about":[{"href":"https:\/\/serveiseducatius.xtec.cat\/vallesoccidental7\/wp-json\/wp\/v2\/types\/post"}],"author":[{"embeddable":true,"href":"https:\/\/serveiseducatius.xtec.cat\/vallesoccidental7\/wp-json\/wp\/v2\/users\/1"}],"replies":[{"embeddable":true,"href":"https:\/\/serveiseducatius.xtec.cat\/vallesoccidental7\/wp-json\/wp\/v2\/comments?post=9310"}],"version-history":[{"count":3,"href":"https:\/\/serveiseducatius.xtec.cat\/vallesoccidental7\/wp-json\/wp\/v2\/posts\/9310\/revisions"}],"predecessor-version":[{"id":9319,"href":"https:\/\/serveiseducatius.xtec.cat\/vallesoccidental7\/wp-json\/wp\/v2\/posts\/9310\/revisions\/9319"}],"wp:featuredmedia":[{"embeddable":true,"href":"https:\/\/serveiseducatius.xtec.cat\/vallesoccidental7\/wp-json\/wp\/v2\/media\/9311"}],"wp:attachment":[{"href":"https:\/\/serveiseducatius.xtec.cat\/vallesoccidental7\/wp-json\/wp\/v2\/media?parent=9310"}],"wp:term":[{"taxonomy":"category","embeddable":true,"href":"https:\/\/serveiseducatius.xtec.cat\/vallesoccidental7\/wp-json\/wp\/v2\/categories?post=9310"},{"taxonomy":"post_tag","embeddable":true,"href":"https:\/\/serveiseducatius.xtec.cat\/vallesoccidental7\/wp-json\/wp\/v2\/tags?post=9310"}],"curies":[{"name":"wp","href":"https:\/\/api.w.org\/{rel}","templated":true}]}}