{"id":9179,"date":"2018-01-11T14:09:15","date_gmt":"2018-01-11T13:09:15","guid":{"rendered":"http:\/\/serveiseducatius.xtec.cat\/vallesoccidental7\/?p=9179"},"modified":"2018-01-11T15:47:25","modified_gmt":"2018-01-11T14:47:25","slug":"aprenentatge-i-neurociencia","status":"publish","type":"post","link":"https:\/\/serveiseducatius.xtec.cat\/vallesoccidental7\/informacio-general\/materials-de-formacio\/aprenentatge-i-neurociencia\/","title":{"rendered":"Aprenentatge i Neuroci\u00e8ncia"},"content":{"rendered":"<p>Materials del Cicle de Confer\u00e8ncies <strong><em>Aprenentatge i Neuroci\u00e8ncia\u00a0<\/em><\/strong>a c\u00e0rrec d&#8217;<strong>Anna Carballo<\/strong> i <strong>Marta Portero<br \/>\n<\/strong>(Biblioteca Vicente Aleixandre de Badia del Vall\u00e8s,\u00a015\/11\/17, 22\/11\/17\u00a0i 9\/01\/18)<\/p>\n<ul>\n<li><a href=\"https:\/\/drive.google.com\/open?id=0B1sgwZUJUjQZTXctbll4NGwyLUxzVlRlN2ZYNzRaMDdpcWpB\" target=\"_blank\" rel=\"noopener noreferrer\">Presentaci\u00f3<\/a><\/li>\n<li><a href=\"https:\/\/drive.google.com\/open?id=0B1sgwZUJUjQZS1pQeUowSWVmaDkzRWFueUlvUVlhYUJtVkdn\" target=\"_blank\" rel=\"noopener noreferrer\">Monogr\u00e0fic a la Revista Catalana de Pedagogia<\/a><\/li>\n<\/ul>\n<p><a href=\"http:\/\/serveiseducatius.xtec.cat\/vallesoccidental7\/wp-content\/uploads\/usu1104\/2017\/10\/cartell-neuroci\u00e8ncia-1.jpg\"><img loading=\"lazy\" decoding=\"async\" class=\"alignnone wp-image-8974\" src=\"http:\/\/serveiseducatius.xtec.cat\/vallesoccidental7\/wp-content\/uploads\/usu1104\/2017\/10\/cartell-neuroci\u00e8ncia-1-724x1024.jpg\" alt=\"\" width=\"245\" height=\"346\" srcset=\"https:\/\/serveiseducatius.xtec.cat\/vallesoccidental7\/wp-content\/uploads\/usu1104\/2017\/10\/cartell-neuroci\u00e8ncia-1-724x1024.jpg 724w, https:\/\/serveiseducatius.xtec.cat\/vallesoccidental7\/wp-content\/uploads\/usu1104\/2017\/10\/cartell-neuroci\u00e8ncia-1-212x300.jpg 212w, https:\/\/serveiseducatius.xtec.cat\/vallesoccidental7\/wp-content\/uploads\/usu1104\/2017\/10\/cartell-neuroci\u00e8ncia-1-768x1086.jpg 768w, https:\/\/serveiseducatius.xtec.cat\/vallesoccidental7\/wp-content\/uploads\/usu1104\/2017\/10\/cartell-neuroci\u00e8ncia-1.jpg 1654w\" sizes=\"auto, (max-width: 245px) 100vw, 245px\" \/><\/a><\/p>\n","protected":false},"excerpt":{"rendered":"<p>Materials del Cicle de Confer\u00e8ncies Aprenentatge i Neuroci\u00e8ncia\u00a0a c\u00e0rrec d&#8217;Anna Carballo i Marta Portero (Biblioteca Vicente Aleixandre de Badia del Vall\u00e8s,\u00a015\/11\/17, 22\/11\/17\u00a0i 9\/01\/18) Presentaci\u00f3 Monogr\u00e0fic a la Revista Catalana de Pedagogia<\/p>\n","protected":false},"author":1,"featured_media":0,"comment_status":"closed","ping_status":"closed","sticky":false,"template":"","format":"standard","meta":{"_bbp_topic_count":0,"_bbp_reply_count":0,"_bbp_total_topic_count":0,"_bbp_total_reply_count":0,"_bbp_voice_count":0,"_bbp_anonymous_reply_count":0,"_bbp_topic_count_hidden":0,"_bbp_reply_count_hidden":0,"_bbp_forum_subforum_count":0,"site-sidebar-layout":"default","site-content-layout":"","ast-site-content-layout":"","site-content-style":"default","site-sidebar-style":"default","ast-global-header-display":"","ast-banner-title-visibility":"","ast-main-header-display":"","ast-hfb-above-header-display":"","ast-hfb-below-header-display":"","ast-hfb-mobile-header-display":"","site-post-title":"","ast-breadcrumbs-content":"","ast-featured-img":"","footer-sml-layout":"","theme-transparent-header-meta":"","adv-header-id-meta":"","stick-header-meta":"","header-above-stick-meta":"","header-main-stick-meta":"","header-below-stick-meta":"","astra-migrate-meta-layouts":"default","ast-page-background-enabled":"default","ast-page-background-meta":{"desktop":{"background-color":"var(--ast-global-color-4)","background-image":"","background-repeat":"repeat","background-position":"center center","background-size":"auto","background-attachment":"scroll","background-type":"","background-media":"","overlay-type":"","overlay-color":"","overlay-opacity":"","overlay-gradient":""},"tablet":{"background-color":"","background-image":"","background-repeat":"repeat","background-position":"center center","background-size":"auto","background-attachment":"scroll","background-type":"","background-media":"","overlay-type":"","overlay-color":"","overlay-opacity":"","overlay-gradient":""},"mobile":{"background-color":"","background-image":"","background-repeat":"repeat","background-position":"center center","background-size":"auto","background-attachment":"scroll","background-type":"","background-media":"","overlay-type":"","overlay-color":"","overlay-opacity":"","overlay-gradient":""}},"ast-content-background-meta":{"desktop":{"background-color":"var(--ast-global-color-5)","background-image":"","background-repeat":"repeat","background-position":"center center","background-size":"auto","background-attachment":"scroll","background-type":"","background-media":"","overlay-type":"","overlay-color":"","overlay-opacity":"","overlay-gradient":""},"tablet":{"background-color":"var(--ast-global-color-5)","background-image":"","background-repeat":"repeat","background-position":"center center","background-size":"auto","background-attachment":"scroll","background-type":"","background-media":"","overlay-type":"","overlay-color":"","overlay-opacity":"","overlay-gradient":""},"mobile":{"background-color":"var(--ast-global-color-5)","background-image":"","background-repeat":"repeat","background-position":"center center","background-size":"auto","background-attachment":"scroll","background-type":"","background-media":"","overlay-type":"","overlay-color":"","overlay-opacity":"","overlay-gradient":""}},"footnotes":""},"categories":[156],"tags":[338],"class_list":["post-9179","post","type-post","status-publish","format-standard","hentry","category-materials-de-formacio","tag-neurociencia"],"post_mailing_queue_ids":[],"_links":{"self":[{"href":"https:\/\/serveiseducatius.xtec.cat\/vallesoccidental7\/wp-json\/wp\/v2\/posts\/9179","targetHints":{"allow":["GET"]}}],"collection":[{"href":"https:\/\/serveiseducatius.xtec.cat\/vallesoccidental7\/wp-json\/wp\/v2\/posts"}],"about":[{"href":"https:\/\/serveiseducatius.xtec.cat\/vallesoccidental7\/wp-json\/wp\/v2\/types\/post"}],"author":[{"embeddable":true,"href":"https:\/\/serveiseducatius.xtec.cat\/vallesoccidental7\/wp-json\/wp\/v2\/users\/1"}],"replies":[{"embeddable":true,"href":"https:\/\/serveiseducatius.xtec.cat\/vallesoccidental7\/wp-json\/wp\/v2\/comments?post=9179"}],"version-history":[{"count":3,"href":"https:\/\/serveiseducatius.xtec.cat\/vallesoccidental7\/wp-json\/wp\/v2\/posts\/9179\/revisions"}],"predecessor-version":[{"id":9184,"href":"https:\/\/serveiseducatius.xtec.cat\/vallesoccidental7\/wp-json\/wp\/v2\/posts\/9179\/revisions\/9184"}],"wp:attachment":[{"href":"https:\/\/serveiseducatius.xtec.cat\/vallesoccidental7\/wp-json\/wp\/v2\/media?parent=9179"}],"wp:term":[{"taxonomy":"category","embeddable":true,"href":"https:\/\/serveiseducatius.xtec.cat\/vallesoccidental7\/wp-json\/wp\/v2\/categories?post=9179"},{"taxonomy":"post_tag","embeddable":true,"href":"https:\/\/serveiseducatius.xtec.cat\/vallesoccidental7\/wp-json\/wp\/v2\/tags?post=9179"}],"curies":[{"name":"wp","href":"https:\/\/api.w.org\/{rel}","templated":true}]}}