{"id":8807,"date":"2017-03-29T12:47:26","date_gmt":"2017-03-29T10:47:26","guid":{"rendered":"http:\/\/serveiseducatius.xtec.cat\/vallesoccidental7\/?p=8807"},"modified":"2017-04-03T11:14:09","modified_gmt":"2017-04-03T09:14:09","slug":"3a-jornada-dintercanvi-dexperiencies-fem-lescola-plurilingue","status":"publish","type":"post","link":"https:\/\/serveiseducatius.xtec.cat\/vallesoccidental7\/portada\/3a-jornada-dintercanvi-dexperiencies-fem-lescola-plurilingue\/","title":{"rendered":"3a Jornada d\u2019intercanvi d\u2019experi\u00e8ncies FEM L\u2019ESCOLA PLURILING\u00dcE"},"content":{"rendered":"<p><img loading=\"lazy\" decoding=\"async\" class=\"aligncenter\" src=\"http:\/\/per.espais.iec.cat\/files\/2017\/03\/Captura-de-pantalla-2017-03-06-a-las-20.49.59.png\" width=\"361\" height=\"226\" \/><strong><a href=\"http:\/\/per.espais.iec.cat\/2017\/03\/10\/3a-jornada-dintercanvi-dexperiencies-fem-lescola-plurilingue\/\" target=\"_blank\">Jornada d\u2019Intercanvi d\u2019Experi\u00e8ncies. Term\u00f2metre Ling\u00fc\u00edstic-Marc d\u2019Ensenyament de Lleng\u00fces Vives<\/a><br \/>\n<\/strong><strong>Dissabte dia 6\u00a0de maig<\/strong>\u00a0(de\u00a0 9 i les 14 h)<br \/>\n<strong>Escola Marta Mata<\/strong> de Barber\u00e0 del Vall\u00e8s (<a href=\"https:\/\/www.google.com\/maps\/place\/Carrer+de+la+Torre+Esteper,+1,+08210+Barber%C3%A0+del+Vall%C3%A8s,+Barcelona,+Espanya\/@41.516331,2.118611,1267m\/data=!3m1!1e3!4m5!3m4!1s0x12a495c5d6d62b4d:0x8f30a1ab0ab4e83b!8m2!3d41.5163632!4d2.1179565?hl=ca\" target=\"_blank\">Torre Esteper, 1<\/a>).<\/p>\n<p>Adre\u00e7ada a:<\/p>\n<ul>\n<li>Mestres i direccions que hagin assistit a les jornades FEM L\u2019ESCOLA PLURILING\u00dcE (gener i febrer del 2017).<\/li>\n<li>Mestres i direccions vinculades al Term\u00f2metre ling\u00fc\u00edstic-Marc d\u2019Ensenyament de Lleng\u00fces Vives.<\/li>\n<li>Mestres i direccions d\u2019escoles que vulguin con\u00e8ixer experi\u00e8ncies relacionades amb did\u00e0ctiques d\u2019oralitat i pluriling\u00fces.<\/li>\n<\/ul>\n<p><a href=\"https:\/\/docs.google.com\/viewerng\/viewer?url=http:\/\/per.espais.iec.cat\/files\/2017\/03\/SCP-JornInExperie%CC%80ncies-Barbera%CC%80-provisional-4.pdf\" target=\"_blank\">Programa<\/a><br \/>\n<strong><a href=\"http:\/\/www.iec.cat\/jornades\/intercanvi2017.asp\" target=\"_blank\">Inscripci\u00f3<\/a><\/strong><\/p>\n","protected":false},"excerpt":{"rendered":"<p>Jornada d\u2019Intercanvi d\u2019Experi\u00e8ncies. Term\u00f2metre Ling\u00fc\u00edstic-Marc d\u2019Ensenyament de Lleng\u00fces Vives Dissabte dia 6\u00a0de maig\u00a0(de\u00a0 9 i les 14 h) Escola Marta Mata de Barber\u00e0 del Vall\u00e8s (Torre Esteper, 1). Adre\u00e7ada a: Mestres i direccions que hagin assistit a les jornades FEM L\u2019ESCOLA PLURILING\u00dcE (gener i febrer del 2017). Mestres i direccions vinculades al Term\u00f2metre ling\u00fc\u00edstic-Marc d\u2019Ensenyament [&hellip;]<\/p>\n","protected":false},"author":1,"featured_media":8808,"comment_status":"open","ping_status":"open","sticky":false,"template":"","format":"standard","meta":{"_bbp_topic_count":0,"_bbp_reply_count":0,"_bbp_total_topic_count":0,"_bbp_total_reply_count":0,"_bbp_voice_count":0,"_bbp_anonymous_reply_count":0,"_bbp_topic_count_hidden":0,"_bbp_reply_count_hidden":0,"_bbp_forum_subforum_count":0,"site-sidebar-layout":"default","site-content-layout":"","ast-site-content-layout":"","site-content-style":"default","site-sidebar-style":"default","ast-global-header-display":"","ast-banner-title-visibility":"","ast-main-header-display":"","ast-hfb-above-header-display":"","ast-hfb-below-header-display":"","ast-hfb-mobile-header-display":"","site-post-title":"","ast-breadcrumbs-content":"","ast-featured-img":"","footer-sml-layout":"","theme-transparent-header-meta":"","adv-header-id-meta":"","stick-header-meta":"","header-above-stick-meta":"","header-main-stick-meta":"","header-below-stick-meta":"","astra-migrate-meta-layouts":"default","ast-page-background-enabled":"default","ast-page-background-meta":{"desktop":{"background-color":"var(--ast-global-color-4)","background-image":"","background-repeat":"repeat","background-position":"center center","background-size":"auto","background-attachment":"scroll","background-type":"","background-media":"","overlay-type":"","overlay-color":"","overlay-opacity":"","overlay-gradient":""},"tablet":{"background-color":"","background-image":"","background-repeat":"repeat","background-position":"center center","background-size":"auto","background-attachment":"scroll","background-type":"","background-media":"","overlay-type":"","overlay-color":"","overlay-opacity":"","overlay-gradient":""},"mobile":{"background-color":"","background-image":"","background-repeat":"repeat","background-position":"center center","background-size":"auto","background-attachment":"scroll","background-type":"","background-media":"","overlay-type":"","overlay-color":"","overlay-opacity":"","overlay-gradient":""}},"ast-content-background-meta":{"desktop":{"background-color":"var(--ast-global-color-5)","background-image":"","background-repeat":"repeat","background-position":"center center","background-size":"auto","background-attachment":"scroll","background-type":"","background-media":"","overlay-type":"","overlay-color":"","overlay-opacity":"","overlay-gradient":""},"tablet":{"background-color":"var(--ast-global-color-5)","background-image":"","background-repeat":"repeat","background-position":"center center","background-size":"auto","background-attachment":"scroll","background-type":"","background-media":"","overlay-type":"","overlay-color":"","overlay-opacity":"","overlay-gradient":""},"mobile":{"background-color":"var(--ast-global-color-5)","background-image":"","background-repeat":"repeat","background-position":"center center","background-size":"auto","background-attachment":"scroll","background-type":"","background-media":"","overlay-type":"","overlay-color":"","overlay-opacity":"","overlay-gradient":""}},"footnotes":""},"categories":[154,29],"tags":[164,321],"class_list":["post-8807","post","type-post","status-publish","format-standard","has-post-thumbnail","hentry","category-informacio-general","category-portada","tag-llengua-oral","tag-plurilinguisme"],"post_mailing_queue_ids":[],"_links":{"self":[{"href":"https:\/\/serveiseducatius.xtec.cat\/vallesoccidental7\/wp-json\/wp\/v2\/posts\/8807","targetHints":{"allow":["GET"]}}],"collection":[{"href":"https:\/\/serveiseducatius.xtec.cat\/vallesoccidental7\/wp-json\/wp\/v2\/posts"}],"about":[{"href":"https:\/\/serveiseducatius.xtec.cat\/vallesoccidental7\/wp-json\/wp\/v2\/types\/post"}],"author":[{"embeddable":true,"href":"https:\/\/serveiseducatius.xtec.cat\/vallesoccidental7\/wp-json\/wp\/v2\/users\/1"}],"replies":[{"embeddable":true,"href":"https:\/\/serveiseducatius.xtec.cat\/vallesoccidental7\/wp-json\/wp\/v2\/comments?post=8807"}],"version-history":[{"count":4,"href":"https:\/\/serveiseducatius.xtec.cat\/vallesoccidental7\/wp-json\/wp\/v2\/posts\/8807\/revisions"}],"predecessor-version":[{"id":8811,"href":"https:\/\/serveiseducatius.xtec.cat\/vallesoccidental7\/wp-json\/wp\/v2\/posts\/8807\/revisions\/8811"}],"wp:featuredmedia":[{"embeddable":true,"href":"https:\/\/serveiseducatius.xtec.cat\/vallesoccidental7\/wp-json\/wp\/v2\/media\/8808"}],"wp:attachment":[{"href":"https:\/\/serveiseducatius.xtec.cat\/vallesoccidental7\/wp-json\/wp\/v2\/media?parent=8807"}],"wp:term":[{"taxonomy":"category","embeddable":true,"href":"https:\/\/serveiseducatius.xtec.cat\/vallesoccidental7\/wp-json\/wp\/v2\/categories?post=8807"},{"taxonomy":"post_tag","embeddable":true,"href":"https:\/\/serveiseducatius.xtec.cat\/vallesoccidental7\/wp-json\/wp\/v2\/tags?post=8807"}],"curies":[{"name":"wp","href":"https:\/\/api.w.org\/{rel}","templated":true}]}}