{"id":8744,"date":"2017-02-14T10:45:39","date_gmt":"2017-02-14T09:45:39","guid":{"rendered":"http:\/\/serveiseducatius.xtec.cat\/vallesoccidental7\/?p=8744"},"modified":"2017-02-14T11:05:00","modified_gmt":"2017-02-14T10:05:00","slug":"iv-jocs-florals-escolars-de-catalunya","status":"publish","type":"post","link":"https:\/\/serveiseducatius.xtec.cat\/vallesoccidental7\/portada\/iv-jocs-florals-escolars-de-catalunya\/","title":{"rendered":"IV Jocs Florals Escolars"},"content":{"rendered":"<p><img loading=\"lazy\" decoding=\"async\" class=\"aligncenter\" src=\"http:\/\/xtec.gencat.cat\/web\/.content\/centres\/alscentres\/premis\/jocsflorals\/Imatges\/jocs_florals.png_1866524409.png\" width=\"207\" height=\"141\" \/>Convocat\u00f2ria dels <strong><a href=\"http:\/\/xtec.gencat.cat\/ca\/centres\/alscentres\/premis\/jocsflorals\/1617\/\" target=\"_blank\">IV\u00a0Jocs Florals Escolars de Catalunya<\/a>.<\/strong><\/p>\n<p>Aquest any hi ha dues novetats respecte la convocat\u00f2ria anterior:<\/p>\n<ul>\n<li>Es crea la categoria <strong><a href=\"http:\/\/blocs.xtec.cat\/jocsflorals-conteaudiovisual\/projecte\/\" target=\"_blank\">conte audiovisual il\u00b7lustrat<\/a><\/strong> per a l&#8217;alumnat de prim\u00e0ria.<\/li>\n<li>A la fase territorial es premiar\u00e0 un treball en poesia i un en prosa, per cada categoria.<\/li>\n<\/ul>\n<p><strong><a href=\"https:\/\/goo.gl\/forms\/ppG9AwMZbCQvAmgq1\" data-saferedirecturl=\"https:\/\/www.google.com\/url?hl=ca&amp;q=https:\/\/goo.gl\/forms\/ppG9AwMZbCQvAmgq1&amp;source=gmail&amp;ust=1487147006413000&amp;usg=AFQjCNHAfftsxAFNvPcRxew_vwkuIlrs9A\">Formulari d&#8217;inscripci\u00f3<\/a><\/strong>\u00a0 (<strong>del 13 de febrer fins el 10 de mar\u00e7).<\/strong><\/p>\n<p>Durant el mes de mar\u00e7, s&#8217;enviar\u00e0 als centres inscrits la informaci\u00f3 detallada de com i quan lliurar els treballs.<\/p>\n","protected":false},"excerpt":{"rendered":"<p>Convocat\u00f2ria dels IV\u00a0Jocs Florals Escolars de Catalunya. Aquest any hi ha dues novetats respecte la convocat\u00f2ria anterior: Es crea la categoria conte audiovisual il\u00b7lustrat per a l&#8217;alumnat de prim\u00e0ria. A la fase territorial es premiar\u00e0 un treball en poesia i un en prosa, per cada categoria. Formulari d&#8217;inscripci\u00f3\u00a0 (del 13 de febrer fins el 10 [&hellip;]<\/p>\n","protected":false},"author":1,"featured_media":0,"comment_status":"open","ping_status":"open","sticky":false,"template":"","format":"standard","meta":{"_bbp_topic_count":0,"_bbp_reply_count":0,"_bbp_total_topic_count":0,"_bbp_total_reply_count":0,"_bbp_voice_count":0,"_bbp_anonymous_reply_count":0,"_bbp_topic_count_hidden":0,"_bbp_reply_count_hidden":0,"_bbp_forum_subforum_count":0,"site-sidebar-layout":"default","site-content-layout":"","ast-site-content-layout":"","site-content-style":"default","site-sidebar-style":"default","ast-global-header-display":"","ast-banner-title-visibility":"","ast-main-header-display":"","ast-hfb-above-header-display":"","ast-hfb-below-header-display":"","ast-hfb-mobile-header-display":"","site-post-title":"","ast-breadcrumbs-content":"","ast-featured-img":"","footer-sml-layout":"","theme-transparent-header-meta":"","adv-header-id-meta":"","stick-header-meta":"","header-above-stick-meta":"","header-main-stick-meta":"","header-below-stick-meta":"","astra-migrate-meta-layouts":"default","ast-page-background-enabled":"default","ast-page-background-meta":{"desktop":{"background-color":"var(--ast-global-color-4)","background-image":"","background-repeat":"repeat","background-position":"center center","background-size":"auto","background-attachment":"scroll","background-type":"","background-media":"","overlay-type":"","overlay-color":"","overlay-opacity":"","overlay-gradient":""},"tablet":{"background-color":"","background-image":"","background-repeat":"repeat","background-position":"center center","background-size":"auto","background-attachment":"scroll","background-type":"","background-media":"","overlay-type":"","overlay-color":"","overlay-opacity":"","overlay-gradient":""},"mobile":{"background-color":"","background-image":"","background-repeat":"repeat","background-position":"center center","background-size":"auto","background-attachment":"scroll","background-type":"","background-media":"","overlay-type":"","overlay-color":"","overlay-opacity":"","overlay-gradient":""}},"ast-content-background-meta":{"desktop":{"background-color":"var(--ast-global-color-5)","background-image":"","background-repeat":"repeat","background-position":"center center","background-size":"auto","background-attachment":"scroll","background-type":"","background-media":"","overlay-type":"","overlay-color":"","overlay-opacity":"","overlay-gradient":""},"tablet":{"background-color":"var(--ast-global-color-5)","background-image":"","background-repeat":"repeat","background-position":"center center","background-size":"auto","background-attachment":"scroll","background-type":"","background-media":"","overlay-type":"","overlay-color":"","overlay-opacity":"","overlay-gradient":""},"mobile":{"background-color":"var(--ast-global-color-5)","background-image":"","background-repeat":"repeat","background-position":"center center","background-size":"auto","background-attachment":"scroll","background-type":"","background-media":"","overlay-type":"","overlay-color":"","overlay-opacity":"","overlay-gradient":""}},"footnotes":""},"categories":[71,29],"tags":[172,316,159,292],"class_list":["post-8744","post","type-post","status-publish","format-standard","hentry","category-jocs-florals","category-portada","tag-educacio-primaria","tag-educacio-visual-i-plastica","tag-escriptura","tag-eso"],"post_mailing_queue_ids":[],"_links":{"self":[{"href":"https:\/\/serveiseducatius.xtec.cat\/vallesoccidental7\/wp-json\/wp\/v2\/posts\/8744","targetHints":{"allow":["GET"]}}],"collection":[{"href":"https:\/\/serveiseducatius.xtec.cat\/vallesoccidental7\/wp-json\/wp\/v2\/posts"}],"about":[{"href":"https:\/\/serveiseducatius.xtec.cat\/vallesoccidental7\/wp-json\/wp\/v2\/types\/post"}],"author":[{"embeddable":true,"href":"https:\/\/serveiseducatius.xtec.cat\/vallesoccidental7\/wp-json\/wp\/v2\/users\/1"}],"replies":[{"embeddable":true,"href":"https:\/\/serveiseducatius.xtec.cat\/vallesoccidental7\/wp-json\/wp\/v2\/comments?post=8744"}],"version-history":[{"count":3,"href":"https:\/\/serveiseducatius.xtec.cat\/vallesoccidental7\/wp-json\/wp\/v2\/posts\/8744\/revisions"}],"predecessor-version":[{"id":8753,"href":"https:\/\/serveiseducatius.xtec.cat\/vallesoccidental7\/wp-json\/wp\/v2\/posts\/8744\/revisions\/8753"}],"wp:attachment":[{"href":"https:\/\/serveiseducatius.xtec.cat\/vallesoccidental7\/wp-json\/wp\/v2\/media?parent=8744"}],"wp:term":[{"taxonomy":"category","embeddable":true,"href":"https:\/\/serveiseducatius.xtec.cat\/vallesoccidental7\/wp-json\/wp\/v2\/categories?post=8744"},{"taxonomy":"post_tag","embeddable":true,"href":"https:\/\/serveiseducatius.xtec.cat\/vallesoccidental7\/wp-json\/wp\/v2\/tags?post=8744"}],"curies":[{"name":"wp","href":"https:\/\/api.w.org\/{rel}","templated":true}]}}