{"id":8354,"date":"2016-10-25T11:41:25","date_gmt":"2016-10-25T09:41:25","guid":{"rendered":"http:\/\/serveiseducatius.xtec.cat\/vallesoccidental7\/?p=8354"},"modified":"2016-10-26T11:49:23","modified_gmt":"2016-10-26T09:49:23","slug":"lliga-de-debat-de-secundaria-i-batxillerat","status":"publish","type":"post","link":"https:\/\/serveiseducatius.xtec.cat\/vallesoccidental7\/portada\/lliga-de-debat-de-secundaria-i-batxillerat\/","title":{"rendered":"Lliga de Debat de Secund\u00e0ria i Batxillerat"},"content":{"rendered":"<p><img loading=\"lazy\" decoding=\"async\" class=\"alignright\" src=\"http:\/\/www.vives.org\/files\/2016\/06\/cartell_inicial.jpg\" width=\"306\" height=\"435\" \/>Una competici\u00f3 en la qual diversos equips d\u2019estudiants de 4t d\u2019ESO, batxillerat i cicles formatius (d\u2019edats entre 15 i 18 anys) de diferents centres docents debaten sobre un tema pol\u00e8mic i d\u2019actualitat.<\/p>\n<p>L\u2019activitat aporta un espai de formaci\u00f3 on els estudiants aprenen a parlar en p\u00fablic, a fer equip i a saber defensar un tema tant a favor com en contra, utilitzant el catal\u00e0 com a llengua vehicular.<\/p>\n<p>Preinscripci\u00f3: fins el 30 d\u2019octubre (<strong><a href=\"http:\/\/www.vives.org\/2016\/09\/29\/preinscripcio-a-la-lliga-de-debat-de-secundaria-i-batxillerat-2017-de-la-xarxa-vives\/\" data-saferedirecturl=\"https:\/\/www.google.com\/url?hl=ca&amp;q=http:\/\/www.vives.org\/2016\/09\/29\/preinscripcio-a-la-lliga-de-debat-de-secundaria-i-batxillerat-2017-de-la-xarxa-vives\/&amp;source=gmail&amp;ust=1477561184936000&amp;usg=AFQjCNG8ba9TV_MoLGTYnounx9gjUp3cEw\">Formulari de preinscripci\u00f3<\/a><\/strong>).<\/p>\n<p>Organitza: <a href=\"http:\/\/www.vives.org\/\" data-saferedirecturl=\"https:\/\/www.google.com\/url?hl=ca&amp;q=http:\/\/www.vives.org\/&amp;source=gmail&amp;ust=1477561184936000&amp;usg=AFQjCNFSJI2Kfsa1DOqz9tFLciI93-EtIw\">Xarxa Vives d&#8217;Universitats<\/a><\/p>\n<p>Enguany debatrem sobre la q\u00fcesti\u00f3 seg\u00fcent: \u00ab<strong>Els animals tenen drets?<\/strong>\u00bb.<br \/>\nEl tema del debat ser\u00e0 el mateix per tota la competici\u00f3, tant per a la fase local com per la final.<\/p>\n<p>La fase final tindr\u00e0 lloc a la <strong>Universitat Pompeu Fabra, del 27 al 29 d\u2019abril de 2017<\/strong>.<\/p>\n<p><a href=\"http:\/\/www.vives.org\/serveis\/lliga-de-debat\/lliga-de-debat-de-secundaria-i-batxillerat\/edicio-2017\/\">+info<\/a><\/p>\n","protected":false},"excerpt":{"rendered":"<p>Una competici\u00f3 en la qual diversos equips d\u2019estudiants de 4t d\u2019ESO, batxillerat i cicles formatius (d\u2019edats entre 15 i 18 anys) de diferents centres docents debaten sobre un tema pol\u00e8mic i d\u2019actualitat. L\u2019activitat aporta un espai de formaci\u00f3 on els estudiants aprenen a parlar en p\u00fablic, a fer equip i a saber defensar un tema [&hellip;]<\/p>\n","protected":false},"author":1,"featured_media":8355,"comment_status":"open","ping_status":"open","sticky":false,"template":"","format":"standard","meta":{"_bbp_topic_count":0,"_bbp_reply_count":0,"_bbp_total_topic_count":0,"_bbp_total_reply_count":0,"_bbp_voice_count":0,"_bbp_anonymous_reply_count":0,"_bbp_topic_count_hidden":0,"_bbp_reply_count_hidden":0,"_bbp_forum_subforum_count":0,"site-sidebar-layout":"default","site-content-layout":"","ast-site-content-layout":"","site-content-style":"default","site-sidebar-style":"default","ast-global-header-display":"","ast-banner-title-visibility":"","ast-main-header-display":"","ast-hfb-above-header-display":"","ast-hfb-below-header-display":"","ast-hfb-mobile-header-display":"","site-post-title":"","ast-breadcrumbs-content":"","ast-featured-img":"","footer-sml-layout":"","theme-transparent-header-meta":"","adv-header-id-meta":"","stick-header-meta":"","header-above-stick-meta":"","header-main-stick-meta":"","header-below-stick-meta":"","astra-migrate-meta-layouts":"default","ast-page-background-enabled":"default","ast-page-background-meta":{"desktop":{"background-color":"var(--ast-global-color-4)","background-image":"","background-repeat":"repeat","background-position":"center center","background-size":"auto","background-attachment":"scroll","background-type":"","background-media":"","overlay-type":"","overlay-color":"","overlay-opacity":"","overlay-gradient":""},"tablet":{"background-color":"","background-image":"","background-repeat":"repeat","background-position":"center center","background-size":"auto","background-attachment":"scroll","background-type":"","background-media":"","overlay-type":"","overlay-color":"","overlay-opacity":"","overlay-gradient":""},"mobile":{"background-color":"","background-image":"","background-repeat":"repeat","background-position":"center center","background-size":"auto","background-attachment":"scroll","background-type":"","background-media":"","overlay-type":"","overlay-color":"","overlay-opacity":"","overlay-gradient":""}},"ast-content-background-meta":{"desktop":{"background-color":"var(--ast-global-color-5)","background-image":"","background-repeat":"repeat","background-position":"center center","background-size":"auto","background-attachment":"scroll","background-type":"","background-media":"","overlay-type":"","overlay-color":"","overlay-opacity":"","overlay-gradient":""},"tablet":{"background-color":"var(--ast-global-color-5)","background-image":"","background-repeat":"repeat","background-position":"center center","background-size":"auto","background-attachment":"scroll","background-type":"","background-media":"","overlay-type":"","overlay-color":"","overlay-opacity":"","overlay-gradient":""},"mobile":{"background-color":"var(--ast-global-color-5)","background-image":"","background-repeat":"repeat","background-position":"center center","background-size":"auto","background-attachment":"scroll","background-type":"","background-media":"","overlay-type":"","overlay-color":"","overlay-opacity":"","overlay-gradient":""}},"footnotes":""},"categories":[66,29],"tags":[249,179,236],"class_list":["post-8354","post","type-post","status-publish","format-standard","has-post-thumbnail","hentry","category-dinamitzacio","category-portada","tag-batxillerat","tag-educacio-secundaria","tag-llengua-catalana"],"post_mailing_queue_ids":[],"_links":{"self":[{"href":"https:\/\/serveiseducatius.xtec.cat\/vallesoccidental7\/wp-json\/wp\/v2\/posts\/8354","targetHints":{"allow":["GET"]}}],"collection":[{"href":"https:\/\/serveiseducatius.xtec.cat\/vallesoccidental7\/wp-json\/wp\/v2\/posts"}],"about":[{"href":"https:\/\/serveiseducatius.xtec.cat\/vallesoccidental7\/wp-json\/wp\/v2\/types\/post"}],"author":[{"embeddable":true,"href":"https:\/\/serveiseducatius.xtec.cat\/vallesoccidental7\/wp-json\/wp\/v2\/users\/1"}],"replies":[{"embeddable":true,"href":"https:\/\/serveiseducatius.xtec.cat\/vallesoccidental7\/wp-json\/wp\/v2\/comments?post=8354"}],"version-history":[{"count":1,"href":"https:\/\/serveiseducatius.xtec.cat\/vallesoccidental7\/wp-json\/wp\/v2\/posts\/8354\/revisions"}],"predecessor-version":[{"id":8356,"href":"https:\/\/serveiseducatius.xtec.cat\/vallesoccidental7\/wp-json\/wp\/v2\/posts\/8354\/revisions\/8356"}],"wp:featuredmedia":[{"embeddable":true,"href":"https:\/\/serveiseducatius.xtec.cat\/vallesoccidental7\/wp-json\/wp\/v2\/media\/8355"}],"wp:attachment":[{"href":"https:\/\/serveiseducatius.xtec.cat\/vallesoccidental7\/wp-json\/wp\/v2\/media?parent=8354"}],"wp:term":[{"taxonomy":"category","embeddable":true,"href":"https:\/\/serveiseducatius.xtec.cat\/vallesoccidental7\/wp-json\/wp\/v2\/categories?post=8354"},{"taxonomy":"post_tag","embeddable":true,"href":"https:\/\/serveiseducatius.xtec.cat\/vallesoccidental7\/wp-json\/wp\/v2\/tags?post=8354"}],"curies":[{"name":"wp","href":"https:\/\/api.w.org\/{rel}","templated":true}]}}