{"id":8327,"date":"2016-10-25T15:38:40","date_gmt":"2016-10-25T13:38:40","guid":{"rendered":"http:\/\/serveiseducatius.xtec.cat\/vallesoccidental7\/?p=8327"},"modified":"2025-07-15T13:16:37","modified_gmt":"2025-07-15T11:16:37","slug":"el-curriculum-a-lescola-i-a-laula-materials-per-coneixer-el-curriculum-de-leducacio-primaria-i-la-seva-vinculacio-amb-el-dia-a-dia-de-les-escoles-i-de-la-practica-a-laula","status":"publish","type":"post","link":"https:\/\/serveiseducatius.xtec.cat\/vallesoccidental7\/portada\/el-curriculum-a-lescola-i-a-laula-materials-per-coneixer-el-curriculum-de-leducacio-primaria-i-la-seva-vinculacio-amb-el-dia-a-dia-de-les-escoles-i-de-la-practica-a-laula\/","title":{"rendered":"El curr\u00edculum a l&#8217;escola i a l&#8217;aula"},"content":{"rendered":"<blockquote class=\"wp-embedded-content\" data-secret=\"cJNHRI4S9D\"><p><a href=\"https:\/\/projectes.xtec.cat\/nou-curriculum\/\">Inici<\/a><\/p><\/blockquote>\n<p><iframe loading=\"lazy\" class=\"wp-embedded-content\" sandbox=\"allow-scripts\" security=\"restricted\" style=\"position: absolute; visibility: hidden;\" title=\"&#8220;Inici&#8221; &#8212; El nou curr\u00edculum\" src=\"https:\/\/projectes.xtec.cat\/nou-curriculum\/embed\/#?secret=UfdKcO3QfP#?secret=cJNHRI4S9D\" data-secret=\"cJNHRI4S9D\" width=\"500\" height=\"282\" frameborder=\"0\" marginwidth=\"0\" marginheight=\"0\" scrolling=\"no\"><\/iframe><\/p>\n<p>&nbsp;<\/p>\n<p><span style=\"text-decoration: underline;\"><strong><a href=\"http:\/\/ateneu.xtec.cat\/wikiform\/wikiexport\/cursos\/curriculum\/inf_pri\/cape\/index\">Materials<\/a><\/strong><\/span>\u00a0disponibles a <em>Ateneu<\/em> per con\u00e8ixer el curr\u00edculum de l&#8217;educaci\u00f3 prim\u00e0ria i la seva vinculaci\u00f3 amb el dia a dia de les escoles i de la pr\u00e0ctica a l\u2019aula.<\/p>\n<p><a href=\"http:\/\/ateneu.xtec.cat\/wikiform\/wikiexport\/cursos\/curriculum\/inf_pri\/cape\/index\"><img loading=\"lazy\" decoding=\"async\" class=\"wp-image-8328 alignleft\" src=\"http:\/\/serveiseducatius.xtec.cat\/vallesoccidental7\/wp-content\/uploads\/usu1104\/2016\/10\/ateneu.png\" alt=\"ateneu\" width=\"270\" height=\"91\" srcset=\"https:\/\/serveiseducatius.xtec.cat\/vallesoccidental7\/wp-content\/uploads\/usu1104\/2016\/10\/ateneu.png 415w, https:\/\/serveiseducatius.xtec.cat\/vallesoccidental7\/wp-content\/uploads\/usu1104\/2016\/10\/ateneu-300x101.png 300w\" sizes=\"auto, (max-width: 270px) 100vw, 270px\" \/><\/a>Tenen com a objectiu <strong>facilitar el coneixement dels principals elements<\/strong> del Decret 119\/2015, de 23 de juny, d\u2019<strong>ordenaci\u00f3 dels\u00a0ensenyaments de l\u2019educaci\u00f3 prim\u00e0ria<\/strong> i de l&#8217;Ordre ENS\/164\/2016, de 14 de juny, per la qual es determinen el <strong>procediment i els documents i requisits formals del proc\u00e9s d\u2019avaluaci\u00f3<\/strong> en l\u2019educaci\u00f3 prim\u00e0ria.<\/p>\n<p>Els destinataris s\u00f3n els mestres, els equips docents i tots els professionals que intervenen a les escoles. Estan organitzats per <strong>promoure en els claustres el debat pedag\u00f2gic en relaci\u00f3 amb el treball per compet\u00e8ncies<\/strong> perqu\u00e8 reverteixi en la <strong>millora<\/strong> dels projectes propis de cada centre i de les <strong>pr\u00e0ctiques metodol\u00f2giques<\/strong> a l&#8217;aula.<\/p>\n<ul>\n<li class=\"level1\">\n<div class=\"li\"><em>M\u00f2dul 1<\/em>: <strong><a class=\"wikilink1\" title=\"cursos:curriculum:inf_pri:cape:decret\" href=\"http:\/\/ateneu.xtec.cat\/wikiform\/wikiexport\/cursos\/curriculum\/inf_pri\/cape\/decret\">Decret.<\/a><\/strong> Un curr\u00edculum que afavoreix l&#8217;assoliment de les compet\u00e8ncies<\/div>\n<\/li>\n<li class=\"level1\">\n<div class=\"li\"><em>M\u00f2dul 2<\/em>: <strong><a class=\"wikilink1\" title=\"cursos:curriculum:inf_pri:cape:metod\" href=\"http:\/\/ateneu.xtec.cat\/wikiform\/wikiexport\/cursos\/curriculum\/inf_pri\/cape\/metod\">Metodologia.<\/a><\/strong> L&#8217;alumne com a protagonista del seu aprenentatge<\/div>\n<\/li>\n<li class=\"level1\">\n<div class=\"li\"><em>M\u00f2dul 3<\/em>: <strong><a class=\"wikilink1\" title=\"cursos:curriculum:inf_pri:cape:aval\" href=\"http:\/\/ateneu.xtec.cat\/wikiform\/wikiexport\/cursos\/curriculum\/inf_pri\/cape\/aval\">Avaluaci\u00f3.<\/a><\/strong> Avaluar per aprendre<\/div>\n<\/li>\n<li class=\"level1\">\n<div class=\"li\"><em>M\u00f2dul 4<\/em>:\u00a0<strong><a class=\"urlextern\" title=\"http:\/\/ateneu.xtec.cat\/wikiform\/wikiexport\/cursos\/curriculum\/inf_pri\/cape\/prg\/index\" href=\"http:\/\/ateneu.xtec.cat\/wikiform\/wikiexport\/cursos\/curriculum\/inf_pri\/cape\/prg\/index\" target=\"_blank\" rel=\"nofollow noopener\">Programaci\u00f3.<\/a><\/strong>\u00a0Programar \u00e9s prendre decisions<\/div>\n<\/li>\n<li class=\"level1\">\n<div class=\"li\"><strong><a class=\"wikilink1\" title=\"cursos:curriculum:inf_pri:cape:pmf\" href=\"http:\/\/ateneu.xtec.cat\/wikiform\/wikiexport\/cursos\/curriculum\/inf_pri\/cape\/pmf\">Preguntes m\u00e9s freq\u00fcents<\/a><\/strong><\/div>\n<\/li>\n<\/ul>\n","protected":false},"excerpt":{"rendered":"<p>Inici &nbsp; Materials\u00a0disponibles a Ateneu per con\u00e8ixer el curr\u00edculum de l&#8217;educaci\u00f3 prim\u00e0ria i la seva vinculaci\u00f3 amb el dia a dia de les escoles i de la pr\u00e0ctica a l\u2019aula. Tenen com a objectiu facilitar el coneixement dels principals elements del Decret 119\/2015, de 23 de juny, d\u2019ordenaci\u00f3 dels\u00a0ensenyaments de l\u2019educaci\u00f3 prim\u00e0ria i de l&#8217;Ordre [&hellip;]<\/p>\n","protected":false},"author":1,"featured_media":0,"comment_status":"open","ping_status":"open","sticky":false,"template":"","format":"standard","meta":{"_bbp_topic_count":0,"_bbp_reply_count":0,"_bbp_total_topic_count":0,"_bbp_total_reply_count":0,"_bbp_voice_count":0,"_bbp_anonymous_reply_count":0,"_bbp_topic_count_hidden":0,"_bbp_reply_count_hidden":0,"_bbp_forum_subforum_count":0,"site-sidebar-layout":"default","site-content-layout":"","ast-site-content-layout":"default","site-content-style":"default","site-sidebar-style":"default","ast-global-header-display":"","ast-banner-title-visibility":"","ast-main-header-display":"","ast-hfb-above-header-display":"","ast-hfb-below-header-display":"","ast-hfb-mobile-header-display":"","site-post-title":"","ast-breadcrumbs-content":"","ast-featured-img":"","footer-sml-layout":"","theme-transparent-header-meta":"default","adv-header-id-meta":"","stick-header-meta":"","header-above-stick-meta":"","header-main-stick-meta":"","header-below-stick-meta":"","astra-migrate-meta-layouts":"set","ast-page-background-enabled":"default","ast-page-background-meta":{"desktop":{"background-color":"var(--ast-global-color-4)","background-image":"","background-repeat":"repeat","background-position":"center center","background-size":"auto","background-attachment":"scroll","background-type":"","background-media":"","overlay-type":"","overlay-color":"","overlay-opacity":"","overlay-gradient":""},"tablet":{"background-color":"","background-image":"","background-repeat":"repeat","background-position":"center center","background-size":"auto","background-attachment":"scroll","background-type":"","background-media":"","overlay-type":"","overlay-color":"","overlay-opacity":"","overlay-gradient":""},"mobile":{"background-color":"","background-image":"","background-repeat":"repeat","background-position":"center center","background-size":"auto","background-attachment":"scroll","background-type":"","background-media":"","overlay-type":"","overlay-color":"","overlay-opacity":"","overlay-gradient":""}},"ast-content-background-meta":{"desktop":{"background-color":"var(--ast-global-color-5)","background-image":"","background-repeat":"repeat","background-position":"center center","background-size":"auto","background-attachment":"scroll","background-type":"","background-media":"","overlay-type":"","overlay-color":"","overlay-opacity":"","overlay-gradient":""},"tablet":{"background-color":"var(--ast-global-color-5)","background-image":"","background-repeat":"repeat","background-position":"center center","background-size":"auto","background-attachment":"scroll","background-type":"","background-media":"","overlay-type":"","overlay-color":"","overlay-opacity":"","overlay-gradient":""},"mobile":{"background-color":"var(--ast-global-color-5)","background-image":"","background-repeat":"repeat","background-position":"center center","background-size":"auto","background-attachment":"scroll","background-type":"","background-media":"","overlay-type":"","overlay-color":"","overlay-opacity":"","overlay-gradient":""}},"footnotes":""},"categories":[154,156,29],"tags":[194,280,172,226],"class_list":["post-8327","post","type-post","status-publish","format-standard","hentry","category-informacio-general","category-materials-de-formacio","category-portada","tag-avaluacio","tag-curriculum","tag-educacio-primaria","tag-formacio"],"post_mailing_queue_ids":[],"_links":{"self":[{"href":"https:\/\/serveiseducatius.xtec.cat\/vallesoccidental7\/wp-json\/wp\/v2\/posts\/8327","targetHints":{"allow":["GET"]}}],"collection":[{"href":"https:\/\/serveiseducatius.xtec.cat\/vallesoccidental7\/wp-json\/wp\/v2\/posts"}],"about":[{"href":"https:\/\/serveiseducatius.xtec.cat\/vallesoccidental7\/wp-json\/wp\/v2\/types\/post"}],"author":[{"embeddable":true,"href":"https:\/\/serveiseducatius.xtec.cat\/vallesoccidental7\/wp-json\/wp\/v2\/users\/1"}],"replies":[{"embeddable":true,"href":"https:\/\/serveiseducatius.xtec.cat\/vallesoccidental7\/wp-json\/wp\/v2\/comments?post=8327"}],"version-history":[{"count":4,"href":"https:\/\/serveiseducatius.xtec.cat\/vallesoccidental7\/wp-json\/wp\/v2\/posts\/8327\/revisions"}],"predecessor-version":[{"id":13263,"href":"https:\/\/serveiseducatius.xtec.cat\/vallesoccidental7\/wp-json\/wp\/v2\/posts\/8327\/revisions\/13263"}],"wp:attachment":[{"href":"https:\/\/serveiseducatius.xtec.cat\/vallesoccidental7\/wp-json\/wp\/v2\/media?parent=8327"}],"wp:term":[{"taxonomy":"category","embeddable":true,"href":"https:\/\/serveiseducatius.xtec.cat\/vallesoccidental7\/wp-json\/wp\/v2\/categories?post=8327"},{"taxonomy":"post_tag","embeddable":true,"href":"https:\/\/serveiseducatius.xtec.cat\/vallesoccidental7\/wp-json\/wp\/v2\/tags?post=8327"}],"curies":[{"name":"wp","href":"https:\/\/api.w.org\/{rel}","templated":true}]}}