{"id":13429,"date":"2025-09-25T17:36:42","date_gmt":"2025-09-25T15:36:42","guid":{"rendered":"https:\/\/serveiseducatius.xtec.cat\/vallesoccidental7\/?p=13429"},"modified":"2025-09-26T12:50:54","modified_gmt":"2025-09-26T10:50:54","slug":"ix-jornada-del-grup-motor-del-treball-en-xarxa-en-infancia-en-risc-de-badia-del-valles","status":"publish","type":"post","link":"https:\/\/serveiseducatius.xtec.cat\/vallesoccidental7\/general\/ix-jornada-del-grup-motor-del-treball-en-xarxa-en-infancia-en-risc-de-badia-del-valles\/","title":{"rendered":"IX Jornada del Grup Motor del treball en xarxa en inf\u00e0ncia en risc de Badia del Vall\u00e8s"},"content":{"rendered":"<p><span style=\"font-family: arial, sans-serif;\">\u00a0<strong>IX Jornada del Grup Motor del treball en xarxa en inf\u00e0ncia en risc de Badia del Vall\u00e8s<\/strong>, que tindr\u00e0 lloc el proper\u00a0<strong>dimecres 3 de desembre de 2025<\/strong>, de\u00a0<strong>9 a 14 h<\/strong>, a l\u2019<strong>Auditori Antonio D\u00edaz \u2013 El Mago Pop<\/strong>.<u><\/u><u><\/u><\/span><\/p>\n<p><span style=\"font-family: arial, sans-serif;\">La jornada, sota el t\u00edtol\u00a0<em>\u201cNecessitats educatives, discapacitat i depend\u00e8ncia: una mirada comunit\u00e0ria i sist\u00e8mica\u201d<\/em>, comptar\u00e0 amb la pon\u00e8ncia inaugural del Sr.\u00a0<strong>Antoni Galiano Barajas<\/strong>, Director General d\u2019Autonomia Personal i Discapacitat de la Generalitat de Catalunya, i amb una taula rodona interprofessional.<u><\/u><u><\/u><\/span><\/p>\n<p><span style=\"font-family: arial, sans-serif;\"><img decoding=\"async\" class=\"an1\" draggable=\"false\" src=\"https:\/\/fonts.gstatic.com\/s\/e\/notoemoji\/16.0\/1f449\/32.png\" alt=\"\ud83d\udc49\" data-emoji=\"\ud83d\udc49\" aria-label=\"\ud83d\udc49\" \/>\u00a0<strong>Inscripcions (places limitades):<\/strong><u><\/u><u><\/u><\/span><\/p>\n<p><span style=\"font-family: arial, sans-serif;\"><u><\/u>\u00b7\u00a0\u00a0<u><\/u><a href=\"https:\/\/aplicacions.gestioeducativa.gencat.cat\/ords\/pls\/soloas\/pk_for_mod_ins.p_for_cons_activitats?p_any=2025-2026&amp;p_codi=4070531407\" target=\"_blank\" rel=\"noopener\" data-saferedirecturl=\"https:\/\/www.google.com\/url?q=https:\/\/aplicacions.gestioeducativa.gencat.cat\/ords\/pls\/soloas\/pk_for_mod_ins.p_for_cons_activitats?p_any%3D2025-2026%26p_codi%3D4070531407&amp;source=gmail&amp;ust=1758888799981000&amp;usg=AOvVaw35618alYKEm_OtHzOZv9fE\">Professionals del Departament d&#8217;Educaci\u00f3<\/a><u><\/u><u><\/u><\/span><\/p>\n<p><span style=\"font-family: arial, sans-serif;\"><u><\/u>\u00b7\u00a0\u00a0<u><\/u><a href=\"https:\/\/forms.gle\/SdBN4y75uPFWfpXN8\" target=\"_blank\" rel=\"noopener\" data-saferedirecturl=\"https:\/\/www.google.com\/url?q=https:\/\/forms.gle\/SdBN4y75uPFWfpXN8&amp;source=gmail&amp;ust=1758888799981000&amp;usg=AOvVaw3NE7TEPl4ZuakhEEjwdRFs\">Ajuntaments, serveis i entitats<\/a><u><\/u><u><\/u><\/span><\/p>\n<p><span style=\"font-family: arial, sans-serif;\">Es lliurar\u00e0\u00a0<strong>certificat d\u2019assist\u00e8ncia (5 h)<\/strong>.<u><\/u><u><\/u><\/span><\/p>\n<p><span style=\"font-family: arial, sans-serif;\">Us agrairem\u00a0molt\u00a0la vostra participaci\u00f3 en aquest espai de reflexi\u00f3 i treball conjunt.<\/span><\/p>\n<p><!--a=1--><\/p>\n<p><!--a=1--><\/p>\n<p><!--a=1--><\/p>\n","protected":false},"excerpt":{"rendered":"<p>\u00a0IX Jornada del Grup Motor del treball en xarxa en inf\u00e0ncia en risc de Badia del Vall\u00e8s, que tindr\u00e0 lloc el proper\u00a0dimecres 3 de desembre de 2025, de\u00a09 a 14 h, a l\u2019Auditori Antonio D\u00edaz \u2013 El Mago Pop. La jornada, sota el t\u00edtol\u00a0\u201cNecessitats educatives, discapacitat i depend\u00e8ncia: una mirada comunit\u00e0ria i sist\u00e8mica\u201d, comptar\u00e0 amb [&hellip;]<\/p>\n","protected":false},"author":5,"featured_media":0,"comment_status":"open","ping_status":"open","sticky":false,"template":"","format":"standard","meta":{"_bbp_topic_count":0,"_bbp_reply_count":0,"_bbp_total_topic_count":0,"_bbp_total_reply_count":0,"_bbp_voice_count":0,"_bbp_anonymous_reply_count":0,"_bbp_topic_count_hidden":0,"_bbp_reply_count_hidden":0,"_bbp_forum_subforum_count":0,"site-sidebar-layout":"default","site-content-layout":"","ast-site-content-layout":"default","site-content-style":"default","site-sidebar-style":"default","ast-global-header-display":"","ast-banner-title-visibility":"","ast-main-header-display":"","ast-hfb-above-header-display":"","ast-hfb-below-header-display":"","ast-hfb-mobile-header-display":"","site-post-title":"","ast-breadcrumbs-content":"","ast-featured-img":"","footer-sml-layout":"","theme-transparent-header-meta":"default","adv-header-id-meta":"","stick-header-meta":"","header-above-stick-meta":"","header-main-stick-meta":"","header-below-stick-meta":"","astra-migrate-meta-layouts":"set","ast-page-background-enabled":"default","ast-page-background-meta":{"desktop":{"background-color":"var(--ast-global-color-4)","background-image":"","background-repeat":"repeat","background-position":"center center","background-size":"auto","background-attachment":"scroll","background-type":"","background-media":"","overlay-type":"","overlay-color":"","overlay-opacity":"","overlay-gradient":""},"tablet":{"background-color":"","background-image":"","background-repeat":"repeat","background-position":"center center","background-size":"auto","background-attachment":"scroll","background-type":"","background-media":"","overlay-type":"","overlay-color":"","overlay-opacity":"","overlay-gradient":""},"mobile":{"background-color":"","background-image":"","background-repeat":"repeat","background-position":"center center","background-size":"auto","background-attachment":"scroll","background-type":"","background-media":"","overlay-type":"","overlay-color":"","overlay-opacity":"","overlay-gradient":""}},"ast-content-background-meta":{"desktop":{"background-color":"var(--ast-global-color-5)","background-image":"","background-repeat":"repeat","background-position":"center center","background-size":"auto","background-attachment":"scroll","background-type":"","background-media":"","overlay-type":"","overlay-color":"","overlay-opacity":"","overlay-gradient":""},"tablet":{"background-color":"var(--ast-global-color-5)","background-image":"","background-repeat":"repeat","background-position":"center center","background-size":"auto","background-attachment":"scroll","background-type":"","background-media":"","overlay-type":"","overlay-color":"","overlay-opacity":"","overlay-gradient":""},"mobile":{"background-color":"var(--ast-global-color-5)","background-image":"","background-repeat":"repeat","background-position":"center center","background-size":"auto","background-attachment":"scroll","background-type":"","background-media":"","overlay-type":"","overlay-color":"","overlay-opacity":"","overlay-gradient":""}},"footnotes":""},"categories":[1,29],"tags":[],"class_list":["post-13429","post","type-post","status-publish","format-standard","hentry","category-general","category-portada"],"post_mailing_queue_ids":[],"_links":{"self":[{"href":"https:\/\/serveiseducatius.xtec.cat\/vallesoccidental7\/wp-json\/wp\/v2\/posts\/13429","targetHints":{"allow":["GET"]}}],"collection":[{"href":"https:\/\/serveiseducatius.xtec.cat\/vallesoccidental7\/wp-json\/wp\/v2\/posts"}],"about":[{"href":"https:\/\/serveiseducatius.xtec.cat\/vallesoccidental7\/wp-json\/wp\/v2\/types\/post"}],"author":[{"embeddable":true,"href":"https:\/\/serveiseducatius.xtec.cat\/vallesoccidental7\/wp-json\/wp\/v2\/users\/5"}],"replies":[{"embeddable":true,"href":"https:\/\/serveiseducatius.xtec.cat\/vallesoccidental7\/wp-json\/wp\/v2\/comments?post=13429"}],"version-history":[{"count":3,"href":"https:\/\/serveiseducatius.xtec.cat\/vallesoccidental7\/wp-json\/wp\/v2\/posts\/13429\/revisions"}],"predecessor-version":[{"id":13440,"href":"https:\/\/serveiseducatius.xtec.cat\/vallesoccidental7\/wp-json\/wp\/v2\/posts\/13429\/revisions\/13440"}],"wp:attachment":[{"href":"https:\/\/serveiseducatius.xtec.cat\/vallesoccidental7\/wp-json\/wp\/v2\/media?parent=13429"}],"wp:term":[{"taxonomy":"category","embeddable":true,"href":"https:\/\/serveiseducatius.xtec.cat\/vallesoccidental7\/wp-json\/wp\/v2\/categories?post=13429"},{"taxonomy":"post_tag","embeddable":true,"href":"https:\/\/serveiseducatius.xtec.cat\/vallesoccidental7\/wp-json\/wp\/v2\/tags?post=13429"}],"curies":[{"name":"wp","href":"https:\/\/api.w.org\/{rel}","templated":true}]}}