{"id":13416,"date":"2025-09-24T17:21:01","date_gmt":"2025-09-24T15:21:01","guid":{"rendered":"https:\/\/serveiseducatius.xtec.cat\/vallesoccidental7\/?p=13416"},"modified":"2025-09-24T17:21:33","modified_gmt":"2025-09-24T15:21:33","slug":"formacio-nous-tutors-daula-dacollida","status":"publish","type":"post","link":"https:\/\/serveiseducatius.xtec.cat\/vallesoccidental7\/portada\/formacio-nous-tutors-daula-dacollida\/","title":{"rendered":"FORMACI\u00d3 NOUS TUTORS D\u2019AULA D\u2019ACOLLIDA"},"content":{"rendered":"<p>Divendres, 19 de setembre, al mat\u00ed, a la Biblioteca Central de Terrassa, es va realitzar la FORMACI\u00d3 DE NOUS TUTORS D\u2019AULA D\u2019ACOLLIDA, a la qual van assistir els nous tutors del nostre territori, juntament amb tot els del Vall\u00e8s Occidental.<br \/>\nLa mestra de l\u2019Aula d\u2019Acollida de l\u2019Institut La Rom\u00e0nica, Carmen Mej\u00edas, va col\u00b7laborar amb les formadores. La seva intervenci\u00f3 va ser molt apreciada per les ALIC que impartien la formaci\u00f3, per qu\u00e8 la seva exposici\u00f3 va ser molt clara, concreta i rica; i tamb\u00e9 va ser molt ben valorada per tots els docents assistents a la formaci\u00f3 perqu\u00e8 es va saber posar en el seu lloc, compartint estrat\u00e8gies i activitats que tots van agrair.<br \/>\nDes del Servei Educatiu VOC VII, li volem donar p\u00fablicament i de tot cor les gr\u00e0cies a la Carmen per la bona disposici\u00f3, el plantejament general, la preparaci\u00f3 i la seva participaci\u00f3 a la formaci\u00f3.<\/p>\n<p><img loading=\"lazy\" decoding=\"async\" class=\"wp-image-13419 alignleft\" src=\"https:\/\/serveiseducatius.xtec.cat\/vallesoccidental7\/wp-content\/uploads\/usu1104\/2025\/09\/WhatsApp-Image-2025-09-19-at-13.26.56-2-1024x768.jpeg\" alt=\"\" width=\"430\" height=\"322\" srcset=\"https:\/\/serveiseducatius.xtec.cat\/vallesoccidental7\/wp-content\/uploads\/usu1104\/2025\/09\/WhatsApp-Image-2025-09-19-at-13.26.56-2-1024x768.jpeg 1024w, https:\/\/serveiseducatius.xtec.cat\/vallesoccidental7\/wp-content\/uploads\/usu1104\/2025\/09\/WhatsApp-Image-2025-09-19-at-13.26.56-2-300x225.jpeg 300w, https:\/\/serveiseducatius.xtec.cat\/vallesoccidental7\/wp-content\/uploads\/usu1104\/2025\/09\/WhatsApp-Image-2025-09-19-at-13.26.56-2-768x576.jpeg 768w, https:\/\/serveiseducatius.xtec.cat\/vallesoccidental7\/wp-content\/uploads\/usu1104\/2025\/09\/WhatsApp-Image-2025-09-19-at-13.26.56-2-1536x1152.jpeg 1536w, https:\/\/serveiseducatius.xtec.cat\/vallesoccidental7\/wp-content\/uploads\/usu1104\/2025\/09\/WhatsApp-Image-2025-09-19-at-13.26.56-2.jpeg 1600w\" sizes=\"auto, (max-width: 430px) 100vw, 430px\" \/><\/p>\n<p>&nbsp;<\/p>\n<p><img loading=\"lazy\" decoding=\"async\" class=\"wp-image-13418 alignnone\" src=\"https:\/\/serveiseducatius.xtec.cat\/vallesoccidental7\/wp-content\/uploads\/usu1104\/2025\/09\/WhatsApp-Image-2025-09-19-at-13.25.32-1024x576.jpeg\" alt=\"\" width=\"315\" height=\"177\" srcset=\"https:\/\/serveiseducatius.xtec.cat\/vallesoccidental7\/wp-content\/uploads\/usu1104\/2025\/09\/WhatsApp-Image-2025-09-19-at-13.25.32-1024x576.jpeg 1024w, https:\/\/serveiseducatius.xtec.cat\/vallesoccidental7\/wp-content\/uploads\/usu1104\/2025\/09\/WhatsApp-Image-2025-09-19-at-13.25.32-300x169.jpeg 300w, https:\/\/serveiseducatius.xtec.cat\/vallesoccidental7\/wp-content\/uploads\/usu1104\/2025\/09\/WhatsApp-Image-2025-09-19-at-13.25.32-768x432.jpeg 768w, https:\/\/serveiseducatius.xtec.cat\/vallesoccidental7\/wp-content\/uploads\/usu1104\/2025\/09\/WhatsApp-Image-2025-09-19-at-13.25.32-1536x864.jpeg 1536w, https:\/\/serveiseducatius.xtec.cat\/vallesoccidental7\/wp-content\/uploads\/usu1104\/2025\/09\/WhatsApp-Image-2025-09-19-at-13.25.32.jpeg 2048w\" sizes=\"auto, (max-width: 315px) 100vw, 315px\" \/><\/p>\n<p>&nbsp;<\/p>\n","protected":false},"excerpt":{"rendered":"<p>Divendres, 19 de setembre, al mat\u00ed, a la Biblioteca Central de Terrassa, es va realitzar la FORMACI\u00d3 DE NOUS TUTORS D\u2019AULA D\u2019ACOLLIDA, a la qual van assistir els nous tutors del nostre territori, juntament amb tot els del Vall\u00e8s Occidental. La mestra de l\u2019Aula d\u2019Acollida de l\u2019Institut La Rom\u00e0nica, Carmen Mej\u00edas, va col\u00b7laborar amb les [&hellip;]<\/p>\n","protected":false},"author":5,"featured_media":13417,"comment_status":"open","ping_status":"open","sticky":false,"template":"","format":"standard","meta":{"_bbp_topic_count":0,"_bbp_reply_count":0,"_bbp_total_topic_count":0,"_bbp_total_reply_count":0,"_bbp_voice_count":0,"_bbp_anonymous_reply_count":0,"_bbp_topic_count_hidden":0,"_bbp_reply_count_hidden":0,"_bbp_forum_subforum_count":0,"site-sidebar-layout":"default","site-content-layout":"","ast-site-content-layout":"default","site-content-style":"default","site-sidebar-style":"default","ast-global-header-display":"","ast-banner-title-visibility":"","ast-main-header-display":"","ast-hfb-above-header-display":"","ast-hfb-below-header-display":"","ast-hfb-mobile-header-display":"","site-post-title":"","ast-breadcrumbs-content":"","ast-featured-img":"","footer-sml-layout":"","theme-transparent-header-meta":"default","adv-header-id-meta":"","stick-header-meta":"","header-above-stick-meta":"","header-main-stick-meta":"","header-below-stick-meta":"","astra-migrate-meta-layouts":"set","ast-page-background-enabled":"default","ast-page-background-meta":{"desktop":{"background-color":"var(--ast-global-color-4)","background-image":"","background-repeat":"repeat","background-position":"center center","background-size":"auto","background-attachment":"scroll","background-type":"","background-media":"","overlay-type":"","overlay-color":"","overlay-opacity":"","overlay-gradient":""},"tablet":{"background-color":"","background-image":"","background-repeat":"repeat","background-position":"center center","background-size":"auto","background-attachment":"scroll","background-type":"","background-media":"","overlay-type":"","overlay-color":"","overlay-opacity":"","overlay-gradient":""},"mobile":{"background-color":"","background-image":"","background-repeat":"repeat","background-position":"center center","background-size":"auto","background-attachment":"scroll","background-type":"","background-media":"","overlay-type":"","overlay-color":"","overlay-opacity":"","overlay-gradient":""}},"ast-content-background-meta":{"desktop":{"background-color":"var(--ast-global-color-5)","background-image":"","background-repeat":"repeat","background-position":"center center","background-size":"auto","background-attachment":"scroll","background-type":"","background-media":"","overlay-type":"","overlay-color":"","overlay-opacity":"","overlay-gradient":""},"tablet":{"background-color":"var(--ast-global-color-5)","background-image":"","background-repeat":"repeat","background-position":"center center","background-size":"auto","background-attachment":"scroll","background-type":"","background-media":"","overlay-type":"","overlay-color":"","overlay-opacity":"","overlay-gradient":""},"mobile":{"background-color":"var(--ast-global-color-5)","background-image":"","background-repeat":"repeat","background-position":"center center","background-size":"auto","background-attachment":"scroll","background-type":"","background-media":"","overlay-type":"","overlay-color":"","overlay-opacity":"","overlay-gradient":""}},"footnotes":""},"categories":[474,29],"tags":[377,226],"class_list":["post-13416","post","type-post","status-publish","format-standard","has-post-thumbnail","hentry","category-aula-dacollida","category-portada","tag-acollida","tag-formacio"],"post_mailing_queue_ids":[],"_links":{"self":[{"href":"https:\/\/serveiseducatius.xtec.cat\/vallesoccidental7\/wp-json\/wp\/v2\/posts\/13416","targetHints":{"allow":["GET"]}}],"collection":[{"href":"https:\/\/serveiseducatius.xtec.cat\/vallesoccidental7\/wp-json\/wp\/v2\/posts"}],"about":[{"href":"https:\/\/serveiseducatius.xtec.cat\/vallesoccidental7\/wp-json\/wp\/v2\/types\/post"}],"author":[{"embeddable":true,"href":"https:\/\/serveiseducatius.xtec.cat\/vallesoccidental7\/wp-json\/wp\/v2\/users\/5"}],"replies":[{"embeddable":true,"href":"https:\/\/serveiseducatius.xtec.cat\/vallesoccidental7\/wp-json\/wp\/v2\/comments?post=13416"}],"version-history":[{"count":2,"href":"https:\/\/serveiseducatius.xtec.cat\/vallesoccidental7\/wp-json\/wp\/v2\/posts\/13416\/revisions"}],"predecessor-version":[{"id":13421,"href":"https:\/\/serveiseducatius.xtec.cat\/vallesoccidental7\/wp-json\/wp\/v2\/posts\/13416\/revisions\/13421"}],"wp:featuredmedia":[{"embeddable":true,"href":"https:\/\/serveiseducatius.xtec.cat\/vallesoccidental7\/wp-json\/wp\/v2\/media\/13417"}],"wp:attachment":[{"href":"https:\/\/serveiseducatius.xtec.cat\/vallesoccidental7\/wp-json\/wp\/v2\/media?parent=13416"}],"wp:term":[{"taxonomy":"category","embeddable":true,"href":"https:\/\/serveiseducatius.xtec.cat\/vallesoccidental7\/wp-json\/wp\/v2\/categories?post=13416"},{"taxonomy":"post_tag","embeddable":true,"href":"https:\/\/serveiseducatius.xtec.cat\/vallesoccidental7\/wp-json\/wp\/v2\/tags?post=13416"}],"curies":[{"name":"wp","href":"https:\/\/api.w.org\/{rel}","templated":true}]}}