{"id":13322,"date":"2025-09-17T11:02:33","date_gmt":"2025-09-17T09:02:33","guid":{"rendered":"https:\/\/serveiseducatius.xtec.cat\/vallesoccidental7\/?p=13322"},"modified":"2025-09-17T11:02:33","modified_gmt":"2025-09-17T09:02:33","slug":"formacio-oberta","status":"publish","type":"post","link":"https:\/\/serveiseducatius.xtec.cat\/vallesoccidental7\/portada\/formacio-oberta\/","title":{"rendered":"Formaci\u00f3 oberta"},"content":{"rendered":"<div>\n<div class=\"gmail_default\">Formacions telem\u00e0tiques organitzades pel Servei d&#8217;orientaci\u00f3 educativa i participaci\u00f3 de l&#8217;alumnat:<\/div>\n<\/div>\n<div><\/div>\n<div>\n<div><a id=\"m_1247140153629573151m_6898428445510539259LPlnk285002\" title=\"https:\/\/aplicacions.gestioeducativa.gencat.cat\/ords\/pls\/soloas\/pk_for_mod_ins.p_for_cons_activitats?p_any=&amp;p_tipus_act=PSAD&amp;p_totes=\" href=\"https:\/\/aplicacions.gestioeducativa.gencat.cat\/ords\/pls\/soloas\/pk_for_mod_ins.p_for_cons_activitats?p_any=&amp;p_tipus_act=PSAD&amp;p_totes=\" target=\"_blank\" rel=\"noopener\" data-saferedirecturl=\"https:\/\/www.google.com\/url?q=https:\/\/aplicacions.gestioeducativa.gencat.cat\/ords\/pls\/soloas\/pk_for_mod_ins.p_for_cons_activitats?p_any%3D%26p_tipus_act%3DPSAD%26p_totes%3D&amp;source=gmail&amp;ust=1758182593010000&amp;usg=AOvVaw24ybW3y4t2b12DIcrwZjhE\">La<span class=\"gmail_default\">\u00a0<\/span>conducta su\u00efcida i la mort per su\u00efcidi en l&#8217;adolesc\u00e8ncia<\/a><\/div>\n<div>Formaci\u00f3 que proporciona informaci\u00f3, eines als professionals de l&#8217;educaci\u00f3 perqu\u00e8 puguin con\u00e8ixer quins s\u00f3n els passos a seguir davant d&#8217;un possible cas a l&#8217;aula i con\u00e8ixer estrat\u00e8gies de comunicaci\u00f3 eficient; i tamb\u00e9 disposar d&#8217;informaci\u00f3 per a la realitzaci\u00f3 d&#8217;activitats i accions preventives amb l&#8217;alumnat dins del centre docent.<\/div>\n<div><\/div>\n<div><a id=\"m_1247140153629573151m_6898428445510539259LPlnk249374\" title=\"https:\/\/aplicacions.gestioeducativa.gencat.cat\/ords\/pls\/soloas\/pk_for_mod_ins.p_for_cons_activitats?p_any=&amp;p_tipus_act=TCA&amp;p_totes=S\" href=\"https:\/\/aplicacions.gestioeducativa.gencat.cat\/ords\/pls\/soloas\/pk_for_mod_ins.p_for_cons_activitats?p_any=&amp;p_tipus_act=TCA&amp;p_totes=S\" target=\"_blank\" rel=\"noopener\" data-saferedirecturl=\"https:\/\/www.google.com\/url?q=https:\/\/aplicacions.gestioeducativa.gencat.cat\/ords\/pls\/soloas\/pk_for_mod_ins.p_for_cons_activitats?p_any%3D%26p_tipus_act%3DTCA%26p_totes%3DS&amp;source=gmail&amp;ust=1758182593010000&amp;usg=AOvVaw1z1JH6QO1IUdpmaEz4Mq0q\">C\u00e0psules: els trastorns de la conducta aliment\u00e0ria, prevenci\u00f3 des del centre docent<\/a><\/div>\n<div>Formaci\u00f3 dirigida a professionals de l&#8217;educaci\u00f3 que proporciona informaci\u00f3 sobre que s\u00f3n els Trastorns de la Conducta Aliment\u00e0ria (TCA) i tamb\u00e9 sobre quins s\u00f3n els senyals d&#8217;alerta m\u00e9s habituals que es poden detectar al centre docent.<\/div>\n<div><\/div>\n<div><a id=\"m_1247140153629573151m_6898428445510539259LPlnk354612\" title=\"https:\/\/aplicacions.gestioeducativa.gencat.cat\/ords\/pls\/soloas\/pk_for_mod_ins.p_for_cons_activitats?p_any=&amp;p_tipus_act=MIAP,OPT,GTO,EIM2,OPT,OPF,IAOE,OVM,SOR,APA,EVO,FFDO&amp;p_totes=S&amp;p_paginar=N\" href=\"https:\/\/aplicacions.gestioeducativa.gencat.cat\/ords\/pls\/soloas\/pk_for_mod_ins.p_for_cons_activitats?p_any=&amp;p_tipus_act=MIAP,OPT,GTO,EIM2,OPT,OPF,IAOE,OVM,SOR,APA,EVO,FFDO&amp;p_totes=S&amp;p_paginar=N\" target=\"_blank\" rel=\"noopener\" data-saferedirecturl=\"https:\/\/www.google.com\/url?q=https:\/\/aplicacions.gestioeducativa.gencat.cat\/ords\/pls\/soloas\/pk_for_mod_ins.p_for_cons_activitats?p_any%3D%26p_tipus_act%3DMIAP,OPT,GTO,EIM2,OPT,OPF,IAOE,OVM,SOR,APA,EVO,FFDO%26p_totes%3DS%26p_paginar%3DN&amp;source=gmail&amp;ust=1758182593010000&amp;usg=AOvVaw2y4RWH9KL5ZT_hdMSz4Yux\">Aprendre a aprendre: Estrat\u00e8gies d&#8217;aprenentatge basades en l&#8217;evid\u00e8ncia cient\u00edfica<\/a><\/div>\n<div>Curs en l\u00ednia adre\u00e7at a docents d&#8217;Educaci\u00f3 Prim\u00e0ria, Secund\u00e0ria i Batxillerat, que t\u00e9 com a objectiu apropar coneixements cient\u00edfics sobre la mem\u00f2ria, l&#8217;aprenentatge i la psicologia, especialment pel que fa a la compet\u00e8ncia d&#8217;aprendre a aprendre. El formador\u00a0\u00e9s H\u00e9ctor Ruiz.<\/div>\n<\/div>\n","protected":false},"excerpt":{"rendered":"<p>Formacions telem\u00e0tiques organitzades pel Servei d&#8217;orientaci\u00f3 educativa i participaci\u00f3 de l&#8217;alumnat: La\u00a0conducta su\u00efcida i la mort per su\u00efcidi en l&#8217;adolesc\u00e8ncia Formaci\u00f3 que proporciona informaci\u00f3, eines als professionals de l&#8217;educaci\u00f3 perqu\u00e8 puguin con\u00e8ixer quins s\u00f3n els passos a seguir davant d&#8217;un possible cas a l&#8217;aula i con\u00e8ixer estrat\u00e8gies de comunicaci\u00f3 eficient; i tamb\u00e9 disposar d&#8217;informaci\u00f3 per [&hellip;]<\/p>\n","protected":false},"author":5,"featured_media":0,"comment_status":"open","ping_status":"open","sticky":false,"template":"","format":"standard","meta":{"_bbp_topic_count":0,"_bbp_reply_count":0,"_bbp_total_topic_count":0,"_bbp_total_reply_count":0,"_bbp_voice_count":0,"_bbp_anonymous_reply_count":0,"_bbp_topic_count_hidden":0,"_bbp_reply_count_hidden":0,"_bbp_forum_subforum_count":0,"site-sidebar-layout":"default","site-content-layout":"","ast-site-content-layout":"default","site-content-style":"default","site-sidebar-style":"default","ast-global-header-display":"","ast-banner-title-visibility":"","ast-main-header-display":"","ast-hfb-above-header-display":"","ast-hfb-below-header-display":"","ast-hfb-mobile-header-display":"","site-post-title":"","ast-breadcrumbs-content":"","ast-featured-img":"","footer-sml-layout":"","theme-transparent-header-meta":"default","adv-header-id-meta":"","stick-header-meta":"","header-above-stick-meta":"","header-main-stick-meta":"","header-below-stick-meta":"","astra-migrate-meta-layouts":"set","ast-page-background-enabled":"default","ast-page-background-meta":{"desktop":{"background-color":"var(--ast-global-color-4)","background-image":"","background-repeat":"repeat","background-position":"center center","background-size":"auto","background-attachment":"scroll","background-type":"","background-media":"","overlay-type":"","overlay-color":"","overlay-opacity":"","overlay-gradient":""},"tablet":{"background-color":"","background-image":"","background-repeat":"repeat","background-position":"center center","background-size":"auto","background-attachment":"scroll","background-type":"","background-media":"","overlay-type":"","overlay-color":"","overlay-opacity":"","overlay-gradient":""},"mobile":{"background-color":"","background-image":"","background-repeat":"repeat","background-position":"center center","background-size":"auto","background-attachment":"scroll","background-type":"","background-media":"","overlay-type":"","overlay-color":"","overlay-opacity":"","overlay-gradient":""}},"ast-content-background-meta":{"desktop":{"background-color":"var(--ast-global-color-5)","background-image":"","background-repeat":"repeat","background-position":"center center","background-size":"auto","background-attachment":"scroll","background-type":"","background-media":"","overlay-type":"","overlay-color":"","overlay-opacity":"","overlay-gradient":""},"tablet":{"background-color":"var(--ast-global-color-5)","background-image":"","background-repeat":"repeat","background-position":"center center","background-size":"auto","background-attachment":"scroll","background-type":"","background-media":"","overlay-type":"","overlay-color":"","overlay-opacity":"","overlay-gradient":""},"mobile":{"background-color":"var(--ast-global-color-5)","background-image":"","background-repeat":"repeat","background-position":"center center","background-size":"auto","background-attachment":"scroll","background-type":"","background-media":"","overlay-type":"","overlay-color":"","overlay-opacity":"","overlay-gradient":""}},"footnotes":""},"categories":[154,29],"tags":[],"class_list":["post-13322","post","type-post","status-publish","format-standard","hentry","category-informacio-general","category-portada"],"post_mailing_queue_ids":[],"_links":{"self":[{"href":"https:\/\/serveiseducatius.xtec.cat\/vallesoccidental7\/wp-json\/wp\/v2\/posts\/13322","targetHints":{"allow":["GET"]}}],"collection":[{"href":"https:\/\/serveiseducatius.xtec.cat\/vallesoccidental7\/wp-json\/wp\/v2\/posts"}],"about":[{"href":"https:\/\/serveiseducatius.xtec.cat\/vallesoccidental7\/wp-json\/wp\/v2\/types\/post"}],"author":[{"embeddable":true,"href":"https:\/\/serveiseducatius.xtec.cat\/vallesoccidental7\/wp-json\/wp\/v2\/users\/5"}],"replies":[{"embeddable":true,"href":"https:\/\/serveiseducatius.xtec.cat\/vallesoccidental7\/wp-json\/wp\/v2\/comments?post=13322"}],"version-history":[{"count":1,"href":"https:\/\/serveiseducatius.xtec.cat\/vallesoccidental7\/wp-json\/wp\/v2\/posts\/13322\/revisions"}],"predecessor-version":[{"id":13323,"href":"https:\/\/serveiseducatius.xtec.cat\/vallesoccidental7\/wp-json\/wp\/v2\/posts\/13322\/revisions\/13323"}],"wp:attachment":[{"href":"https:\/\/serveiseducatius.xtec.cat\/vallesoccidental7\/wp-json\/wp\/v2\/media?parent=13322"}],"wp:term":[{"taxonomy":"category","embeddable":true,"href":"https:\/\/serveiseducatius.xtec.cat\/vallesoccidental7\/wp-json\/wp\/v2\/categories?post=13322"},{"taxonomy":"post_tag","embeddable":true,"href":"https:\/\/serveiseducatius.xtec.cat\/vallesoccidental7\/wp-json\/wp\/v2\/tags?post=13322"}],"curies":[{"name":"wp","href":"https:\/\/api.w.org\/{rel}","templated":true}]}}