{"id":13001,"date":"2025-02-24T10:55:10","date_gmt":"2025-02-24T09:55:10","guid":{"rendered":"https:\/\/serveiseducatius.xtec.cat\/vallesoccidental7\/?p=13001"},"modified":"2025-02-24T10:55:10","modified_gmt":"2025-02-24T09:55:10","slug":"sessio-virtual-de-presentacio-recursos-contra-lincrement-de-lextrema-dreta-el-projecte-com-abordar-la-dictadura-i-la-transicio-a-laula","status":"publish","type":"post","link":"https:\/\/serveiseducatius.xtec.cat\/vallesoccidental7\/general\/sessio-virtual-de-presentacio-recursos-contra-lincrement-de-lextrema-dreta-el-projecte-com-abordar-la-dictadura-i-la-transicio-a-laula\/","title":{"rendered":"Sessi\u00f3 virtual de Presentaci\u00f3: recursos contra l&#8217;increment de l&#8217;extrema dreta, el projecte &#8220;Com abordar (la dictadura) i la transici\u00f3 a l\u2019aula?&#8221;"},"content":{"rendered":"<p>Davant del suport creixent dels joves a sistemes pol\u00edtics no democr\u00e0tics, l&#8217;Escola de Cultura de Pau de la UAB us convida a la sessi\u00f3 online &#8220;Com abordar (la dictadura) i la transici\u00f3 a l\u2019aula?&#8221;, una proposta que planteja preguntes sobre el paper de la mem\u00f2ria hist\u00f2rica en la cohesi\u00f3, el conflicte i la polaritzaci\u00f3, on es presentar\u00e0 un material did\u00e0ctic.<\/p>\n<p>Hi tractarem:<\/p>\n<p>\u00b7 Com abordar la dictadura i la transici\u00f3 en contextos en els quals pot haver discursos anti-democr\u00e0tics (mem\u00f2ria agon\u00edstica). Reflexionar sobre els reptes dels sistemes democr\u00e0tics actuals (&#8217;15)<\/p>\n<p>\u00b7 Presentaci\u00f3 de recursos did\u00e0ctics per fer-ho (p\u00e0gina web de testimonis i material did\u00e0ctic del projecte Changing Democracies) (&#8217;15)<\/p>\n<p>\u00b7 Preguntes i intercanvi sobre els reptes a l\u2019hora d\u2019abordar la dictadura i la transici\u00f3 a l\u2019aula (&#8217;15-&#8217;30)<\/p>\n<p>Dimecres 26 de febrer, de 18:00 a 19:00<\/p>\n<p>Enlla\u00e7 Zoom: <u><a id=\"m_-6880370860799286955OWAf6fdbb99-11ca-a58f-4584-cb865303aba6\" href=\"https:\/\/us02web.zoom.us\/j\/84833963694?pwd=bJf16Zv1nzlIRz8ap44mvngXhnPAdh.1\" target=\"_blank\" rel=\"noopener\" data-saferedirecturl=\"https:\/\/www.google.com\/url?q=https:\/\/us02web.zoom.us\/j\/84833963694?pwd%3DbJf16Zv1nzlIRz8ap44mvngXhnPAdh.1&amp;source=gmail&amp;ust=1740470141851000&amp;usg=AOvVaw30e0sgh85shplEaVYngRtl\">https:\/\/us02web.zoom.us\/j\/<wbr \/>84833963694?pwd=<wbr \/>bJf16Zv1nzlIRz8ap44mvngXhnPAdh<wbr \/>.1<\/a><\/u><\/p>\n<p>ID de la reuni\u00f3: 848 3396 3694<\/p>\n<p>Codi d&#8217;acc\u00e9s: 514723<\/p>\n<p>Aquesta activitat forma part del projecte Changing Democracies, que vol promoure la reflexi\u00f3 sobre els beneficis i els l\u00edmits de les democr\u00e0cies europees, de forma no polaritzant (agonisme), a trav\u00e9s de la comparaci\u00f3 de casos de transicions a la democr\u00e0cia en diferents pa\u00efsos europeus. Aquest projecte est\u00e0 finan\u00e7at per la Comissi\u00f3 Europea.<\/p>\n<p><a href=\"https:\/\/serveiseducatius.xtec.cat\/vallesoccidental7\/general\/sessio-virtual-de-presentacio-recursos-contra-lincrement-de-lextrema-dreta-el-projecte-com-abordar-la-dictadura-i-la-transicio-a-laula\/attachment\/image001\/\" rel=\"attachment wp-att-13004\"><img loading=\"lazy\" decoding=\"async\" class=\"wp-image-13004 alignleft\" src=\"https:\/\/serveiseducatius.xtec.cat\/vallesoccidental7\/wp-content\/uploads\/usu1104\/2025\/02\/image001-1024x710.png\" alt=\"\" width=\"421\" height=\"292\" srcset=\"https:\/\/serveiseducatius.xtec.cat\/vallesoccidental7\/wp-content\/uploads\/usu1104\/2025\/02\/image001-1024x710.png 1024w, https:\/\/serveiseducatius.xtec.cat\/vallesoccidental7\/wp-content\/uploads\/usu1104\/2025\/02\/image001-300x208.png 300w, https:\/\/serveiseducatius.xtec.cat\/vallesoccidental7\/wp-content\/uploads\/usu1104\/2025\/02\/image001-768x533.png 768w, https:\/\/serveiseducatius.xtec.cat\/vallesoccidental7\/wp-content\/uploads\/usu1104\/2025\/02\/image001.png 1096w\" sizes=\"auto, (max-width: 421px) 100vw, 421px\" \/><\/a><a href=\"https:\/\/serveiseducatius.xtec.cat\/vallesoccidental7\/general\/sessio-virtual-de-presentacio-recursos-contra-lincrement-de-lextrema-dreta-el-projecte-com-abordar-la-dictadura-i-la-transicio-a-laula\/attachment\/image002\/\" rel=\"attachment wp-att-13002\"><img loading=\"lazy\" decoding=\"async\" class=\"wp-image-13002 alignleft\" src=\"https:\/\/serveiseducatius.xtec.cat\/vallesoccidental7\/wp-content\/uploads\/usu1104\/2025\/02\/image002-1024x709.png\" alt=\"\" width=\"420\" height=\"291\" srcset=\"https:\/\/serveiseducatius.xtec.cat\/vallesoccidental7\/wp-content\/uploads\/usu1104\/2025\/02\/image002-1024x709.png 1024w, https:\/\/serveiseducatius.xtec.cat\/vallesoccidental7\/wp-content\/uploads\/usu1104\/2025\/02\/image002-300x208.png 300w, https:\/\/serveiseducatius.xtec.cat\/vallesoccidental7\/wp-content\/uploads\/usu1104\/2025\/02\/image002-768x532.png 768w, https:\/\/serveiseducatius.xtec.cat\/vallesoccidental7\/wp-content\/uploads\/usu1104\/2025\/02\/image002.png 1102w\" sizes=\"auto, (max-width: 420px) 100vw, 420px\" \/><\/a><\/p>\n","protected":false},"excerpt":{"rendered":"<p>Davant del suport creixent dels joves a sistemes pol\u00edtics no democr\u00e0tics, l&#8217;Escola de Cultura de Pau de la UAB us convida a la sessi\u00f3 online &#8220;Com abordar (la dictadura) i la transici\u00f3 a l\u2019aula?&#8221;, una proposta que planteja preguntes sobre el paper de la mem\u00f2ria hist\u00f2rica en la cohesi\u00f3, el conflicte i la polaritzaci\u00f3, on [&hellip;]<\/p>\n","protected":false},"author":5,"featured_media":13002,"comment_status":"open","ping_status":"closed","sticky":false,"template":"","format":"standard","meta":{"_bbp_topic_count":0,"_bbp_reply_count":0,"_bbp_total_topic_count":0,"_bbp_total_reply_count":0,"_bbp_voice_count":0,"_bbp_anonymous_reply_count":0,"_bbp_topic_count_hidden":0,"_bbp_reply_count_hidden":0,"_bbp_forum_subforum_count":0,"site-sidebar-layout":"default","site-content-layout":"","ast-site-content-layout":"","site-content-style":"default","site-sidebar-style":"default","ast-global-header-display":"","ast-banner-title-visibility":"","ast-main-header-display":"","ast-hfb-above-header-display":"","ast-hfb-below-header-display":"","ast-hfb-mobile-header-display":"","site-post-title":"","ast-breadcrumbs-content":"","ast-featured-img":"","footer-sml-layout":"","theme-transparent-header-meta":"","adv-header-id-meta":"","stick-header-meta":"","header-above-stick-meta":"","header-main-stick-meta":"","header-below-stick-meta":"","astra-migrate-meta-layouts":"default","ast-page-background-enabled":"default","ast-page-background-meta":{"desktop":{"background-color":"var(--ast-global-color-4)","background-image":"","background-repeat":"repeat","background-position":"center center","background-size":"auto","background-attachment":"scroll","background-type":"","background-media":"","overlay-type":"","overlay-color":"","overlay-opacity":"","overlay-gradient":""},"tablet":{"background-color":"","background-image":"","background-repeat":"repeat","background-position":"center center","background-size":"auto","background-attachment":"scroll","background-type":"","background-media":"","overlay-type":"","overlay-color":"","overlay-opacity":"","overlay-gradient":""},"mobile":{"background-color":"","background-image":"","background-repeat":"repeat","background-position":"center center","background-size":"auto","background-attachment":"scroll","background-type":"","background-media":"","overlay-type":"","overlay-color":"","overlay-opacity":"","overlay-gradient":""}},"ast-content-background-meta":{"desktop":{"background-color":"var(--ast-global-color-5)","background-image":"","background-repeat":"repeat","background-position":"center center","background-size":"auto","background-attachment":"scroll","background-type":"","background-media":"","overlay-type":"","overlay-color":"","overlay-opacity":"","overlay-gradient":""},"tablet":{"background-color":"var(--ast-global-color-5)","background-image":"","background-repeat":"repeat","background-position":"center center","background-size":"auto","background-attachment":"scroll","background-type":"","background-media":"","overlay-type":"","overlay-color":"","overlay-opacity":"","overlay-gradient":""},"mobile":{"background-color":"var(--ast-global-color-5)","background-image":"","background-repeat":"repeat","background-position":"center center","background-size":"auto","background-attachment":"scroll","background-type":"","background-media":"","overlay-type":"","overlay-color":"","overlay-opacity":"","overlay-gradient":""}},"footnotes":""},"categories":[1,29,65],"tags":[],"class_list":["post-13001","post","type-post","status-publish","format-standard","has-post-thumbnail","hentry","category-general","category-portada","category-crp"],"post_mailing_queue_ids":[],"_links":{"self":[{"href":"https:\/\/serveiseducatius.xtec.cat\/vallesoccidental7\/wp-json\/wp\/v2\/posts\/13001","targetHints":{"allow":["GET"]}}],"collection":[{"href":"https:\/\/serveiseducatius.xtec.cat\/vallesoccidental7\/wp-json\/wp\/v2\/posts"}],"about":[{"href":"https:\/\/serveiseducatius.xtec.cat\/vallesoccidental7\/wp-json\/wp\/v2\/types\/post"}],"author":[{"embeddable":true,"href":"https:\/\/serveiseducatius.xtec.cat\/vallesoccidental7\/wp-json\/wp\/v2\/users\/5"}],"replies":[{"embeddable":true,"href":"https:\/\/serveiseducatius.xtec.cat\/vallesoccidental7\/wp-json\/wp\/v2\/comments?post=13001"}],"version-history":[{"count":3,"href":"https:\/\/serveiseducatius.xtec.cat\/vallesoccidental7\/wp-json\/wp\/v2\/posts\/13001\/revisions"}],"predecessor-version":[{"id":13006,"href":"https:\/\/serveiseducatius.xtec.cat\/vallesoccidental7\/wp-json\/wp\/v2\/posts\/13001\/revisions\/13006"}],"wp:featuredmedia":[{"embeddable":true,"href":"https:\/\/serveiseducatius.xtec.cat\/vallesoccidental7\/wp-json\/wp\/v2\/media\/13002"}],"wp:attachment":[{"href":"https:\/\/serveiseducatius.xtec.cat\/vallesoccidental7\/wp-json\/wp\/v2\/media?parent=13001"}],"wp:term":[{"taxonomy":"category","embeddable":true,"href":"https:\/\/serveiseducatius.xtec.cat\/vallesoccidental7\/wp-json\/wp\/v2\/categories?post=13001"},{"taxonomy":"post_tag","embeddable":true,"href":"https:\/\/serveiseducatius.xtec.cat\/vallesoccidental7\/wp-json\/wp\/v2\/tags?post=13001"}],"curies":[{"name":"wp","href":"https:\/\/api.w.org\/{rel}","templated":true}]}}