{"id":12998,"date":"2025-02-24T10:44:28","date_gmt":"2025-02-24T09:44:28","guid":{"rendered":"https:\/\/serveiseducatius.xtec.cat\/vallesoccidental7\/?p=12998"},"modified":"2025-02-24T11:00:09","modified_gmt":"2025-02-24T10:00:09","slug":"jornada-educativa-diversitat-cultural-eines-per-a-una-educacio-des-de-lequitat","status":"publish","type":"post","link":"https:\/\/serveiseducatius.xtec.cat\/vallesoccidental7\/general\/jornada-educativa-diversitat-cultural-eines-per-a-una-educacio-des-de-lequitat\/","title":{"rendered":"Jornada educativa\u00a0\u201cDiversitat cultural: eines per a una educaci\u00f3 des de l&#8217;equitat\u201d"},"content":{"rendered":"<p style=\"font-weight: 400;\">El proper 15 de mar\u00e7 els estudis d&#8217;Educaci\u00f3 de la Facultat de Ci\u00e8ncies Socials de Manresa organitzen la jornada educativa\u00a0<a href=\"https:\/\/www.umanresa.cat\/ca\/comunicacio\/agenda\/dialegs-educatius-diversitat-cultural-eines-una-educacio-lequitat\" data-saferedirecturl=\"https:\/\/www.google.com\/url?q=https:\/\/www.umanresa.cat\/ca\/comunicacio\/agenda\/dialegs-educatius-diversitat-cultural-eines-una-educacio-lequitat&amp;source=gmail&amp;ust=1740469889952000&amp;usg=AOvVaw3TJY5ByhRaEI5BCsx5CBr1\">\u201cDiversitat cultural: eines per a una educaci\u00f3 des de l&#8217;equitat\u201d<\/a>. El prop\u00f2sit de la jornada \u00e9s ser un punt de trobada per compartir experi\u00e8ncies i aprenentatges per reflexionar sobre\u00a0 els reptes que suposa la diversitat cultural a l&#8217;aula.<a href=\"https:\/\/serveiseducatius.xtec.cat\/vallesoccidental7\/general\/jornada-educativa-diversitat-cultural-eines-per-a-una-educacio-des-de-lequitat\/attachment\/96-jornada-educacio-1-scaled\/\" rel=\"attachment wp-att-12999\"><img loading=\"lazy\" decoding=\"async\" class=\"wp-image-12999 alignright\" src=\"https:\/\/serveiseducatius.xtec.cat\/vallesoccidental7\/wp-content\/uploads\/usu1104\/2025\/02\/96.-Jornada-Educacio-1-scaled-1-e1740390971841-923x1024.webp\" alt=\"\" width=\"359\" height=\"399\" srcset=\"https:\/\/serveiseducatius.xtec.cat\/vallesoccidental7\/wp-content\/uploads\/usu1104\/2025\/02\/96.-Jornada-Educacio-1-scaled-1-e1740390971841-923x1024.webp 923w, https:\/\/serveiseducatius.xtec.cat\/vallesoccidental7\/wp-content\/uploads\/usu1104\/2025\/02\/96.-Jornada-Educacio-1-scaled-1-e1740390971841-270x300.webp 270w, https:\/\/serveiseducatius.xtec.cat\/vallesoccidental7\/wp-content\/uploads\/usu1104\/2025\/02\/96.-Jornada-Educacio-1-scaled-1-e1740390971841-768x852.webp 768w, https:\/\/serveiseducatius.xtec.cat\/vallesoccidental7\/wp-content\/uploads\/usu1104\/2025\/02\/96.-Jornada-Educacio-1-scaled-1-e1740390971841-1384x1536.webp 1384w, https:\/\/serveiseducatius.xtec.cat\/vallesoccidental7\/wp-content\/uploads\/usu1104\/2025\/02\/96.-Jornada-Educacio-1-scaled-1-e1740390971841-1845x2048.webp 1845w\" sizes=\"auto, (max-width: 359px) 100vw, 359px\" \/><\/a><\/p>\n<p style=\"font-weight: 400;\">La jornada s&#8217;iniciar\u00e0 amb la confer\u00e8ncia\u00a0 \u201cVivim la mateixa escola? La mirada de les mares immigrants\u201d,\u00a0 a c\u00e0rrec de la Doctora en Ci\u00e8ncies de l\u2019Educaci\u00f3, Fatiha El Mouali Samadi.<\/p>\n<p style=\"font-weight: 400;\">Hi haur\u00e0\u00a0 un espai per a converses amb tem\u00e0tiques diverses: la lectura col\u00b7lectiva com a eina de construcci\u00f3 de relacions entre escola i fam\u00edlies; les relacions amb les fam\u00edlies amb mirada d\u2019equitat; i la creativitat dels infants als servei del benestar comunitari.<\/p>\n<p style=\"font-weight: 400;\">Tamb\u00e9 es presentaran experi\u00e8ncies d\u2019equitat de diferents centres de totes les etapes educatives arreu de Catalunya..<\/p>\n<p style=\"font-weight: 400;\">La confer\u00e8ncia de cloenda, \u201cRe-imaginant l\u2019aprenentatge en el plurivers\u201d, anir\u00e0 a c\u00e0rrec de la Doctora en Antropologia, Fina Carpena-M\u00e9ndez.<\/p>\n<p>Trobareu m\u00e9s informaci\u00f3 en el seg\u00fcent\u00a0<a href=\"https:\/\/blocs.umanresa.cat\/educaciofub\/2025\/02\/14\/jornades-deducacio-umanresa-2\/\" data-saferedirecturl=\"https:\/\/www.google.com\/url?q=https:\/\/blocs.umanresa.cat\/educaciofub\/2025\/02\/14\/jornades-deducacio-umanresa-2\/&amp;source=gmail&amp;ust=1740469889952000&amp;usg=AOvVaw2IM_t4ennisJaxN37xl-yA\">enlla\u00e7<\/a>.<\/p>\n<p>&nbsp;<\/p>\n","protected":false},"excerpt":{"rendered":"<p>El proper 15 de mar\u00e7 els estudis d&#8217;Educaci\u00f3 de la Facultat de Ci\u00e8ncies Socials de Manresa organitzen la jornada educativa\u00a0\u201cDiversitat cultural: eines per a una educaci\u00f3 des de l&#8217;equitat\u201d. El prop\u00f2sit de la jornada \u00e9s ser un punt de trobada per compartir experi\u00e8ncies i aprenentatges per reflexionar sobre\u00a0 els reptes que suposa la diversitat cultural [&hellip;]<\/p>\n","protected":false},"author":5,"featured_media":12999,"comment_status":"open","ping_status":"closed","sticky":false,"template":"","format":"standard","meta":{"_bbp_topic_count":0,"_bbp_reply_count":0,"_bbp_total_topic_count":0,"_bbp_total_reply_count":0,"_bbp_voice_count":0,"_bbp_anonymous_reply_count":0,"_bbp_topic_count_hidden":0,"_bbp_reply_count_hidden":0,"_bbp_forum_subforum_count":0,"site-sidebar-layout":"default","site-content-layout":"","ast-site-content-layout":"","site-content-style":"default","site-sidebar-style":"default","ast-global-header-display":"","ast-banner-title-visibility":"","ast-main-header-display":"","ast-hfb-above-header-display":"","ast-hfb-below-header-display":"","ast-hfb-mobile-header-display":"","site-post-title":"","ast-breadcrumbs-content":"","ast-featured-img":"","footer-sml-layout":"","theme-transparent-header-meta":"","adv-header-id-meta":"","stick-header-meta":"","header-above-stick-meta":"","header-main-stick-meta":"","header-below-stick-meta":"","astra-migrate-meta-layouts":"default","ast-page-background-enabled":"default","ast-page-background-meta":{"desktop":{"background-color":"var(--ast-global-color-4)","background-image":"","background-repeat":"repeat","background-position":"center center","background-size":"auto","background-attachment":"scroll","background-type":"","background-media":"","overlay-type":"","overlay-color":"","overlay-opacity":"","overlay-gradient":""},"tablet":{"background-color":"","background-image":"","background-repeat":"repeat","background-position":"center center","background-size":"auto","background-attachment":"scroll","background-type":"","background-media":"","overlay-type":"","overlay-color":"","overlay-opacity":"","overlay-gradient":""},"mobile":{"background-color":"","background-image":"","background-repeat":"repeat","background-position":"center center","background-size":"auto","background-attachment":"scroll","background-type":"","background-media":"","overlay-type":"","overlay-color":"","overlay-opacity":"","overlay-gradient":""}},"ast-content-background-meta":{"desktop":{"background-color":"var(--ast-global-color-5)","background-image":"","background-repeat":"repeat","background-position":"center center","background-size":"auto","background-attachment":"scroll","background-type":"","background-media":"","overlay-type":"","overlay-color":"","overlay-opacity":"","overlay-gradient":""},"tablet":{"background-color":"var(--ast-global-color-5)","background-image":"","background-repeat":"repeat","background-position":"center center","background-size":"auto","background-attachment":"scroll","background-type":"","background-media":"","overlay-type":"","overlay-color":"","overlay-opacity":"","overlay-gradient":""},"mobile":{"background-color":"var(--ast-global-color-5)","background-image":"","background-repeat":"repeat","background-position":"center center","background-size":"auto","background-attachment":"scroll","background-type":"","background-media":"","overlay-type":"","overlay-color":"","overlay-opacity":"","overlay-gradient":""}},"footnotes":""},"categories":[64,1,29],"tags":[],"class_list":["post-12998","post","type-post","status-publish","format-standard","has-post-thumbnail","hentry","category-comunitat","category-general","category-portada"],"post_mailing_queue_ids":[],"_links":{"self":[{"href":"https:\/\/serveiseducatius.xtec.cat\/vallesoccidental7\/wp-json\/wp\/v2\/posts\/12998","targetHints":{"allow":["GET"]}}],"collection":[{"href":"https:\/\/serveiseducatius.xtec.cat\/vallesoccidental7\/wp-json\/wp\/v2\/posts"}],"about":[{"href":"https:\/\/serveiseducatius.xtec.cat\/vallesoccidental7\/wp-json\/wp\/v2\/types\/post"}],"author":[{"embeddable":true,"href":"https:\/\/serveiseducatius.xtec.cat\/vallesoccidental7\/wp-json\/wp\/v2\/users\/5"}],"replies":[{"embeddable":true,"href":"https:\/\/serveiseducatius.xtec.cat\/vallesoccidental7\/wp-json\/wp\/v2\/comments?post=12998"}],"version-history":[{"count":2,"href":"https:\/\/serveiseducatius.xtec.cat\/vallesoccidental7\/wp-json\/wp\/v2\/posts\/12998\/revisions"}],"predecessor-version":[{"id":13007,"href":"https:\/\/serveiseducatius.xtec.cat\/vallesoccidental7\/wp-json\/wp\/v2\/posts\/12998\/revisions\/13007"}],"wp:featuredmedia":[{"embeddable":true,"href":"https:\/\/serveiseducatius.xtec.cat\/vallesoccidental7\/wp-json\/wp\/v2\/media\/12999"}],"wp:attachment":[{"href":"https:\/\/serveiseducatius.xtec.cat\/vallesoccidental7\/wp-json\/wp\/v2\/media?parent=12998"}],"wp:term":[{"taxonomy":"category","embeddable":true,"href":"https:\/\/serveiseducatius.xtec.cat\/vallesoccidental7\/wp-json\/wp\/v2\/categories?post=12998"},{"taxonomy":"post_tag","embeddable":true,"href":"https:\/\/serveiseducatius.xtec.cat\/vallesoccidental7\/wp-json\/wp\/v2\/tags?post=12998"}],"curies":[{"name":"wp","href":"https:\/\/api.w.org\/{rel}","templated":true}]}}