{"id":12847,"date":"2024-12-10T16:31:03","date_gmt":"2024-12-10T15:31:03","guid":{"rendered":"https:\/\/serveiseducatius.xtec.cat\/vallesoccidental7\/?p=12847"},"modified":"2024-12-10T16:31:25","modified_gmt":"2024-12-10T15:31:25","slug":"mercat-de-projectes-aicle-i-tic","status":"publish","type":"post","link":"https:\/\/serveiseducatius.xtec.cat\/vallesoccidental7\/portada\/mercat-de-projectes-aicle-i-tic\/","title":{"rendered":"Mercat de projectes AICLE i TIC"},"content":{"rendered":"<p><img loading=\"lazy\" decoding=\"async\" class=\"size-full wp-image-12848 aligncenter\" src=\"https:\/\/serveiseducatius.xtec.cat\/vallesoccidental7\/wp-content\/uploads\/usu1104\/2024\/12\/AICLE.jpg\" alt=\"\" width=\"528\" height=\"749\" srcset=\"https:\/\/serveiseducatius.xtec.cat\/vallesoccidental7\/wp-content\/uploads\/usu1104\/2024\/12\/AICLE.jpg 528w, https:\/\/serveiseducatius.xtec.cat\/vallesoccidental7\/wp-content\/uploads\/usu1104\/2024\/12\/AICLE-211x300.jpg 211w\" sizes=\"auto, (max-width: 528px) 100vw, 528px\" \/><\/p>\n<p>El dijous 19 de desembre de 17h30 a 19h30 se celebrar\u00e0, a la Facultat de Ci\u00e8ncies de l&#8217;Educaci\u00f3 de la <span style=\"font-family: inherit; font-size: 1em;\">UAB, e<\/span><span style=\"font-family: inherit; font-size: 1em;\">l \u201cMercat de Projectes\u201d, on l\u2019alumnat presentar\u00e0 els projectes telecol\u00b7laboratius, AICLE (Aprenentatge Integrat de Llengua i Contingut) i que promouen l\u2019\u00fas d\u2019eines digitals innovadores com ara Realitat Augmentada o Realitat Virtual. Aquests projectes s\u2019han dissenyat dins les assignatures \u201cAprenentatge Integrat de Continguts i Llengua (AICLE) a l&#8217;Educaci\u00f3 Prim\u00e0ria\u201d i \u201cL&#8217;Aprenentatge de Llengua Estrangera (Angl\u00e8s) en l&#8217;Educaci\u00f3 Prim\u00e0ria Mitjan\u00e7ant les TIC\u201d.<\/span><\/p>\n<p>Si podeu i voleu assistir-hi, haureu d\u2019omplir aquest\u00a0<u><a id=\"m_3938752927715310104OWA0e442f6f-9ead-ac99-e48c-8c138676f372\" title=\"https:\/\/forms.gle\/8rrBRBkKtT2KAQGQ9\" href=\"https:\/\/forms.gle\/8rrBRBkKtT2KAQGQ9\" target=\"_blank\" rel=\"noopener noreferrer\" data-saferedirecturl=\"https:\/\/www.google.com\/url?q=https:\/\/forms.gle\/8rrBRBkKtT2KAQGQ9&amp;source=gmail&amp;ust=1733930366079000&amp;usg=AOvVaw2CeUt8QlxCScTd-jGyAtVW\">formulari d\u2019inscripci\u00f3<\/a><\/u>. .<\/p>\n","protected":false},"excerpt":{"rendered":"<p>El dijous 19 de desembre de 17h30 a 19h30 se celebrar\u00e0, a la Facultat de Ci\u00e8ncies de l&#8217;Educaci\u00f3 de la UAB, el \u201cMercat de Projectes\u201d, on l\u2019alumnat presentar\u00e0 els projectes telecol\u00b7laboratius, AICLE (Aprenentatge Integrat de Llengua i Contingut) i que promouen l\u2019\u00fas d\u2019eines digitals innovadores com ara Realitat Augmentada o Realitat Virtual. Aquests projectes s\u2019han [&hellip;]<\/p>\n","protected":false},"author":5,"featured_media":0,"comment_status":"open","ping_status":"closed","sticky":false,"template":"","format":"standard","meta":{"_bbp_topic_count":0,"_bbp_reply_count":0,"_bbp_total_topic_count":0,"_bbp_total_reply_count":0,"_bbp_voice_count":0,"_bbp_anonymous_reply_count":0,"_bbp_topic_count_hidden":0,"_bbp_reply_count_hidden":0,"_bbp_forum_subforum_count":0,"site-sidebar-layout":"default","site-content-layout":"","ast-site-content-layout":"","site-content-style":"default","site-sidebar-style":"default","ast-global-header-display":"","ast-banner-title-visibility":"","ast-main-header-display":"","ast-hfb-above-header-display":"","ast-hfb-below-header-display":"","ast-hfb-mobile-header-display":"","site-post-title":"","ast-breadcrumbs-content":"","ast-featured-img":"","footer-sml-layout":"","theme-transparent-header-meta":"","adv-header-id-meta":"","stick-header-meta":"","header-above-stick-meta":"","header-main-stick-meta":"","header-below-stick-meta":"","astra-migrate-meta-layouts":"default","ast-page-background-enabled":"default","ast-page-background-meta":{"desktop":{"background-color":"var(--ast-global-color-4)","background-image":"","background-repeat":"repeat","background-position":"center center","background-size":"auto","background-attachment":"scroll","background-type":"","background-media":"","overlay-type":"","overlay-color":"","overlay-opacity":"","overlay-gradient":""},"tablet":{"background-color":"","background-image":"","background-repeat":"repeat","background-position":"center center","background-size":"auto","background-attachment":"scroll","background-type":"","background-media":"","overlay-type":"","overlay-color":"","overlay-opacity":"","overlay-gradient":""},"mobile":{"background-color":"","background-image":"","background-repeat":"repeat","background-position":"center center","background-size":"auto","background-attachment":"scroll","background-type":"","background-media":"","overlay-type":"","overlay-color":"","overlay-opacity":"","overlay-gradient":""}},"ast-content-background-meta":{"desktop":{"background-color":"var(--ast-global-color-5)","background-image":"","background-repeat":"repeat","background-position":"center center","background-size":"auto","background-attachment":"scroll","background-type":"","background-media":"","overlay-type":"","overlay-color":"","overlay-opacity":"","overlay-gradient":""},"tablet":{"background-color":"var(--ast-global-color-5)","background-image":"","background-repeat":"repeat","background-position":"center center","background-size":"auto","background-attachment":"scroll","background-type":"","background-media":"","overlay-type":"","overlay-color":"","overlay-opacity":"","overlay-gradient":""},"mobile":{"background-color":"var(--ast-global-color-5)","background-image":"","background-repeat":"repeat","background-position":"center center","background-size":"auto","background-attachment":"scroll","background-type":"","background-media":"","overlay-type":"","overlay-color":"","overlay-opacity":"","overlay-gradient":""}},"footnotes":""},"categories":[154,235,29],"tags":[513,512,367,279],"class_list":["post-12847","post","type-post","status-publish","format-standard","hentry","category-informacio-general","category-formacio_ins","category-portada","tag-aicle","tag-llengua-estrangera","tag-recursos","tag-tac"],"post_mailing_queue_ids":[],"_links":{"self":[{"href":"https:\/\/serveiseducatius.xtec.cat\/vallesoccidental7\/wp-json\/wp\/v2\/posts\/12847","targetHints":{"allow":["GET"]}}],"collection":[{"href":"https:\/\/serveiseducatius.xtec.cat\/vallesoccidental7\/wp-json\/wp\/v2\/posts"}],"about":[{"href":"https:\/\/serveiseducatius.xtec.cat\/vallesoccidental7\/wp-json\/wp\/v2\/types\/post"}],"author":[{"embeddable":true,"href":"https:\/\/serveiseducatius.xtec.cat\/vallesoccidental7\/wp-json\/wp\/v2\/users\/5"}],"replies":[{"embeddable":true,"href":"https:\/\/serveiseducatius.xtec.cat\/vallesoccidental7\/wp-json\/wp\/v2\/comments?post=12847"}],"version-history":[{"count":2,"href":"https:\/\/serveiseducatius.xtec.cat\/vallesoccidental7\/wp-json\/wp\/v2\/posts\/12847\/revisions"}],"predecessor-version":[{"id":12850,"href":"https:\/\/serveiseducatius.xtec.cat\/vallesoccidental7\/wp-json\/wp\/v2\/posts\/12847\/revisions\/12850"}],"wp:attachment":[{"href":"https:\/\/serveiseducatius.xtec.cat\/vallesoccidental7\/wp-json\/wp\/v2\/media?parent=12847"}],"wp:term":[{"taxonomy":"category","embeddable":true,"href":"https:\/\/serveiseducatius.xtec.cat\/vallesoccidental7\/wp-json\/wp\/v2\/categories?post=12847"},{"taxonomy":"post_tag","embeddable":true,"href":"https:\/\/serveiseducatius.xtec.cat\/vallesoccidental7\/wp-json\/wp\/v2\/tags?post=12847"}],"curies":[{"name":"wp","href":"https:\/\/api.w.org\/{rel}","templated":true}]}}