{"id":12844,"date":"2024-12-10T16:14:24","date_gmt":"2024-12-10T15:14:24","guid":{"rendered":"https:\/\/serveiseducatius.xtec.cat\/vallesoccidental7\/?p=12844"},"modified":"2024-12-10T16:14:24","modified_gmt":"2024-12-10T15:14:24","slug":"cicle-de-conferencies-mirades-matematiques-i-perspectives-matematiques-24-25","status":"publish","type":"post","link":"https:\/\/serveiseducatius.xtec.cat\/vallesoccidental7\/portada\/cicle-de-conferencies-mirades-matematiques-i-perspectives-matematiques-24-25\/","title":{"rendered":"Cicle de confer\u00e8ncies Mirades Matem\u00e0tiques i Perspectives Matem\u00e0tiques 24-25"},"content":{"rendered":"<p>A partir del 15 de gener de 2025 tornen les confer\u00e8ncies organitzades pel CREAMAT:<\/p>\n<p><strong>Mirades matem\u00e0tiques<\/strong>. Adre\u00e7at a professorat d\u2019infantil i prim\u00e0ria.<\/p>\n<ul>\n<li><strong>Dibuixos matem\u00e0tics d\u2019ABEAM.\u00a0<\/strong>Carles Granell i Yolanda Mart\u00edn. Associaci\u00f3 de Barcelona per a l\u2019Ensenyament i l\u2019Aprenentatge de les matem\u00e0tiques.<\/li>\n<li><strong>Sentido estoc\u00e1stico en la educaci\u00f3n primaria.\u00a0<\/strong>Lu\u00eds Jos\u00e9 Rodr\u00edguez Mu\u00f1iz. Universidad de Oviedo.<\/li>\n<li><strong>Projectes de matem\u00e0tiques a prim\u00e0ria.\u00a0<\/strong>Xes\u00fas Ballesteros. Illes Balears.<\/li>\n<\/ul>\n<p>M\u00e9s informaci\u00f3 al <a href=\"https:\/\/serveiseducatius.xtec.cat\/cesire\/cicle-de-conferencies-mirades-matematiques-2024-25\/\" target=\"_blank\" rel=\"noopener\" data-saferedirecturl=\"https:\/\/www.google.com\/url?q=https:\/\/serveiseducatius.xtec.cat\/cesire\/cicle-de-conferencies-mirades-matematiques-2024-25\/&amp;source=gmail&amp;ust=1733905615889000&amp;usg=AOvVaw2_KFX3vlMNLtmEJE0T6ePW\">web de Creamat<\/a>. <a style=\"color: #2795b6;\" href=\"https:\/\/aplicacions.gestioeducativa.gencat.cat\/ords\/pls\/soloas\/pk_for_mod_ins.p_for_detall_activitat?p_codi=9001510532&amp;p_curs=2024-2025&amp;p_es_inscr=S\"><strong>Inscripcions<\/strong>\u00a0<\/a><\/p>\n<p><strong>Perspectives matem\u00e0tiques.\u00a0<\/strong>Adre\u00e7at a professorat de matem\u00e0tiques de secund\u00e0ria.<\/p>\n<ul>\n<li><strong>Instit\u00edstica. Com integrar l\u2019estad\u00edstica a les aules de secund\u00e0ria.\u00a0<\/strong>A c\u00e0rrec de membres de la Societat Catalana d\u2019Estad\u00edstica.<\/li>\n<li><strong>Maquetem Matar\u00f3. Activitat col\u00b7laborativa per aprendre matem\u00e0tiques en context.\u00a0<\/strong>Roser Garcia. Grup Vilatzara. ICE UAB.<\/li>\n<li><strong>Investigaci\u00f3 matem\u00e0tica a l\u2019aula de secund\u00e0ria. Presentaci\u00f3 del Congr\u00e9s Catal\u00e0 d\u2019Educaci\u00f3 Matem\u00e0tica.\u00a0<\/strong>A c\u00e0rrec d\u2019en Joan Jare\u00f1o.<\/li>\n<\/ul>\n<p>M\u00e9s informaci\u00f3 al <a href=\"https:\/\/serveiseducatius.xtec.cat\/cesire\/perspectives-matematiques-curs-2024-2025\/\" target=\"_blank\" rel=\"noopener\" data-saferedirecturl=\"https:\/\/www.google.com\/url?q=https:\/\/serveiseducatius.xtec.cat\/cesire\/perspectives-matematiques-curs-2024-2025\/&amp;source=gmail&amp;ust=1733905615889000&amp;usg=AOvVaw0_kr208examHJFyNbTK9xi\">web de Creamat<\/a>. <a href=\"https:\/\/aplicacions.gestioeducativa.gencat.cat\/pls\/soloas\/pk_for_mod_ins.p_for_detall_activitat?p_codi=9001520532&amp;p_curs=2024-2025&amp;p_es_inscr=S\"><strong>Inscripcions<\/strong><\/a><\/p>\n<p>Les confer\u00e8ncies s\u2019emeten a trav\u00e9s del canal de v\u00eddeo de CREAMAT i queden enregistrades per poder-les veure tamb\u00e9 m\u00e9s endavant.<br \/>\nLa inscripci\u00f3 al cicle i completar els q\u00fcestionaris dins el termini d\u2019una setmana despr\u00e9s dels enregistraments dona acc\u00e9s un certificat de formaci\u00f3 de 6 h.<\/p>\n","protected":false},"excerpt":{"rendered":"<p>A partir del 15 de gener de 2025 tornen les confer\u00e8ncies organitzades pel CREAMAT: Mirades matem\u00e0tiques. Adre\u00e7at a professorat d\u2019infantil i prim\u00e0ria. Dibuixos matem\u00e0tics d\u2019ABEAM.\u00a0Carles Granell i Yolanda Mart\u00edn. Associaci\u00f3 de Barcelona per a l\u2019Ensenyament i l\u2019Aprenentatge de les matem\u00e0tiques. Sentido estoc\u00e1stico en la educaci\u00f3n primaria.\u00a0Lu\u00eds Jos\u00e9 Rodr\u00edguez Mu\u00f1iz. Universidad de Oviedo. Projectes de matem\u00e0tiques [&hellip;]<\/p>\n","protected":false},"author":5,"featured_media":12845,"comment_status":"open","ping_status":"closed","sticky":false,"template":"","format":"standard","meta":{"_bbp_topic_count":0,"_bbp_reply_count":0,"_bbp_total_topic_count":0,"_bbp_total_reply_count":0,"_bbp_voice_count":0,"_bbp_anonymous_reply_count":0,"_bbp_topic_count_hidden":0,"_bbp_reply_count_hidden":0,"_bbp_forum_subforum_count":0,"site-sidebar-layout":"default","site-content-layout":"","ast-site-content-layout":"","site-content-style":"default","site-sidebar-style":"default","ast-global-header-display":"","ast-banner-title-visibility":"","ast-main-header-display":"","ast-hfb-above-header-display":"","ast-hfb-below-header-display":"","ast-hfb-mobile-header-display":"","site-post-title":"","ast-breadcrumbs-content":"","ast-featured-img":"","footer-sml-layout":"","theme-transparent-header-meta":"","adv-header-id-meta":"","stick-header-meta":"","header-above-stick-meta":"","header-main-stick-meta":"","header-below-stick-meta":"","astra-migrate-meta-layouts":"default","ast-page-background-enabled":"default","ast-page-background-meta":{"desktop":{"background-color":"var(--ast-global-color-4)","background-image":"","background-repeat":"repeat","background-position":"center center","background-size":"auto","background-attachment":"scroll","background-type":"","background-media":"","overlay-type":"","overlay-color":"","overlay-opacity":"","overlay-gradient":""},"tablet":{"background-color":"","background-image":"","background-repeat":"repeat","background-position":"center center","background-size":"auto","background-attachment":"scroll","background-type":"","background-media":"","overlay-type":"","overlay-color":"","overlay-opacity":"","overlay-gradient":""},"mobile":{"background-color":"","background-image":"","background-repeat":"repeat","background-position":"center center","background-size":"auto","background-attachment":"scroll","background-type":"","background-media":"","overlay-type":"","overlay-color":"","overlay-opacity":"","overlay-gradient":""}},"ast-content-background-meta":{"desktop":{"background-color":"var(--ast-global-color-5)","background-image":"","background-repeat":"repeat","background-position":"center center","background-size":"auto","background-attachment":"scroll","background-type":"","background-media":"","overlay-type":"","overlay-color":"","overlay-opacity":"","overlay-gradient":""},"tablet":{"background-color":"var(--ast-global-color-5)","background-image":"","background-repeat":"repeat","background-position":"center center","background-size":"auto","background-attachment":"scroll","background-type":"","background-media":"","overlay-type":"","overlay-color":"","overlay-opacity":"","overlay-gradient":""},"mobile":{"background-color":"var(--ast-global-color-5)","background-image":"","background-repeat":"repeat","background-position":"center center","background-size":"auto","background-attachment":"scroll","background-type":"","background-media":"","overlay-type":"","overlay-color":"","overlay-opacity":"","overlay-gradient":""}},"footnotes":""},"categories":[154,29],"tags":[172,179,226,41],"class_list":["post-12844","post","type-post","status-publish","format-standard","has-post-thumbnail","hentry","category-informacio-general","category-portada","tag-educacio-primaria","tag-educacio-secundaria","tag-formacio","tag-matematiques"],"post_mailing_queue_ids":[],"_links":{"self":[{"href":"https:\/\/serveiseducatius.xtec.cat\/vallesoccidental7\/wp-json\/wp\/v2\/posts\/12844","targetHints":{"allow":["GET"]}}],"collection":[{"href":"https:\/\/serveiseducatius.xtec.cat\/vallesoccidental7\/wp-json\/wp\/v2\/posts"}],"about":[{"href":"https:\/\/serveiseducatius.xtec.cat\/vallesoccidental7\/wp-json\/wp\/v2\/types\/post"}],"author":[{"embeddable":true,"href":"https:\/\/serveiseducatius.xtec.cat\/vallesoccidental7\/wp-json\/wp\/v2\/users\/5"}],"replies":[{"embeddable":true,"href":"https:\/\/serveiseducatius.xtec.cat\/vallesoccidental7\/wp-json\/wp\/v2\/comments?post=12844"}],"version-history":[{"count":1,"href":"https:\/\/serveiseducatius.xtec.cat\/vallesoccidental7\/wp-json\/wp\/v2\/posts\/12844\/revisions"}],"predecessor-version":[{"id":12846,"href":"https:\/\/serveiseducatius.xtec.cat\/vallesoccidental7\/wp-json\/wp\/v2\/posts\/12844\/revisions\/12846"}],"wp:featuredmedia":[{"embeddable":true,"href":"https:\/\/serveiseducatius.xtec.cat\/vallesoccidental7\/wp-json\/wp\/v2\/media\/12845"}],"wp:attachment":[{"href":"https:\/\/serveiseducatius.xtec.cat\/vallesoccidental7\/wp-json\/wp\/v2\/media?parent=12844"}],"wp:term":[{"taxonomy":"category","embeddable":true,"href":"https:\/\/serveiseducatius.xtec.cat\/vallesoccidental7\/wp-json\/wp\/v2\/categories?post=12844"},{"taxonomy":"post_tag","embeddable":true,"href":"https:\/\/serveiseducatius.xtec.cat\/vallesoccidental7\/wp-json\/wp\/v2\/tags?post=12844"}],"curies":[{"name":"wp","href":"https:\/\/api.w.org\/{rel}","templated":true}]}}