{"id":12812,"date":"2024-11-22T10:05:38","date_gmt":"2024-11-22T09:05:38","guid":{"rendered":"https:\/\/serveiseducatius.xtec.cat\/vallesoccidental7\/?p=12812"},"modified":"2024-11-29T09:35:34","modified_gmt":"2024-11-29T08:35:34","slug":"dia-internacional-per-a-leliminacio-de-la-violencia-envers-les-dones","status":"publish","type":"post","link":"https:\/\/serveiseducatius.xtec.cat\/vallesoccidental7\/portada\/dia-internacional-per-a-leliminacio-de-la-violencia-envers-les-dones\/","title":{"rendered":"Dia Internacional per a l\u2019Eliminaci\u00f3 de la Viol\u00e8ncia envers les Dones"},"content":{"rendered":"<p><img loading=\"lazy\" decoding=\"async\" class=\"wp-image-12813 aligncenter\" src=\"https:\/\/serveiseducatius.xtec.cat\/vallesoccidental7\/wp-content\/uploads\/usu1104\/2024\/11\/Cartell-1-724x1024.jpg\" alt=\"\" width=\"244\" height=\"345\" srcset=\"https:\/\/serveiseducatius.xtec.cat\/vallesoccidental7\/wp-content\/uploads\/usu1104\/2024\/11\/Cartell-1-724x1024.jpg 724w, https:\/\/serveiseducatius.xtec.cat\/vallesoccidental7\/wp-content\/uploads\/usu1104\/2024\/11\/Cartell-1-212x300.jpg 212w, https:\/\/serveiseducatius.xtec.cat\/vallesoccidental7\/wp-content\/uploads\/usu1104\/2024\/11\/Cartell-1-768x1086.jpg 768w, https:\/\/serveiseducatius.xtec.cat\/vallesoccidental7\/wp-content\/uploads\/usu1104\/2024\/11\/Cartell-1-1086x1536.jpg 1086w, https:\/\/serveiseducatius.xtec.cat\/vallesoccidental7\/wp-content\/uploads\/usu1104\/2024\/11\/Cartell-1-1448x2048.jpg 1448w, https:\/\/serveiseducatius.xtec.cat\/vallesoccidental7\/wp-content\/uploads\/usu1104\/2024\/11\/Cartell-1-scaled.jpg 1810w\" sizes=\"auto, (max-width: 244px) 100vw, 244px\" \/><\/p>\n<p>El 25 de novembre es commemora el\u00a0<strong><a href=\"https:\/\/xtec.gencat.cat\/ca\/centres\/celebracions\/2024\/dia-internacional-per-a-leliminacio-de-la-violencia-envers-les-dones\/\">Dia Internacional per a l\u2019Eliminaci\u00f3 de la Viol\u00e8ncia envers les Dones<\/a>.\u00a0<\/strong>Aquest any amb la campanya \u201cEl silenci \u00e9s viol\u00e8ncia\u201d per acabar amb la complicitat davant les viol\u00e8ncies masclistes. \u00c9s una crida directa a tota la societat, especialment als homes, perqu\u00e8 es tracta d\u2019un problema social que requereix la implicaci\u00f3 de tothom. Si no actues, tu tamb\u00e9 en formes part.<\/p>\n<p>Per facilitar el treball de prevenci\u00f3 a l\u2019aula, posem a la vostra disposici\u00f3 un conjunt d\u2019activitats dinamitzades i recursos pedag\u00f2gics. Aquestes propostes estan dissenyades per fomentar la reflexi\u00f3, promoure la igualtat i sensibilitzar l\u2019alumnat, contribuint aix\u00ed a prevenir actituds i comportaments violents des de les etapes educatives m\u00e9s primerenques.<\/p>\n<table>\n<tbody>\n<tr>\n<td><a title=\"Material i recursos per treballar la viol\u00e8ncia masclista\" href=\"https:\/\/xtec.gencat.cat\/ca\/alumnat\/violencies\/material-i-recursos\/\" target=\"_blank\" rel=\"noopener\">Material i recursos per treballar la viol\u00e8ncia masclista<\/a><\/td>\n<\/tr>\n<tr>\n<td>Prim\u00e0ria<strong>:<a title=\"Guia de lectura del conte \u201cLa Bici de la Lola\u201d.\" href=\"https:\/\/xtec.gencat.cat\/web\/.content\/alumnat\/violencies\/materials-i-recursos\/recursos\/Guia-La-bici-de-la-Lola.pdf\" target=\"_blank\" rel=\"noopener\">\u00a0Guia de lectura del conte \u201cLa Bici de la Lola\u201d\u00a0<\/a>\u00a0<\/strong><\/td>\n<\/tr>\n<tr>\n<td>Secund\u00e0ria:\u00a0<strong><a title=\"recursos per treballar en sessions en grup les viol\u00e8ncies sexuals\" href=\"https:\/\/xtec.gencat.cat\/web\/.content\/alumnat\/violencies\/materials-i-recursos\/recursos\/Guia-dorientacio_vio_sex_tutoria_accessible_bona.pdf\" target=\"_blank\" rel=\"noopener\">Recursos per treballar en sessions en grup les viol\u00e8ncies sexuals<\/a><\/strong><\/td>\n<\/tr>\n<tr>\n<td><strong><a title=\"recursos de la Unitat de Suport a l\u2019Alumnat en situaci\u00f3 de Viol\u00e8ncia\" href=\"https:\/\/xtec.gencat.cat\/web\/.content\/alumnat\/violencies\/materials-i-recursos\/recursos\/Campanya_difusio_USAV_final_accessible_OK.pdf\" target=\"_blank\" rel=\"noopener\">Recursos de la Unitat de Suport a l\u2019Alumnat en situaci\u00f3 de Viol\u00e8ncia<\/a><\/strong>\u00a0(USAV)<\/td>\n<\/tr>\n<\/tbody>\n<\/table>\n","protected":false},"excerpt":{"rendered":"<p>El 25 de novembre es commemora el\u00a0Dia Internacional per a l\u2019Eliminaci\u00f3 de la Viol\u00e8ncia envers les Dones.\u00a0Aquest any amb la campanya \u201cEl silenci \u00e9s viol\u00e8ncia\u201d per acabar amb la complicitat davant les viol\u00e8ncies masclistes. \u00c9s una crida directa a tota la societat, especialment als homes, perqu\u00e8 es tracta d\u2019un problema social que requereix la implicaci\u00f3 [&hellip;]<\/p>\n","protected":false},"author":5,"featured_media":12813,"comment_status":"open","ping_status":"closed","sticky":false,"template":"","format":"standard","meta":{"_bbp_topic_count":0,"_bbp_reply_count":0,"_bbp_total_topic_count":0,"_bbp_total_reply_count":0,"_bbp_voice_count":0,"_bbp_anonymous_reply_count":0,"_bbp_topic_count_hidden":0,"_bbp_reply_count_hidden":0,"_bbp_forum_subforum_count":0,"site-sidebar-layout":"default","site-content-layout":"","ast-site-content-layout":"","site-content-style":"default","site-sidebar-style":"default","ast-global-header-display":"","ast-banner-title-visibility":"","ast-main-header-display":"","ast-hfb-above-header-display":"","ast-hfb-below-header-display":"","ast-hfb-mobile-header-display":"","site-post-title":"","ast-breadcrumbs-content":"","ast-featured-img":"","footer-sml-layout":"","theme-transparent-header-meta":"","adv-header-id-meta":"","stick-header-meta":"","header-above-stick-meta":"","header-main-stick-meta":"","header-below-stick-meta":"","astra-migrate-meta-layouts":"default","ast-page-background-enabled":"default","ast-page-background-meta":{"desktop":{"background-color":"var(--ast-global-color-4)","background-image":"","background-repeat":"repeat","background-position":"center center","background-size":"auto","background-attachment":"scroll","background-type":"","background-media":"","overlay-type":"","overlay-color":"","overlay-opacity":"","overlay-gradient":""},"tablet":{"background-color":"","background-image":"","background-repeat":"repeat","background-position":"center center","background-size":"auto","background-attachment":"scroll","background-type":"","background-media":"","overlay-type":"","overlay-color":"","overlay-opacity":"","overlay-gradient":""},"mobile":{"background-color":"","background-image":"","background-repeat":"repeat","background-position":"center center","background-size":"auto","background-attachment":"scroll","background-type":"","background-media":"","overlay-type":"","overlay-color":"","overlay-opacity":"","overlay-gradient":""}},"ast-content-background-meta":{"desktop":{"background-color":"var(--ast-global-color-5)","background-image":"","background-repeat":"repeat","background-position":"center center","background-size":"auto","background-attachment":"scroll","background-type":"","background-media":"","overlay-type":"","overlay-color":"","overlay-opacity":"","overlay-gradient":""},"tablet":{"background-color":"var(--ast-global-color-5)","background-image":"","background-repeat":"repeat","background-position":"center center","background-size":"auto","background-attachment":"scroll","background-type":"","background-media":"","overlay-type":"","overlay-color":"","overlay-opacity":"","overlay-gradient":""},"mobile":{"background-color":"var(--ast-global-color-5)","background-image":"","background-repeat":"repeat","background-position":"center center","background-size":"auto","background-attachment":"scroll","background-type":"","background-media":"","overlay-type":"","overlay-color":"","overlay-opacity":"","overlay-gradient":""}},"footnotes":""},"categories":[385,29],"tags":[],"class_list":["post-12812","post","type-post","status-publish","format-standard","has-post-thumbnail","hentry","category-coeducacio","category-portada"],"post_mailing_queue_ids":[],"_links":{"self":[{"href":"https:\/\/serveiseducatius.xtec.cat\/vallesoccidental7\/wp-json\/wp\/v2\/posts\/12812","targetHints":{"allow":["GET"]}}],"collection":[{"href":"https:\/\/serveiseducatius.xtec.cat\/vallesoccidental7\/wp-json\/wp\/v2\/posts"}],"about":[{"href":"https:\/\/serveiseducatius.xtec.cat\/vallesoccidental7\/wp-json\/wp\/v2\/types\/post"}],"author":[{"embeddable":true,"href":"https:\/\/serveiseducatius.xtec.cat\/vallesoccidental7\/wp-json\/wp\/v2\/users\/5"}],"replies":[{"embeddable":true,"href":"https:\/\/serveiseducatius.xtec.cat\/vallesoccidental7\/wp-json\/wp\/v2\/comments?post=12812"}],"version-history":[{"count":4,"href":"https:\/\/serveiseducatius.xtec.cat\/vallesoccidental7\/wp-json\/wp\/v2\/posts\/12812\/revisions"}],"predecessor-version":[{"id":12817,"href":"https:\/\/serveiseducatius.xtec.cat\/vallesoccidental7\/wp-json\/wp\/v2\/posts\/12812\/revisions\/12817"}],"wp:featuredmedia":[{"embeddable":true,"href":"https:\/\/serveiseducatius.xtec.cat\/vallesoccidental7\/wp-json\/wp\/v2\/media\/12813"}],"wp:attachment":[{"href":"https:\/\/serveiseducatius.xtec.cat\/vallesoccidental7\/wp-json\/wp\/v2\/media?parent=12812"}],"wp:term":[{"taxonomy":"category","embeddable":true,"href":"https:\/\/serveiseducatius.xtec.cat\/vallesoccidental7\/wp-json\/wp\/v2\/categories?post=12812"},{"taxonomy":"post_tag","embeddable":true,"href":"https:\/\/serveiseducatius.xtec.cat\/vallesoccidental7\/wp-json\/wp\/v2\/tags?post=12812"}],"curies":[{"name":"wp","href":"https:\/\/api.w.org\/{rel}","templated":true}]}}