{"id":12787,"date":"2024-11-13T10:20:13","date_gmt":"2024-11-13T09:20:13","guid":{"rendered":"https:\/\/serveiseducatius.xtec.cat\/vallesoccidental7\/?p=12787"},"modified":"2024-11-13T10:20:37","modified_gmt":"2024-11-13T09:20:37","slug":"simposi-sobre-pensament-critic-i-creatiu-a-les-aules","status":"publish","type":"post","link":"https:\/\/serveiseducatius.xtec.cat\/vallesoccidental7\/portada\/simposi-sobre-pensament-critic-i-creatiu-a-les-aules\/","title":{"rendered":"Simposi sobre Pensament Cr\u00edtic i Creatiu a les Aules"},"content":{"rendered":"<p>Us recordem que l\u2019ICE de la Universitat Aut\u00f2noma de Barcelona organitza un simposi sobre Pensament Cr\u00edtic i Creatiu a les Aules adre\u00e7at a docents d\u2019educaci\u00f3 infantil, prim\u00e0ria, secund\u00e0ria i cicles\u202f formatius. El Simposi tindr\u00e0 lloc els dies 29 i 30 de novembre de 2024 a la Facultat de Filosofia i Lletres al campus de Bellaterra de la UAB.<\/p>\n<p><img loading=\"lazy\" decoding=\"async\" class=\"aligncenter wp-image-12788\" src=\"https:\/\/serveiseducatius.xtec.cat\/vallesoccidental7\/wp-content\/uploads\/usu1104\/2024\/11\/pensament-critic-1024x691.png\" alt=\"\" width=\"520\" height=\"351\" srcset=\"https:\/\/serveiseducatius.xtec.cat\/vallesoccidental7\/wp-content\/uploads\/usu1104\/2024\/11\/pensament-critic-1024x691.png 1024w, https:\/\/serveiseducatius.xtec.cat\/vallesoccidental7\/wp-content\/uploads\/usu1104\/2024\/11\/pensament-critic-300x202.png 300w, https:\/\/serveiseducatius.xtec.cat\/vallesoccidental7\/wp-content\/uploads\/usu1104\/2024\/11\/pensament-critic-768x518.png 768w, https:\/\/serveiseducatius.xtec.cat\/vallesoccidental7\/wp-content\/uploads\/usu1104\/2024\/11\/pensament-critic-1536x1036.png 1536w, https:\/\/serveiseducatius.xtec.cat\/vallesoccidental7\/wp-content\/uploads\/usu1104\/2024\/11\/pensament-critic.png 1990w\" sizes=\"auto, (max-width: 520px) 100vw, 520px\" \/><\/p>\n<p>Les inscripcions per aquest Simposi es poden fer fins el dia 24 de novembre: aqu\u00ed teniu l&#8217;enlla\u00e7 <a title=\"https:\/\/www.uab.cat\/ca\/ice\/simposi-sobre-pensament-critic-i-creatiu-a-les-aules-matricula\" href=\"https:\/\/www.uab.cat\/ca\/ice\/simposi-sobre-pensament-critic-i-creatiu-a-les-aules-matricula\" target=\"_blank\" rel=\"noopener\" data-saferedirecturl=\"https:\/\/www.google.com\/url?q=https:\/\/www.uab.cat\/ca\/ice\/simposi-sobre-pensament-critic-i-creatiu-a-les-aules-matricula&amp;source=gmail&amp;ust=1731573914279000&amp;usg=AOvVaw2pb3A8NUG-WzE7YG9TxmOC\">d&#8217;inscripci\u00f3<\/a>.<\/p>\n<p>Trobareu tota la informaci\u00f3 en <a href=\"https:\/\/www.uab.cat\/ca\/ice\/simposi-sobre-pensament-critic-i-creatiu-a-les-aules\">aquesta p\u00e0gina<\/a>.<\/p>\n<p>Tamb\u00e9 podeu consultar el <a href=\"https:\/\/www.uab.cat\/ca\/ice\/simposi-sobre-pensament-critic-i-creatiu-a-les-aules-programa\" target=\"_blank\" rel=\"noopener\" data-saferedirecturl=\"https:\/\/www.google.com\/url?q=https:\/\/www.uab.cat\/ca\/ice\/simposi-sobre-pensament-critic-i-creatiu-a-les-aules-programa&amp;source=gmail&amp;ust=1731573914279000&amp;usg=AOvVaw0vrWny7y2SIgwu04tCtWZM\">Programa<\/a> i el resum de les comunicacions que es presentaran el dissabte 30.<span style=\"font-family: inherit; font-size: 1em;\">\u00a0La confer\u00e8ncia inaugural anir\u00e0 a c\u00e0rrec de la<\/span><span style=\"font-family: inherit; font-size: 1em;\"> Directora del Dept. Did\u00e0ctica de la Matem\u00e0tica i de les Ci\u00e8ncies Experimentals de la UAB, Digna Couso.\u00a0<\/span><\/p>\n<p>Com va deixar dit el 2015 el professor Swartz, &#8220;demanar als alumnes que pensin no garanteix que ho facin de forma eficient&#8221; i, per tant, el pensament cr\u00edtic i creatiu ha de promoure&#8217;s expl\u00edcitament a les aules. Amb el simposi volem ajudar als docents en aquesta dif\u00edcil missi\u00f3 i per aix\u00f2 ser\u00e0 un espai de trobada per compartir marc te\u00f2ric, experi\u00e8ncies d\u2019aula, i\u202fespais d\u2019intercanvi i discussi\u00f3 per tal d\u2019analitzar conjuntament els reptes m\u00e9s importants que s&#8217;han d&#8217;abordar en el moment actual.<\/p>\n","protected":false},"excerpt":{"rendered":"<p>Us recordem que l\u2019ICE de la Universitat Aut\u00f2noma de Barcelona organitza un simposi sobre Pensament Cr\u00edtic i Creatiu a les Aules adre\u00e7at a docents d\u2019educaci\u00f3 infantil, prim\u00e0ria, secund\u00e0ria i cicles\u202f formatius. El Simposi tindr\u00e0 lloc els dies 29 i 30 de novembre de 2024 a la Facultat de Filosofia i Lletres al campus de Bellaterra [&hellip;]<\/p>\n","protected":false},"author":5,"featured_media":0,"comment_status":"open","ping_status":"closed","sticky":false,"template":"","format":"standard","meta":{"_bbp_topic_count":0,"_bbp_reply_count":0,"_bbp_total_topic_count":0,"_bbp_total_reply_count":0,"_bbp_voice_count":0,"_bbp_anonymous_reply_count":0,"_bbp_topic_count_hidden":0,"_bbp_reply_count_hidden":0,"_bbp_forum_subforum_count":0,"site-sidebar-layout":"default","site-content-layout":"","ast-site-content-layout":"","site-content-style":"default","site-sidebar-style":"default","ast-global-header-display":"","ast-banner-title-visibility":"","ast-main-header-display":"","ast-hfb-above-header-display":"","ast-hfb-below-header-display":"","ast-hfb-mobile-header-display":"","site-post-title":"","ast-breadcrumbs-content":"","ast-featured-img":"","footer-sml-layout":"","theme-transparent-header-meta":"","adv-header-id-meta":"","stick-header-meta":"","header-above-stick-meta":"","header-main-stick-meta":"","header-below-stick-meta":"","astra-migrate-meta-layouts":"default","ast-page-background-enabled":"default","ast-page-background-meta":{"desktop":{"background-color":"var(--ast-global-color-4)","background-image":"","background-repeat":"repeat","background-position":"center center","background-size":"auto","background-attachment":"scroll","background-type":"","background-media":"","overlay-type":"","overlay-color":"","overlay-opacity":"","overlay-gradient":""},"tablet":{"background-color":"","background-image":"","background-repeat":"repeat","background-position":"center center","background-size":"auto","background-attachment":"scroll","background-type":"","background-media":"","overlay-type":"","overlay-color":"","overlay-opacity":"","overlay-gradient":""},"mobile":{"background-color":"","background-image":"","background-repeat":"repeat","background-position":"center center","background-size":"auto","background-attachment":"scroll","background-type":"","background-media":"","overlay-type":"","overlay-color":"","overlay-opacity":"","overlay-gradient":""}},"ast-content-background-meta":{"desktop":{"background-color":"var(--ast-global-color-5)","background-image":"","background-repeat":"repeat","background-position":"center center","background-size":"auto","background-attachment":"scroll","background-type":"","background-media":"","overlay-type":"","overlay-color":"","overlay-opacity":"","overlay-gradient":""},"tablet":{"background-color":"var(--ast-global-color-5)","background-image":"","background-repeat":"repeat","background-position":"center center","background-size":"auto","background-attachment":"scroll","background-type":"","background-media":"","overlay-type":"","overlay-color":"","overlay-opacity":"","overlay-gradient":""},"mobile":{"background-color":"var(--ast-global-color-5)","background-image":"","background-repeat":"repeat","background-position":"center center","background-size":"auto","background-attachment":"scroll","background-type":"","background-media":"","overlay-type":"","overlay-color":"","overlay-opacity":"","overlay-gradient":""}},"footnotes":""},"categories":[235,29,65],"tags":[361,508],"class_list":["post-12787","post","type-post","status-publish","format-standard","hentry","category-formacio_ins","category-portada","category-crp","tag-innovacio","tag-pensament-critic"],"post_mailing_queue_ids":[],"_links":{"self":[{"href":"https:\/\/serveiseducatius.xtec.cat\/vallesoccidental7\/wp-json\/wp\/v2\/posts\/12787","targetHints":{"allow":["GET"]}}],"collection":[{"href":"https:\/\/serveiseducatius.xtec.cat\/vallesoccidental7\/wp-json\/wp\/v2\/posts"}],"about":[{"href":"https:\/\/serveiseducatius.xtec.cat\/vallesoccidental7\/wp-json\/wp\/v2\/types\/post"}],"author":[{"embeddable":true,"href":"https:\/\/serveiseducatius.xtec.cat\/vallesoccidental7\/wp-json\/wp\/v2\/users\/5"}],"replies":[{"embeddable":true,"href":"https:\/\/serveiseducatius.xtec.cat\/vallesoccidental7\/wp-json\/wp\/v2\/comments?post=12787"}],"version-history":[{"count":1,"href":"https:\/\/serveiseducatius.xtec.cat\/vallesoccidental7\/wp-json\/wp\/v2\/posts\/12787\/revisions"}],"predecessor-version":[{"id":12789,"href":"https:\/\/serveiseducatius.xtec.cat\/vallesoccidental7\/wp-json\/wp\/v2\/posts\/12787\/revisions\/12789"}],"wp:attachment":[{"href":"https:\/\/serveiseducatius.xtec.cat\/vallesoccidental7\/wp-json\/wp\/v2\/media?parent=12787"}],"wp:term":[{"taxonomy":"category","embeddable":true,"href":"https:\/\/serveiseducatius.xtec.cat\/vallesoccidental7\/wp-json\/wp\/v2\/categories?post=12787"},{"taxonomy":"post_tag","embeddable":true,"href":"https:\/\/serveiseducatius.xtec.cat\/vallesoccidental7\/wp-json\/wp\/v2\/tags?post=12787"}],"curies":[{"name":"wp","href":"https:\/\/api.w.org\/{rel}","templated":true}]}}