{"id":12706,"date":"2024-10-14T11:17:58","date_gmt":"2024-10-14T09:17:58","guid":{"rendered":"https:\/\/serveiseducatius.xtec.cat\/vallesoccidental7\/?p=12706"},"modified":"2024-10-14T11:17:58","modified_gmt":"2024-10-14T09:17:58","slug":"xxvi-jornada-matematica-abeam","status":"publish","type":"post","link":"https:\/\/serveiseducatius.xtec.cat\/vallesoccidental7\/portada\/xxvi-jornada-matematica-abeam\/","title":{"rendered":"XXVI Jornada matem\u00e0tica ABEAM"},"content":{"rendered":"<p>El proper <b>dissabte 9 de novembre<\/b> tindr\u00e0 lloc la <span style=\"font-family: inherit; font-size: 1em;\">XXVI Jornada organitzada per l&#8217;ABEAM<\/span><i style=\"font-family: inherit; font-size: 1em;\">\u00a0(Associaci\u00f3 de Barcelona per\u00a0a\u00a0l&#8217;Estudi i Aprenentatge de les Matem\u00e0tiques)<\/i> <span style=\"font-family: inherit; font-size: 1em;\">en qu\u00e8 es realitzaran diferents comunicacions, tallers i experi\u00e8ncies d&#8217;aula adre\u00e7ades al professorat de totes les etapes (infantil, prim\u00e0ria, secund\u00e0ria i formaci\u00f3 d&#8217;adults) i futurs\/es docents d&#8217;educaci\u00f3 infantil, prim\u00e0ria i secund\u00e0ria. <\/span><span style=\"font-family: inherit; font-size: 1em;\">La confer\u00e8ncia inaugural \u201cFelicitat, amor i matem\u00e0tiques: com estimar les matem\u00e0tiques i fer-les estimar\u201d anir\u00e0 a c\u00e0rrec de Claudi Alsina.<\/span><\/p>\n<p><img loading=\"lazy\" decoding=\"async\" class=\"aligncenter  wp-image-12707\" src=\"https:\/\/serveiseducatius.xtec.cat\/vallesoccidental7\/wp-content\/uploads\/usu1104\/2024\/10\/ABEAM-1024x723.jpg\" alt=\"\" width=\"692\" height=\"489\" srcset=\"https:\/\/serveiseducatius.xtec.cat\/vallesoccidental7\/wp-content\/uploads\/usu1104\/2024\/10\/ABEAM-1024x723.jpg 1024w, https:\/\/serveiseducatius.xtec.cat\/vallesoccidental7\/wp-content\/uploads\/usu1104\/2024\/10\/ABEAM-300x212.jpg 300w, https:\/\/serveiseducatius.xtec.cat\/vallesoccidental7\/wp-content\/uploads\/usu1104\/2024\/10\/ABEAM-768x542.jpg 768w, https:\/\/serveiseducatius.xtec.cat\/vallesoccidental7\/wp-content\/uploads\/usu1104\/2024\/10\/ABEAM.jpg 1280w\" sizes=\"auto, (max-width: 692px) 100vw, 692px\" \/><\/p>\n<p>Per participar en la jornada heu d&#8217;omplir el\u00a0<a href=\"https:\/\/abeam.feemcat.org\/web\/formulari-inscripcio-xxvi-jornada-abeam\/\" target=\"_blank\" rel=\"noopener\" data-saferedirecturl=\"https:\/\/www.google.com\/url?q=https:\/\/abeam.feemcat.org\/web\/formulari-inscripcio-xxvi-jornada-abeam\/&amp;source=gmail&amp;ust=1728980313387000&amp;usg=AOvVaw2Yk8HhtWPl8sUDV1-z4tde\"><span style=\"color: #000000;\">form<\/span>ulari d\u2019inscripci\u00f3<\/a>\u00a0i aix\u00ed, tenir acc\u00e9s com\u00a0a\u00a0usuari\u00a0a\u00a0aquesta web i fer les futures reserves.<\/p>\n<p><span style=\"color: #000000; font-family: arial, sans-serif;\">Per\u00a0a\u00a0m\u00e9s informaci\u00f3 sobre el programa, podeu consultar la p\u00e0gina web de les jornades<\/span><b><span style=\"color: #000000; font-family: arial, sans-serif;\">:\u00a0<\/span><\/b><a href=\"https:\/\/abeam.feemcat.org\/web\/xxvi-jornada-didactica\/programa-xxvi-jornada-matematica-abeam\/\" target=\"_blank\" rel=\"noopener\" data-saferedirecturl=\"https:\/\/www.google.com\/url?q=https:\/\/abeam.feemcat.org\/web\/xxvi-jornada-didactica\/programa-xxvi-jornada-matematica-abeam\/&amp;source=gmail&amp;ust=1728980313387000&amp;usg=AOvVaw0m0ZV0aEiM3pdKfATEiZqN\">https:\/\/abeam.<wbr \/>feemcat.org\/web\/xxvi-jornada-<wbr \/>didactica\/programa-xxvi-<wbr \/>jornada-matematica-abeam\/<\/a><\/p>\n<p>Per qualsevol dubte podeu escriure a:\u00a0<span style=\"color: #000000;\"><a href=\"mailto:cgranel4@xtec.cat\" target=\"_blank\" rel=\"noopener\">cgranel4@xtec.cat<\/a><\/span><\/p>\n","protected":false},"excerpt":{"rendered":"<p>El proper dissabte 9 de novembre tindr\u00e0 lloc la XXVI Jornada organitzada per l&#8217;ABEAM\u00a0(Associaci\u00f3 de Barcelona per\u00a0a\u00a0l&#8217;Estudi i Aprenentatge de les Matem\u00e0tiques) en qu\u00e8 es realitzaran diferents comunicacions, tallers i experi\u00e8ncies d&#8217;aula adre\u00e7ades al professorat de totes les etapes (infantil, prim\u00e0ria, secund\u00e0ria i formaci\u00f3 d&#8217;adults) i futurs\/es docents d&#8217;educaci\u00f3 infantil, prim\u00e0ria i secund\u00e0ria. La confer\u00e8ncia [&hellip;]<\/p>\n","protected":false},"author":5,"featured_media":12707,"comment_status":"open","ping_status":"closed","sticky":false,"template":"","format":"standard","meta":{"_bbp_topic_count":0,"_bbp_reply_count":0,"_bbp_total_topic_count":0,"_bbp_total_reply_count":0,"_bbp_voice_count":0,"_bbp_anonymous_reply_count":0,"_bbp_topic_count_hidden":0,"_bbp_reply_count_hidden":0,"_bbp_forum_subforum_count":0,"site-sidebar-layout":"default","site-content-layout":"","ast-site-content-layout":"","site-content-style":"default","site-sidebar-style":"default","ast-global-header-display":"","ast-banner-title-visibility":"","ast-main-header-display":"","ast-hfb-above-header-display":"","ast-hfb-below-header-display":"","ast-hfb-mobile-header-display":"","site-post-title":"","ast-breadcrumbs-content":"","ast-featured-img":"","footer-sml-layout":"","theme-transparent-header-meta":"","adv-header-id-meta":"","stick-header-meta":"","header-above-stick-meta":"","header-main-stick-meta":"","header-below-stick-meta":"","astra-migrate-meta-layouts":"default","ast-page-background-enabled":"default","ast-page-background-meta":{"desktop":{"background-color":"var(--ast-global-color-4)","background-image":"","background-repeat":"repeat","background-position":"center center","background-size":"auto","background-attachment":"scroll","background-type":"","background-media":"","overlay-type":"","overlay-color":"","overlay-opacity":"","overlay-gradient":""},"tablet":{"background-color":"","background-image":"","background-repeat":"repeat","background-position":"center center","background-size":"auto","background-attachment":"scroll","background-type":"","background-media":"","overlay-type":"","overlay-color":"","overlay-opacity":"","overlay-gradient":""},"mobile":{"background-color":"","background-image":"","background-repeat":"repeat","background-position":"center center","background-size":"auto","background-attachment":"scroll","background-type":"","background-media":"","overlay-type":"","overlay-color":"","overlay-opacity":"","overlay-gradient":""}},"ast-content-background-meta":{"desktop":{"background-color":"var(--ast-global-color-5)","background-image":"","background-repeat":"repeat","background-position":"center center","background-size":"auto","background-attachment":"scroll","background-type":"","background-media":"","overlay-type":"","overlay-color":"","overlay-opacity":"","overlay-gradient":""},"tablet":{"background-color":"var(--ast-global-color-5)","background-image":"","background-repeat":"repeat","background-position":"center center","background-size":"auto","background-attachment":"scroll","background-type":"","background-media":"","overlay-type":"","overlay-color":"","overlay-opacity":"","overlay-gradient":""},"mobile":{"background-color":"var(--ast-global-color-5)","background-image":"","background-repeat":"repeat","background-position":"center center","background-size":"auto","background-attachment":"scroll","background-type":"","background-media":"","overlay-type":"","overlay-color":"","overlay-opacity":"","overlay-gradient":""}},"footnotes":""},"categories":[154,29],"tags":[226,41],"class_list":["post-12706","post","type-post","status-publish","format-standard","has-post-thumbnail","hentry","category-informacio-general","category-portada","tag-formacio","tag-matematiques"],"post_mailing_queue_ids":[],"_links":{"self":[{"href":"https:\/\/serveiseducatius.xtec.cat\/vallesoccidental7\/wp-json\/wp\/v2\/posts\/12706","targetHints":{"allow":["GET"]}}],"collection":[{"href":"https:\/\/serveiseducatius.xtec.cat\/vallesoccidental7\/wp-json\/wp\/v2\/posts"}],"about":[{"href":"https:\/\/serveiseducatius.xtec.cat\/vallesoccidental7\/wp-json\/wp\/v2\/types\/post"}],"author":[{"embeddable":true,"href":"https:\/\/serveiseducatius.xtec.cat\/vallesoccidental7\/wp-json\/wp\/v2\/users\/5"}],"replies":[{"embeddable":true,"href":"https:\/\/serveiseducatius.xtec.cat\/vallesoccidental7\/wp-json\/wp\/v2\/comments?post=12706"}],"version-history":[{"count":2,"href":"https:\/\/serveiseducatius.xtec.cat\/vallesoccidental7\/wp-json\/wp\/v2\/posts\/12706\/revisions"}],"predecessor-version":[{"id":12709,"href":"https:\/\/serveiseducatius.xtec.cat\/vallesoccidental7\/wp-json\/wp\/v2\/posts\/12706\/revisions\/12709"}],"wp:featuredmedia":[{"embeddable":true,"href":"https:\/\/serveiseducatius.xtec.cat\/vallesoccidental7\/wp-json\/wp\/v2\/media\/12707"}],"wp:attachment":[{"href":"https:\/\/serveiseducatius.xtec.cat\/vallesoccidental7\/wp-json\/wp\/v2\/media?parent=12706"}],"wp:term":[{"taxonomy":"category","embeddable":true,"href":"https:\/\/serveiseducatius.xtec.cat\/vallesoccidental7\/wp-json\/wp\/v2\/categories?post=12706"},{"taxonomy":"post_tag","embeddable":true,"href":"https:\/\/serveiseducatius.xtec.cat\/vallesoccidental7\/wp-json\/wp\/v2\/tags?post=12706"}],"curies":[{"name":"wp","href":"https:\/\/api.w.org\/{rel}","templated":true}]}}