{"id":12692,"date":"2024-10-03T16:28:03","date_gmt":"2024-10-03T14:28:03","guid":{"rendered":"https:\/\/serveiseducatius.xtec.cat\/vallesoccidental7\/?p=12692"},"modified":"2024-10-03T16:28:03","modified_gmt":"2024-10-03T14:28:03","slug":"xerrada-vincles-prevenir-lassetjament-escolar","status":"publish","type":"post","link":"https:\/\/serveiseducatius.xtec.cat\/vallesoccidental7\/general\/xerrada-vincles-prevenir-lassetjament-escolar\/","title":{"rendered":"XERRADA VINCLES: PREVENIR L\u2019ASSETJAMENT ESCOLAR"},"content":{"rendered":"<p><span style=\"font-family: Arial; font-size: small;\">El projecte Vincles ofereix el\u00a0<b>dimecres 30 d\u2019octubre de 18:30 a 20h<\/b>\u00a0a la Biblioteca Esteve Paluzie (Sala Salvador Allende), la xerrada per a fam\u00edlies d&#8217;adolescents i joves i professionals de joventut &#8220;<b>PREVENIR L\u2019ASSETJAMENT ESCOLAR<\/b>&#8220;. De 18 a 18:30 es far\u00e0 xerrada informal i caf\u00e8.<\/span><\/p>\n<p><span style=\"font-family: Arial; font-size: small;\">Abordarem la import\u00e0ncia de la prevenci\u00f3 de l&#8217;assetjament escolar i proporcionarem eines i recursos per identificar signes d&#8217;assetjament. Es presentaran estrat\u00e8gies per fomentar un entorn segur i respectu\u00f3s, aix\u00ed com pautes per establir una comunicaci\u00f3 oberta amb adolescents.<\/span><\/p>\n<p><span style=\"font-family: Arial; font-size: small;\">La sessi\u00f3 \u00e9s <b>gratu\u00efta<\/b>\u00a0i tindr\u00e0 una durada de 90 minuts. Les persones interessades us podeu posar en contacte amb\u00a0<\/span><a href=\"mailto:mediobert@bdv.cat\" target=\"_blank\" rel=\"noopener\"><span style=\"color: #0062e1; font-family: Arial; font-size: small;\"><u>mediobert@bdv.cat<\/u><\/span><\/a><\/p>\n<p>&nbsp;<\/p>\n","protected":false},"excerpt":{"rendered":"<p>El projecte Vincles ofereix el\u00a0dimecres 30 d\u2019octubre de 18:30 a 20h\u00a0a la Biblioteca Esteve Paluzie (Sala Salvador Allende), la xerrada per a fam\u00edlies d&#8217;adolescents i joves i professionals de joventut &#8220;PREVENIR L\u2019ASSETJAMENT ESCOLAR&#8220;. De 18 a 18:30 es far\u00e0 xerrada informal i caf\u00e8. Abordarem la import\u00e0ncia de la prevenci\u00f3 de l&#8217;assetjament escolar i proporcionarem eines [&hellip;]<\/p>\n","protected":false},"author":5,"featured_media":0,"comment_status":"open","ping_status":"closed","sticky":false,"template":"","format":"standard","meta":{"_bbp_topic_count":0,"_bbp_reply_count":0,"_bbp_total_topic_count":0,"_bbp_total_reply_count":0,"_bbp_voice_count":0,"_bbp_anonymous_reply_count":0,"_bbp_topic_count_hidden":0,"_bbp_reply_count_hidden":0,"_bbp_forum_subforum_count":0,"site-sidebar-layout":"default","site-content-layout":"","ast-site-content-layout":"","site-content-style":"default","site-sidebar-style":"default","ast-global-header-display":"","ast-banner-title-visibility":"","ast-main-header-display":"","ast-hfb-above-header-display":"","ast-hfb-below-header-display":"","ast-hfb-mobile-header-display":"","site-post-title":"","ast-breadcrumbs-content":"","ast-featured-img":"","footer-sml-layout":"","theme-transparent-header-meta":"","adv-header-id-meta":"","stick-header-meta":"","header-above-stick-meta":"","header-main-stick-meta":"","header-below-stick-meta":"","astra-migrate-meta-layouts":"default","ast-page-background-enabled":"default","ast-page-background-meta":{"desktop":{"background-color":"var(--ast-global-color-4)","background-image":"","background-repeat":"repeat","background-position":"center center","background-size":"auto","background-attachment":"scroll","background-type":"","background-media":"","overlay-type":"","overlay-color":"","overlay-opacity":"","overlay-gradient":""},"tablet":{"background-color":"","background-image":"","background-repeat":"repeat","background-position":"center center","background-size":"auto","background-attachment":"scroll","background-type":"","background-media":"","overlay-type":"","overlay-color":"","overlay-opacity":"","overlay-gradient":""},"mobile":{"background-color":"","background-image":"","background-repeat":"repeat","background-position":"center center","background-size":"auto","background-attachment":"scroll","background-type":"","background-media":"","overlay-type":"","overlay-color":"","overlay-opacity":"","overlay-gradient":""}},"ast-content-background-meta":{"desktop":{"background-color":"var(--ast-global-color-5)","background-image":"","background-repeat":"repeat","background-position":"center center","background-size":"auto","background-attachment":"scroll","background-type":"","background-media":"","overlay-type":"","overlay-color":"","overlay-opacity":"","overlay-gradient":""},"tablet":{"background-color":"var(--ast-global-color-5)","background-image":"","background-repeat":"repeat","background-position":"center center","background-size":"auto","background-attachment":"scroll","background-type":"","background-media":"","overlay-type":"","overlay-color":"","overlay-opacity":"","overlay-gradient":""},"mobile":{"background-color":"var(--ast-global-color-5)","background-image":"","background-repeat":"repeat","background-position":"center center","background-size":"auto","background-attachment":"scroll","background-type":"","background-media":"","overlay-type":"","overlay-color":"","overlay-opacity":"","overlay-gradient":""}},"footnotes":""},"categories":[81,1,29],"tags":[507,351,464],"class_list":["post-12692","post","type-post","status-publish","format-standard","hentry","category-biblioteca-escolar","category-general","category-portada","tag-adolescencia","tag-assetjament","tag-biblioteca"],"post_mailing_queue_ids":[],"_links":{"self":[{"href":"https:\/\/serveiseducatius.xtec.cat\/vallesoccidental7\/wp-json\/wp\/v2\/posts\/12692","targetHints":{"allow":["GET"]}}],"collection":[{"href":"https:\/\/serveiseducatius.xtec.cat\/vallesoccidental7\/wp-json\/wp\/v2\/posts"}],"about":[{"href":"https:\/\/serveiseducatius.xtec.cat\/vallesoccidental7\/wp-json\/wp\/v2\/types\/post"}],"author":[{"embeddable":true,"href":"https:\/\/serveiseducatius.xtec.cat\/vallesoccidental7\/wp-json\/wp\/v2\/users\/5"}],"replies":[{"embeddable":true,"href":"https:\/\/serveiseducatius.xtec.cat\/vallesoccidental7\/wp-json\/wp\/v2\/comments?post=12692"}],"version-history":[{"count":2,"href":"https:\/\/serveiseducatius.xtec.cat\/vallesoccidental7\/wp-json\/wp\/v2\/posts\/12692\/revisions"}],"predecessor-version":[{"id":12694,"href":"https:\/\/serveiseducatius.xtec.cat\/vallesoccidental7\/wp-json\/wp\/v2\/posts\/12692\/revisions\/12694"}],"wp:attachment":[{"href":"https:\/\/serveiseducatius.xtec.cat\/vallesoccidental7\/wp-json\/wp\/v2\/media?parent=12692"}],"wp:term":[{"taxonomy":"category","embeddable":true,"href":"https:\/\/serveiseducatius.xtec.cat\/vallesoccidental7\/wp-json\/wp\/v2\/categories?post=12692"},{"taxonomy":"post_tag","embeddable":true,"href":"https:\/\/serveiseducatius.xtec.cat\/vallesoccidental7\/wp-json\/wp\/v2\/tags?post=12692"}],"curies":[{"name":"wp","href":"https:\/\/api.w.org\/{rel}","templated":true}]}}