{"id":12332,"date":"2024-02-02T12:19:34","date_gmt":"2024-02-02T11:19:34","guid":{"rendered":"https:\/\/serveiseducatius.xtec.cat\/vallesoccidental7\/?p=12332"},"modified":"2024-02-02T12:23:54","modified_gmt":"2024-02-02T11:23:54","slug":"formacions-panells-robotica-i-maletes-audiovisuals","status":"publish","type":"post","link":"https:\/\/serveiseducatius.xtec.cat\/vallesoccidental7\/portada\/formacions-panells-robotica-i-maletes-audiovisuals\/","title":{"rendered":"Formacions panells, rob\u00f2tica i maletes audiovisuals"},"content":{"rendered":"<p><span style=\"font-family: arial, sans-serif; font-size: large;\">Us informem que les noves dotacions de panells, rob\u00f2tica i maleta audiovisual, van acompanyades de formaci\u00f3 pedag\u00f2gica.\u00a0\u00a0<\/span>Aquesta formaci\u00f3, de moment, est\u00e0 organitzada en dos torns:<\/p>\n<p><span style=\"font-family: arial, sans-serif; font-size: large;\">1r torn: de mar\u00e7 a juny<\/span><\/p>\n<p><span style=\"font-family: arial, sans-serif; font-size: large;\">2n torn: juliol<\/span><\/p>\n<p><span style=\"font-family: arial, sans-serif; font-size: large;\">\u00c9s una formaci\u00f3 enfocada als mestres de diferents etapes\u00a0educatives i de car\u00e0cter\u00a0individual. L&#8217;\u00fanic requisit \u00e9s que la persona que es vol formar ha de portar el seu material. Sabem que hi ha centres que\u00a0<\/span>han rebut\u00a0aquest material\u00a0i d&#8217;altres que no, i que hi ha centres que tenen el material perqu\u00e8 l&#8217;han adquirit per compte propi o en altres dotacions. L&#8217;excepci\u00f3 d&#8217;aquest requisit \u00e9s per la formaci\u00f3 de panells.<\/p>\n<p><strong><span style=\"font-family: inherit; font-size: 1em;\">Formaci\u00f3 de panells per cada CRP<\/span><\/strong><span style=\"font-family: inherit; font-size: 1em;\">Codi Tipus \u2192 PATE<\/span><\/p>\n<div class=\"gmail_default\">\n<ul>\n<li>\n<ul>\n<li>2 edicions de 20 h (25-30 participants per grup, m\u00ednim 15 participants)<\/li>\n<li>Primera edici\u00f3 al mar\u00e7\/abril i la segona la primera quinzena de juliol (formaci\u00f3 d\u2019estiu)<\/li>\n<li>Oferta de formaci\u00f3 revisable segons demanda<\/li>\n<li><a href=\"https:\/\/aplicacions.gestioeducativa.gencat.cat\/pls\/soloas\/pk_for_mod_ins.p_for_cons_activitats?p_any=2023-2024&amp;p_codi=4070010529\" target=\"_blank\" rel=\"noopener\" data-saferedirecturl=\"https:\/\/www.google.com\/url?q=https:\/\/aplicacions.gestioeducativa.gencat.cat\/pls\/soloas\/pk_for_mod_ins.p_for_cons_activitats?p_any%3D2023-2024%26p_codi%3D4070010529&amp;source=gmail&amp;ust=1706958499964000&amp;usg=AOvVaw27Bg6DINxygcddcbc-9ppd\">Enlla\u00e7 a la inscripci\u00f3<\/a><\/li>\n<\/ul>\n<\/li>\n<li><strong>Formaci\u00f3 de Maleta audiovisual per cada CRP<\/strong>\n<ul>\n<li>Codi tipus \u2192 LAUD<\/li>\n<li>2 edicions de 20 h (25-30 participants per grup, m\u00ednim 15 participants)<\/li>\n<li>Primera edici\u00f3 al mar\u00e7\/abril i la segona la primera quinzena de juliol (formaci\u00f3 d\u2019estiu)<\/li>\n<li>Oferta de formaci\u00f3 revisable segons demanda<\/li>\n<li><span style=\"color: #000000;\"><a href=\"https:\/\/aplicacions.gestioeducativa.gencat.cat\/pls\/soloas\/pk_for_mod_ins.p_for_cons_activitats?p_any=2023-2024&amp;p_codi=4070030529\" target=\"_blank\" rel=\"noopener\" data-saferedirecturl=\"https:\/\/www.google.com\/url?q=https:\/\/aplicacions.gestioeducativa.gencat.cat\/pls\/soloas\/pk_for_mod_ins.p_for_cons_activitats?p_any%3D2023-2024%26p_codi%3D4070030529&amp;source=gmail&amp;ust=1706958499964000&amp;usg=AOvVaw1SYAdug5_UTvOjhXTnI_KM\">Enlla\u00e7 a la inscripci\u00f3<\/a><\/span><\/li>\n<\/ul>\n<\/li>\n<\/ul>\n<div>\n<ul>\n<li dir=\"ltr\"><strong>Formaci\u00f3 de rob\u00f2tica<\/strong><\/li>\n<\/ul>\n<p>2 edicions de 20 h (25-30 participants per grup, m\u00ednim 15 participants)<\/p>\n<ul>\n<li>ROIP- Robots compactes per crear seq\u00fc\u00e8ncies (EI i 1r Cicle)- <a href=\"https:\/\/aplicacions.gestioeducativa.gencat.cat\/pls\/soloas\/pk_for_mod_ins.p_for_cons_activitats?p_any=2023-2024&amp;p_codi=4070050529\" target=\"_blank\" rel=\"noopener\" data-saferedirecturl=\"https:\/\/www.google.com\/url?q=https:\/\/aplicacions.gestioeducativa.gencat.cat\/pls\/soloas\/pk_for_mod_ins.p_for_cons_activitats?p_any%3D2023-2024%26p_codi%3D4070050529&amp;source=gmail&amp;ust=1706958499964000&amp;usg=AOvVaw3yPUZRfB1TFcT3RFA_eVgU\">Inscripci\u00f3<\/a><\/li>\n<li>ROP &#8211;\u00a0 Compactes amb sensors i actuadors &#8211; <a href=\"https:\/\/aplicacions.gestioeducativa.gencat.cat\/pls\/soloas\/pk_for_mod_ins.p_for_cons_activitats?p_any=2023-2024&amp;p_codi=4070070529\" target=\"_blank\" rel=\"noopener\" data-saferedirecturl=\"https:\/\/www.google.com\/url?q=https:\/\/aplicacions.gestioeducativa.gencat.cat\/pls\/soloas\/pk_for_mod_ins.p_for_cons_activitats?p_any%3D2023-2024%26p_codi%3D4070070529&amp;source=gmail&amp;ust=1706958499964000&amp;usg=AOvVaw2nCo0Z4OMkd08OxfiLDZwN\">Inscripci\u00f3<\/a><\/li>\n<li>ROPA &#8211; Plaques programables amb Arduino\/ESP32 &#8211;<a href=\"https:\/\/aplicacions.gestioeducativa.gencat.cat\/pls\/soloas\/pk_for_mod_ins.p_for_cons_activitats?p_any=2023-2024&amp;p_codi=4070090529\" target=\"_blank\" rel=\"noopener\" data-saferedirecturl=\"https:\/\/www.google.com\/url?q=https:\/\/aplicacions.gestioeducativa.gencat.cat\/pls\/soloas\/pk_for_mod_ins.p_for_cons_activitats?p_any%3D2023-2024%26p_codi%3D4070090529&amp;source=gmail&amp;ust=1706958499964000&amp;usg=AOvVaw1zxBq-CZcywYmvjPoMyo-x\"> Inscripci\u00f3<\/a><\/li>\n<li>ROPD &#8211; Plaques programables Micro:bit i ED1 &#8211; <a href=\"https:\/\/aplicacions.gestioeducativa.gencat.cat\/pls\/soloas\/pk_for_mod_ins.p_for_cons_activitats?p_any=2023-2024&amp;p_codi=4070130529\" target=\"_blank\" rel=\"noopener\" data-saferedirecturl=\"https:\/\/www.google.com\/url?q=https:\/\/aplicacions.gestioeducativa.gencat.cat\/pls\/soloas\/pk_for_mod_ins.p_for_cons_activitats?p_any%3D2023-2024%26p_codi%3D4070130529&amp;source=gmail&amp;ust=1706958499964000&amp;usg=AOvVaw1zHFesCAgVUuCZdrTxTaox\">Inscripci\u00f3<\/a><\/li>\n<li>ROPS &#8211; Robots kits constructius Lego Spike i Essential &#8211;<a href=\"https:\/\/aplicacions.gestioeducativa.gencat.cat\/pls\/soloas\/pk_for_mod_ins.p_for_cons_activitats?p_any=2023-2024&amp;p_codi=4070150529\" target=\"_blank\" rel=\"noopener\" data-saferedirecturl=\"https:\/\/www.google.com\/url?q=https:\/\/aplicacions.gestioeducativa.gencat.cat\/pls\/soloas\/pk_for_mod_ins.p_for_cons_activitats?p_any%3D2023-2024%26p_codi%3D4070150529&amp;source=gmail&amp;ust=1706958499964000&amp;usg=AOvVaw2384oWdx-xLDoJTXgj1anV\"> Inscripci\u00f3<\/a><\/li>\n<\/ul>\n<p>Primera edici\u00f3 al mar\u00e7\/abril i la segona la primera quinzena de juliol (formaci\u00f3 d\u2019estiu)<\/p>\n<p>Oferta de formaci\u00f3 revisable segons demanda<\/p>\n<\/div>\n<\/div>\n","protected":false},"excerpt":{"rendered":"<p>Us informem que les noves dotacions de panells, rob\u00f2tica i maleta audiovisual, van acompanyades de formaci\u00f3 pedag\u00f2gica.\u00a0\u00a0Aquesta formaci\u00f3, de moment, est\u00e0 organitzada en dos torns: 1r torn: de mar\u00e7 a juny 2n torn: juliol \u00c9s una formaci\u00f3 enfocada als mestres de diferents etapes\u00a0educatives i de car\u00e0cter\u00a0individual. L&#8217;\u00fanic requisit \u00e9s que la persona que es vol [&hellip;]<\/p>\n","protected":false},"author":5,"featured_media":0,"comment_status":"open","ping_status":"closed","sticky":false,"template":"","format":"standard","meta":{"_bbp_topic_count":0,"_bbp_reply_count":0,"_bbp_total_topic_count":0,"_bbp_total_reply_count":0,"_bbp_voice_count":0,"_bbp_anonymous_reply_count":0,"_bbp_topic_count_hidden":0,"_bbp_reply_count_hidden":0,"_bbp_forum_subforum_count":0,"site-sidebar-layout":"default","site-content-layout":"","ast-site-content-layout":"","site-content-style":"default","site-sidebar-style":"default","ast-global-header-display":"","ast-banner-title-visibility":"","ast-main-header-display":"","ast-hfb-above-header-display":"","ast-hfb-below-header-display":"","ast-hfb-mobile-header-display":"","site-post-title":"","ast-breadcrumbs-content":"","ast-featured-img":"","footer-sml-layout":"","theme-transparent-header-meta":"","adv-header-id-meta":"","stick-header-meta":"","header-above-stick-meta":"","header-main-stick-meta":"","header-below-stick-meta":"","astra-migrate-meta-layouts":"default","ast-page-background-enabled":"default","ast-page-background-meta":{"desktop":{"background-color":"var(--ast-global-color-4)","background-image":"","background-repeat":"repeat","background-position":"center center","background-size":"auto","background-attachment":"scroll","background-type":"","background-media":"","overlay-type":"","overlay-color":"","overlay-opacity":"","overlay-gradient":""},"tablet":{"background-color":"","background-image":"","background-repeat":"repeat","background-position":"center center","background-size":"auto","background-attachment":"scroll","background-type":"","background-media":"","overlay-type":"","overlay-color":"","overlay-opacity":"","overlay-gradient":""},"mobile":{"background-color":"","background-image":"","background-repeat":"repeat","background-position":"center center","background-size":"auto","background-attachment":"scroll","background-type":"","background-media":"","overlay-type":"","overlay-color":"","overlay-opacity":"","overlay-gradient":""}},"ast-content-background-meta":{"desktop":{"background-color":"var(--ast-global-color-5)","background-image":"","background-repeat":"repeat","background-position":"center center","background-size":"auto","background-attachment":"scroll","background-type":"","background-media":"","overlay-type":"","overlay-color":"","overlay-opacity":"","overlay-gradient":""},"tablet":{"background-color":"var(--ast-global-color-5)","background-image":"","background-repeat":"repeat","background-position":"center center","background-size":"auto","background-attachment":"scroll","background-type":"","background-media":"","overlay-type":"","overlay-color":"","overlay-opacity":"","overlay-gradient":""},"mobile":{"background-color":"var(--ast-global-color-5)","background-image":"","background-repeat":"repeat","background-position":"center center","background-size":"auto","background-attachment":"scroll","background-type":"","background-media":"","overlay-type":"","overlay-color":"","overlay-opacity":"","overlay-gradient":""}},"footnotes":""},"categories":[64,154,153,75,29,349,374,78],"tags":[109,363,226,361,279,502],"class_list":["post-12332","post","type-post","status-publish","format-standard","hentry","category-comunitat","category-informacio-general","category-pfz","category-pee","category-portada","category-robotica","category-robotica-espai-de-formacio","category-xtcd","tag-robotica","tag-crp-robotica","tag-formacio","tag-innovacio","tag-tac","tag-xtcd"],"post_mailing_queue_ids":[],"_links":{"self":[{"href":"https:\/\/serveiseducatius.xtec.cat\/vallesoccidental7\/wp-json\/wp\/v2\/posts\/12332","targetHints":{"allow":["GET"]}}],"collection":[{"href":"https:\/\/serveiseducatius.xtec.cat\/vallesoccidental7\/wp-json\/wp\/v2\/posts"}],"about":[{"href":"https:\/\/serveiseducatius.xtec.cat\/vallesoccidental7\/wp-json\/wp\/v2\/types\/post"}],"author":[{"embeddable":true,"href":"https:\/\/serveiseducatius.xtec.cat\/vallesoccidental7\/wp-json\/wp\/v2\/users\/5"}],"replies":[{"embeddable":true,"href":"https:\/\/serveiseducatius.xtec.cat\/vallesoccidental7\/wp-json\/wp\/v2\/comments?post=12332"}],"version-history":[{"count":2,"href":"https:\/\/serveiseducatius.xtec.cat\/vallesoccidental7\/wp-json\/wp\/v2\/posts\/12332\/revisions"}],"predecessor-version":[{"id":12334,"href":"https:\/\/serveiseducatius.xtec.cat\/vallesoccidental7\/wp-json\/wp\/v2\/posts\/12332\/revisions\/12334"}],"wp:attachment":[{"href":"https:\/\/serveiseducatius.xtec.cat\/vallesoccidental7\/wp-json\/wp\/v2\/media?parent=12332"}],"wp:term":[{"taxonomy":"category","embeddable":true,"href":"https:\/\/serveiseducatius.xtec.cat\/vallesoccidental7\/wp-json\/wp\/v2\/categories?post=12332"},{"taxonomy":"post_tag","embeddable":true,"href":"https:\/\/serveiseducatius.xtec.cat\/vallesoccidental7\/wp-json\/wp\/v2\/tags?post=12332"}],"curies":[{"name":"wp","href":"https:\/\/api.w.org\/{rel}","templated":true}]}}