{"id":12324,"date":"2024-01-26T12:35:59","date_gmt":"2024-01-26T11:35:59","guid":{"rendered":"https:\/\/serveiseducatius.xtec.cat\/vallesoccidental7\/?p=12324"},"modified":"2024-01-26T12:35:59","modified_gmt":"2024-01-26T11:35:59","slug":"xi-jocs-florals-escolars-de-catalunya","status":"publish","type":"post","link":"https:\/\/serveiseducatius.xtec.cat\/vallesoccidental7\/portada\/xi-jocs-florals-escolars-de-catalunya\/","title":{"rendered":"XI Jocs Florals Escolars de Catalunya"},"content":{"rendered":"<p>S&#8217;han publicat les bases dels <strong>XI<\/strong> <b>Jocs Florals Escolars de Catalunya, <\/b>que tenen com objectiu p<span style=\"font-family: inherit; font-size: 1em;\">romoure l&#8217;escriptura i la creaci\u00f3 liter\u00e0ria, tant en prosa com en poesia, en infants i joves de sis a divuit anys.<\/span><\/p>\n<p>Al <a href=\"https:\/\/xtec.gencat.cat\/ca\/centres\/premis-i-concursos\/jocsflorals\/\">web<\/a> podeu consultar <b><a href=\"https:\/\/xtec.gencat.cat\/web\/.content\/centres\/alscentres\/premis\/jocsflorals\/2324\/Bases-dels-XI-Jocs-Florals-Escolars-de-Catalunya-2024.pdf\" target=\"_blank\" rel=\"noopener\" data-saferedirecturl=\"https:\/\/www.google.com\/url?q=http:\/\/xtec.gencat.cat\/web\/.content\/centres\/alscentres\/premis\/jocsflorals\/2122\/Bases-IX-Jocs-Florals.pdf&amp;source=gmail&amp;ust=1647014982662000&amp;usg=AOvVaw3l2_nQv5WOTVhe5UN2CgMN\"><span style=\"color: #0000ff;\">les bases<\/span><\/a><\/b>\u00a0de l&#8217;edici\u00f3 d&#8217;enguany aix\u00ed com tamb\u00e9 les de la categoria de\u00a0<b><a style=\"color: #2795b6;\" href=\"https:\/\/xtec.gencat.cat\/web\/.content\/centres\/alscentres\/premis\/jocsflorals\/2324\/Bases-dels-contes-audiovisuals-2024.pdf\" target=\"_blank\" rel=\"noopener\" data-saferedirecturl=\"https:\/\/www.google.com\/url?q=http:\/\/xtec.gencat.cat\/web\/.content\/centres\/alscentres\/premis\/jocsflorals\/2122\/Bases-categoria-H-conte-audiovisual-2122.pdf&amp;source=gmail&amp;ust=1647014982662000&amp;usg=AOvVaw2ZAqJMoLc3ry-IjB5phB21\"><span style=\"color: #0000ff;\">conte audiovisual<\/span><\/a><\/b>. \u00c9s important que us fixeu en les modalitats de participaci\u00f3, individual i\/o col\u00b7lectiva, i\u00a0 en el nombre m\u00ednim i m\u00e0xim d&#8217;autors. Com en edicions anteriors el tema \u00e9s lliure i els treballs han de ser escrits en llengua catalana o en aran\u00e8s.<\/p>\n<p><span style=\"color: #000000;\">Per participar-hi, heu d&#8217;omplir el<span style=\"color: #0000ff;\"><b>\u00a0<\/b><\/span><\/span><b><a href=\"https:\/\/docs.google.com\/forms\/d\/e\/1FAIpQLSdsM9worNqYbggoP5PYHHna12k3rbaO0Ked6p_605Rcg4tkew\/viewform\" target=\"_blank\" rel=\"noopener\" data-saferedirecturl=\"https:\/\/www.google.com\/url?q=https:\/\/docs.google.com\/forms\/d\/e\/1FAIpQLSf6yrDZmGh8gcNsD-nF099jsS281IYMGGxZ4P9MsTIW7YkcbQ\/viewform&amp;source=gmail&amp;ust=1647014982662000&amp;usg=AOvVaw3YcWmDD6aMAtwqCjBnPfRe\"><span style=\"color: #0000ff;\">formulari d&#8217;inscripci\u00f3<\/span><\/a><\/b><b>\u00a0<\/b>indicant en quines categories ho fareu.\u00a0<b>El per\u00edode d&#8217;inscripci\u00f3 \u00e9s<\/b><b style=\"font-family: inherit; font-size: 1em;\"> fins el 22 de mar\u00e7.<\/b><\/p>\n<p>El lliurament dels treballs seleccionats pel centre (1 per categoria) ser\u00e0 <strong>d<\/strong><b>el 2 al 24 d&#8217;abril<\/b> via formulari. I l&#8217;acte de lliurament de guardons de la final del Vall\u00e8s Occidental, tindr\u00e0 lloc el <b>4 de maig, de 10,30 a 13 h<\/b><span style=\"font-family: inherit; font-size: 1em;\"> l&#8217;Auditori del Casal Pere Quart de Sabadell.<\/span><\/p>\n<p>Per a qualsevol aclariment podeu adre\u00e7ar-vos al vostre CRP.<\/p>\n","protected":false},"excerpt":{"rendered":"<p>S&#8217;han publicat les bases dels XI Jocs Florals Escolars de Catalunya, que tenen com objectiu promoure l&#8217;escriptura i la creaci\u00f3 liter\u00e0ria, tant en prosa com en poesia, en infants i joves de sis a divuit anys. Al web podeu consultar les bases\u00a0de l&#8217;edici\u00f3 d&#8217;enguany aix\u00ed com tamb\u00e9 les de la categoria de\u00a0conte audiovisual. \u00c9s important [&hellip;]<\/p>\n","protected":false},"author":5,"featured_media":11352,"comment_status":"open","ping_status":"closed","sticky":false,"template":"","format":"standard","meta":{"_bbp_topic_count":0,"_bbp_reply_count":0,"_bbp_total_topic_count":0,"_bbp_total_reply_count":0,"_bbp_voice_count":0,"_bbp_anonymous_reply_count":0,"_bbp_topic_count_hidden":0,"_bbp_reply_count_hidden":0,"_bbp_forum_subforum_count":0,"site-sidebar-layout":"default","site-content-layout":"","ast-site-content-layout":"","site-content-style":"default","site-sidebar-style":"default","ast-global-header-display":"","ast-banner-title-visibility":"","ast-main-header-display":"","ast-hfb-above-header-display":"","ast-hfb-below-header-display":"","ast-hfb-mobile-header-display":"","site-post-title":"","ast-breadcrumbs-content":"","ast-featured-img":"","footer-sml-layout":"","theme-transparent-header-meta":"","adv-header-id-meta":"","stick-header-meta":"","header-above-stick-meta":"","header-main-stick-meta":"","header-below-stick-meta":"","astra-migrate-meta-layouts":"default","ast-page-background-enabled":"default","ast-page-background-meta":{"desktop":{"background-color":"var(--ast-global-color-4)","background-image":"","background-repeat":"repeat","background-position":"center center","background-size":"auto","background-attachment":"scroll","background-type":"","background-media":"","overlay-type":"","overlay-color":"","overlay-opacity":"","overlay-gradient":""},"tablet":{"background-color":"","background-image":"","background-repeat":"repeat","background-position":"center center","background-size":"auto","background-attachment":"scroll","background-type":"","background-media":"","overlay-type":"","overlay-color":"","overlay-opacity":"","overlay-gradient":""},"mobile":{"background-color":"","background-image":"","background-repeat":"repeat","background-position":"center center","background-size":"auto","background-attachment":"scroll","background-type":"","background-media":"","overlay-type":"","overlay-color":"","overlay-opacity":"","overlay-gradient":""}},"ast-content-background-meta":{"desktop":{"background-color":"var(--ast-global-color-5)","background-image":"","background-repeat":"repeat","background-position":"center center","background-size":"auto","background-attachment":"scroll","background-type":"","background-media":"","overlay-type":"","overlay-color":"","overlay-opacity":"","overlay-gradient":""},"tablet":{"background-color":"var(--ast-global-color-5)","background-image":"","background-repeat":"repeat","background-position":"center center","background-size":"auto","background-attachment":"scroll","background-type":"","background-media":"","overlay-type":"","overlay-color":"","overlay-opacity":"","overlay-gradient":""},"mobile":{"background-color":"var(--ast-global-color-5)","background-image":"","background-repeat":"repeat","background-position":"center center","background-size":"auto","background-attachment":"scroll","background-type":"","background-media":"","overlay-type":"","overlay-color":"","overlay-opacity":"","overlay-gradient":""}},"footnotes":""},"categories":[71,29],"tags":[172,179,236],"class_list":["post-12324","post","type-post","status-publish","format-standard","has-post-thumbnail","hentry","category-jocs-florals","category-portada","tag-educacio-primaria","tag-educacio-secundaria","tag-llengua-catalana"],"post_mailing_queue_ids":[],"_links":{"self":[{"href":"https:\/\/serveiseducatius.xtec.cat\/vallesoccidental7\/wp-json\/wp\/v2\/posts\/12324","targetHints":{"allow":["GET"]}}],"collection":[{"href":"https:\/\/serveiseducatius.xtec.cat\/vallesoccidental7\/wp-json\/wp\/v2\/posts"}],"about":[{"href":"https:\/\/serveiseducatius.xtec.cat\/vallesoccidental7\/wp-json\/wp\/v2\/types\/post"}],"author":[{"embeddable":true,"href":"https:\/\/serveiseducatius.xtec.cat\/vallesoccidental7\/wp-json\/wp\/v2\/users\/5"}],"replies":[{"embeddable":true,"href":"https:\/\/serveiseducatius.xtec.cat\/vallesoccidental7\/wp-json\/wp\/v2\/comments?post=12324"}],"version-history":[{"count":1,"href":"https:\/\/serveiseducatius.xtec.cat\/vallesoccidental7\/wp-json\/wp\/v2\/posts\/12324\/revisions"}],"predecessor-version":[{"id":12325,"href":"https:\/\/serveiseducatius.xtec.cat\/vallesoccidental7\/wp-json\/wp\/v2\/posts\/12324\/revisions\/12325"}],"wp:featuredmedia":[{"embeddable":true,"href":"https:\/\/serveiseducatius.xtec.cat\/vallesoccidental7\/wp-json\/wp\/v2\/media\/11352"}],"wp:attachment":[{"href":"https:\/\/serveiseducatius.xtec.cat\/vallesoccidental7\/wp-json\/wp\/v2\/media?parent=12324"}],"wp:term":[{"taxonomy":"category","embeddable":true,"href":"https:\/\/serveiseducatius.xtec.cat\/vallesoccidental7\/wp-json\/wp\/v2\/categories?post=12324"},{"taxonomy":"post_tag","embeddable":true,"href":"https:\/\/serveiseducatius.xtec.cat\/vallesoccidental7\/wp-json\/wp\/v2\/tags?post=12324"}],"curies":[{"name":"wp","href":"https:\/\/api.w.org\/{rel}","templated":true}]}}