{"id":11942,"date":"2023-03-24T14:06:36","date_gmt":"2023-03-24T13:06:36","guid":{"rendered":"https:\/\/serveiseducatius.xtec.cat\/vallesoccidental7\/?p=11942"},"modified":"2023-03-24T14:08:10","modified_gmt":"2023-03-24T13:08:10","slug":"convocatoria-programa-faig","status":"publish","type":"post","link":"https:\/\/serveiseducatius.xtec.cat\/vallesoccidental7\/general\/convocatoria-programa-faig\/","title":{"rendered":"Convocat\u00f2ria Programa FAIG"},"content":{"rendered":"<p><iframe loading=\"lazy\" src=\"\/\/www.youtube.com\/embed\/kRQvlrI4DDc?authuser=1\" width=\"560\" height=\"314\" allowfullscreen=\"allowfullscreen\"><\/iframe><\/p>\n<p><span style=\"font-family: arial, sans-serif; color: #333333;\">Amb data de 23 de mar\u00e7 de 2023, s\u2019ha publicat la RESOLUCI\u00d3 EDU\/911\/2023, de 15 de mar\u00e7, de\u00a0convocat\u00f2ria p\u00fablica per a la participaci\u00f3 dels centres educatius en el\u00a0<b>programa experimental FAIG<\/b>\u00a0(Fent per aprendre, imaginant globalment), impulsat per la Direcci\u00f3 General d&#8217;Innovaci\u00f3, Digitalitzaci\u00f3, Curr\u00edculum i Lleng\u00fces, a trav\u00e9s del Centre de Recursos Pedag\u00f2gics Espec\u00edfics de Suport a la Innovaci\u00f3 i a la Recerca Educativa (CESIRE).<\/span><\/p>\n<p><span style=\"font-family: arial, sans-serif;\"><span style=\"color: #000000;\">Trobareu la informaci\u00f3 relativa a la convocat\u00f2ria i als passos que heu de seguir per sol\u00b7licitar la vostra participaci\u00f3 en el programa FAIG, al\u00a0<b>Portal de Centres<\/b>\u00a0(<b>I<\/b><\/span><b>nici &#8211; Gesti\u00f3 de centres &#8211; Innovaci\u00f3 pedag\u00f2gica &#8211; Suport a la Innovaci\u00f3 &#8211; Programa FAIG<\/b>).\u00a0<\/span><\/p>\n<p><span style=\"font-family: arial, sans-serif;\">El\u00a0<b>termini per a la presentaci\u00f3 de sol\u00b7licituds<\/b>\u00a0i documentaci\u00f3 per part dels centres interessats, \u00e9s el\u00a0<b>21 d&#8217;abril de 2023<\/b>.<\/span><\/p>\n<p><span style=\"font-family: arial, sans-serif;\">En aquest article teniu un v\u00eddeo on podeu trobar les idees essencials del programa: <a href=\"https:\/\/youtu.be\/kRQvlrI4DDc\" target=\"_blank\" rel=\"noopener\" data-saferedirecturl=\"https:\/\/www.google.com\/url?q=https:\/\/youtu.be\/kRQvlrI4DDc&amp;source=gmail&amp;ust=1679732067776000&amp;usg=AOvVaw0b6Vj3QiOQLW-ip8QwRmfx\">https:\/\/youtu.be\/<wbr \/>kRQvlrI4DDc<\/a> . Si voleu m\u00e9s informaci\u00f3, tamb\u00e9 podeu assistir a <\/span><span style=\"font-family: arial, sans-serif;\"> dues trobades telem\u00e0tiques obertes que s&#8217;han programat:<\/span><\/p>\n<div><span style=\"color: #000000; font-family: arial, sans-serif;\">&#8211;\u00a0Dilluns 27 de mar\u00e7 a les 16h. L&#8217;enlla\u00e7 al zoom ser\u00e0 el seg\u00fcent:\u00a0<\/span><\/div>\n<div><span style=\"font-family: arial, sans-serif;\"><a href=\"https:\/\/us06web.zoom.us\/j\/81584111071?pwd=c3R0WTYwV1d1ZnlNOC9DYU15KzNMZz09\" target=\"_blank\" rel=\"noopener\" data-saferedirecturl=\"https:\/\/www.google.com\/url?q=https:\/\/us06web.zoom.us\/j\/81584111071?pwd%3Dc3R0WTYwV1d1ZnlNOC9DYU15KzNMZz09&amp;source=gmail&amp;ust=1679732067776000&amp;usg=AOvVaw3PNpONqYe3OhnAW2qHjWrR\">https:\/\/us06web.zoom.us\/j\/<wbr \/>81584111071?pwd=<wbr \/>c3R0WTYwV1d1ZnlNOC9DYU15KzNMZz<wbr \/>09<\/a><br \/>\n<\/span><\/div>\n<div><span style=\"font-family: arial, sans-serif;\">\u00a0<\/span><\/div>\n<div><span style=\"color: #000000; font-family: arial, sans-serif;\">&#8211; Dimarts 11 d&#8217;abril a les 11h. L&#8217;enlla\u00e7 al zoom ser\u00e0 el seg\u00fcent:<\/span><\/div>\n<div><span style=\"font-family: arial, sans-serif;\"><a href=\"https:\/\/us06web.zoom.us\/j\/83347781580?pwd=ZDN4ZlI2TnhrdnB5ZWZ4VDd1S2hzQT09\" target=\"_blank\" rel=\"noopener\" data-saferedirecturl=\"https:\/\/www.google.com\/url?q=https:\/\/us06web.zoom.us\/j\/83347781580?pwd%3DZDN4ZlI2TnhrdnB5ZWZ4VDd1S2hzQT09&amp;source=gmail&amp;ust=1679732067776000&amp;usg=AOvVaw3r0_azwAzJNFO4MKmNsDT4\">https:\/\/us06web.zoom.us\/j\/<wbr \/>83347781580?pwd=<wbr \/>ZDN4ZlI2TnhrdnB5ZWZ4VDd1S2hzQT<wbr \/>09<\/a><\/span><\/div>\n<p><span style=\"font-family: arial, sans-serif; color: #333333;\">Si necessiteu aclariments o teniu dubtes i no podeu assistir a la reuni\u00f3 telem\u00e0tica, us podeu dirigir directament al correu del CESIRE:\u00a0<a style=\"color: #333333;\" href=\"mailto:faig@cesire.cat\" target=\"_blank\" rel=\"noopener\">faig<span class=\"atwho-query\">@cesire.cat<\/span><\/a><\/span><\/p>\n","protected":false},"excerpt":{"rendered":"<p>Amb data de 23 de mar\u00e7 de 2023, s\u2019ha publicat la RESOLUCI\u00d3 EDU\/911\/2023, de 15 de mar\u00e7, de\u00a0convocat\u00f2ria p\u00fablica per a la participaci\u00f3 dels centres educatius en el\u00a0programa experimental FAIG\u00a0(Fent per aprendre, imaginant globalment), impulsat per la Direcci\u00f3 General d&#8217;Innovaci\u00f3, Digitalitzaci\u00f3, Curr\u00edculum i Lleng\u00fces, a trav\u00e9s del Centre de Recursos Pedag\u00f2gics Espec\u00edfics de Suport a [&hellip;]<\/p>\n","protected":false},"author":5,"featured_media":11946,"comment_status":"open","ping_status":"closed","sticky":false,"template":"","format":"standard","meta":{"_bbp_topic_count":0,"_bbp_reply_count":0,"_bbp_total_topic_count":0,"_bbp_total_reply_count":0,"_bbp_voice_count":0,"_bbp_anonymous_reply_count":0,"_bbp_topic_count_hidden":0,"_bbp_reply_count_hidden":0,"_bbp_forum_subforum_count":0,"site-sidebar-layout":"default","site-content-layout":"","ast-site-content-layout":"","site-content-style":"default","site-sidebar-style":"default","ast-global-header-display":"","ast-banner-title-visibility":"","ast-main-header-display":"","ast-hfb-above-header-display":"","ast-hfb-below-header-display":"","ast-hfb-mobile-header-display":"","site-post-title":"","ast-breadcrumbs-content":"","ast-featured-img":"","footer-sml-layout":"","theme-transparent-header-meta":"","adv-header-id-meta":"","stick-header-meta":"","header-above-stick-meta":"","header-main-stick-meta":"","header-below-stick-meta":"","astra-migrate-meta-layouts":"default","ast-page-background-enabled":"default","ast-page-background-meta":{"desktop":{"background-color":"var(--ast-global-color-4)","background-image":"","background-repeat":"repeat","background-position":"center center","background-size":"auto","background-attachment":"scroll","background-type":"","background-media":"","overlay-type":"","overlay-color":"","overlay-opacity":"","overlay-gradient":""},"tablet":{"background-color":"","background-image":"","background-repeat":"repeat","background-position":"center center","background-size":"auto","background-attachment":"scroll","background-type":"","background-media":"","overlay-type":"","overlay-color":"","overlay-opacity":"","overlay-gradient":""},"mobile":{"background-color":"","background-image":"","background-repeat":"repeat","background-position":"center center","background-size":"auto","background-attachment":"scroll","background-type":"","background-media":"","overlay-type":"","overlay-color":"","overlay-opacity":"","overlay-gradient":""}},"ast-content-background-meta":{"desktop":{"background-color":"var(--ast-global-color-5)","background-image":"","background-repeat":"repeat","background-position":"center center","background-size":"auto","background-attachment":"scroll","background-type":"","background-media":"","overlay-type":"","overlay-color":"","overlay-opacity":"","overlay-gradient":""},"tablet":{"background-color":"var(--ast-global-color-5)","background-image":"","background-repeat":"repeat","background-position":"center center","background-size":"auto","background-attachment":"scroll","background-type":"","background-media":"","overlay-type":"","overlay-color":"","overlay-opacity":"","overlay-gradient":""},"mobile":{"background-color":"var(--ast-global-color-5)","background-image":"","background-repeat":"repeat","background-position":"center center","background-size":"auto","background-attachment":"scroll","background-type":"","background-media":"","overlay-type":"","overlay-color":"","overlay-opacity":"","overlay-gradient":""}},"footnotes":""},"categories":[1,235,29],"tags":[361,367],"class_list":["post-11942","post","type-post","status-publish","format-standard","has-post-thumbnail","hentry","category-general","category-formacio_ins","category-portada","tag-innovacio","tag-recursos"],"post_mailing_queue_ids":[],"_links":{"self":[{"href":"https:\/\/serveiseducatius.xtec.cat\/vallesoccidental7\/wp-json\/wp\/v2\/posts\/11942","targetHints":{"allow":["GET"]}}],"collection":[{"href":"https:\/\/serveiseducatius.xtec.cat\/vallesoccidental7\/wp-json\/wp\/v2\/posts"}],"about":[{"href":"https:\/\/serveiseducatius.xtec.cat\/vallesoccidental7\/wp-json\/wp\/v2\/types\/post"}],"author":[{"embeddable":true,"href":"https:\/\/serveiseducatius.xtec.cat\/vallesoccidental7\/wp-json\/wp\/v2\/users\/5"}],"replies":[{"embeddable":true,"href":"https:\/\/serveiseducatius.xtec.cat\/vallesoccidental7\/wp-json\/wp\/v2\/comments?post=11942"}],"version-history":[{"count":3,"href":"https:\/\/serveiseducatius.xtec.cat\/vallesoccidental7\/wp-json\/wp\/v2\/posts\/11942\/revisions"}],"predecessor-version":[{"id":11948,"href":"https:\/\/serveiseducatius.xtec.cat\/vallesoccidental7\/wp-json\/wp\/v2\/posts\/11942\/revisions\/11948"}],"wp:featuredmedia":[{"embeddable":true,"href":"https:\/\/serveiseducatius.xtec.cat\/vallesoccidental7\/wp-json\/wp\/v2\/media\/11946"}],"wp:attachment":[{"href":"https:\/\/serveiseducatius.xtec.cat\/vallesoccidental7\/wp-json\/wp\/v2\/media?parent=11942"}],"wp:term":[{"taxonomy":"category","embeddable":true,"href":"https:\/\/serveiseducatius.xtec.cat\/vallesoccidental7\/wp-json\/wp\/v2\/categories?post=11942"},{"taxonomy":"post_tag","embeddable":true,"href":"https:\/\/serveiseducatius.xtec.cat\/vallesoccidental7\/wp-json\/wp\/v2\/tags?post=11942"}],"curies":[{"name":"wp","href":"https:\/\/api.w.org\/{rel}","templated":true}]}}