{"id":11925,"date":"2023-03-15T16:24:05","date_gmt":"2023-03-15T15:24:05","guid":{"rendered":"https:\/\/serveiseducatius.xtec.cat\/vallesoccidental7\/?p=11925"},"modified":"2023-03-15T16:24:05","modified_gmt":"2023-03-15T15:24:05","slug":"21-de-marc-dia-mundial-de-la-poesia","status":"publish","type":"post","link":"https:\/\/serveiseducatius.xtec.cat\/vallesoccidental7\/general\/21-de-marc-dia-mundial-de-la-poesia\/","title":{"rendered":"21 de mar\u00e7, Dia Mundial de la Poesia"},"content":{"rendered":"<p>El Dia Mundial de la Poesia \u00e9s una celebraci\u00f3 que es realitza cada 21 de mar\u00e7 anualment des de l&#8217;any 1999, quan la Confer\u00e8ncia General de la UNESCO el va proclamar. Arreu han sorgit iniciatives de car\u00e0cter divers per festejar-lo.<\/p>\n<p>La poesia fa por. De tots els g\u00e8neres literaris, la poesia \u00e9s el m\u00e9s desconegut, el m\u00e9s allunyat del nostre dia a dia. Aut\u00e8ntica por, fa! Incomoda, amo\u00efna, fa basarda, desassossega.<br \/>\nS\u00ed, poesia! Poemes d\u2019amor, poemes infantils, d\u00e8cimes de Nadal, poemes de Sant Jordi, poemes d\u2019animals, haikus, poesia visual&#8230;. Les dites s\u00f3n poemes?<\/p>\n<p>Esbrineu si els vostres alumnes poden explicar-vos qu\u00e8 \u00e9s, la poesia. Pregunteu-los quina mena de poesia coneixen. Demaneu-los quina relaci\u00f3 creuen que t\u00e9 amb altres g\u00e8neres literaris, amb altres arts. Interesseu-vos pels moments i circumst\u00e0ncies en qu\u00e8 l\u2019han llegida. I, si n\u2019han escrit, quan. I com. I per qu\u00e8.<br \/>\nEsbrineu quants d\u2019ells identifiquen les lletres de les can\u00e7ons com poemes.<\/p>\n<p>Si l\u2019alumnat que teniu \u00e9s de Batxillerat, esbrineu, feu l\u2019esfor\u00e7 de con\u00e8ixer quina relaci\u00f3 tenen amb els poemes. I amb les figures ret\u00f2riques. I conv\u00e9 tamb\u00e9 que sapigueu si les entenen com un recurs expressiu \u00fatil. I per qu\u00e8. I si s\u00f3n capa\u00e7os d\u2019identificar-les en un llenguatge tan quotidi\u00e0, tan present i tan invasiu com el publicitari, per exemple.<br \/>\nLa poesia \u00e9s l\u2019activitat escolar de Sant Jordi per antonom\u00e0sia. I encara m\u00e9s, \u00e9s una activitat escolar que, a molts dels nostres centres, treballem exclusivament en el moment d\u2019aquesta festivitat. Ai! Aquells Jocs Florals on t\u2019aboquen a crear del no res, a tot estirar amb alguns exemples, triats amb poc criteri (que sigui f\u00e0cil d\u2019entendre&#8230;), nom\u00e9s llegits! I tu davant del full en blanc, sense referents, sense recursos, sense suport, sense paraules&#8230;La poesia \u00e9s un art que neix del so, del ritme, de la paraula. \u00c9s creaci\u00f3. I cal que et dotin d\u2019estrat\u00e8gies per escoltar-la, per comprendre-la, per gaudir-la, per viure-la.<\/p>\n<p>I aix\u00f2 no s\u2019improvisa.<br \/>\nNom\u00e9s viscuda i estimada, amb referents, amb recursos, amb suport, amb paraules&#8230;, podran escriure unes versos.<br \/>\nNom\u00e9s si els ensenyeu a recollir els raigs de sol, a recollir colors, a recollir paraules, tindran l\u2019oportunitat de ser<br \/>\nartistes.<br \/>\nI potser algun ser\u00e0 poeta&#8230;<\/p>\n<p>&nbsp;<\/p>\n","protected":false},"excerpt":{"rendered":"<p>El Dia Mundial de la Poesia \u00e9s una celebraci\u00f3 que es realitza cada 21 de mar\u00e7 anualment des de l&#8217;any 1999, quan la Confer\u00e8ncia General de la UNESCO el va proclamar. Arreu han sorgit iniciatives de car\u00e0cter divers per festejar-lo. La poesia fa por. De tots els g\u00e8neres literaris, la poesia \u00e9s el m\u00e9s desconegut, [&hellip;]<\/p>\n","protected":false},"author":5,"featured_media":0,"comment_status":"open","ping_status":"closed","sticky":false,"template":"","format":"standard","meta":{"_bbp_topic_count":0,"_bbp_reply_count":0,"_bbp_total_topic_count":0,"_bbp_total_reply_count":0,"_bbp_voice_count":0,"_bbp_anonymous_reply_count":0,"_bbp_topic_count_hidden":0,"_bbp_reply_count_hidden":0,"_bbp_forum_subforum_count":0,"site-sidebar-layout":"default","site-content-layout":"","ast-site-content-layout":"","site-content-style":"default","site-sidebar-style":"default","ast-global-header-display":"","ast-banner-title-visibility":"","ast-main-header-display":"","ast-hfb-above-header-display":"","ast-hfb-below-header-display":"","ast-hfb-mobile-header-display":"","site-post-title":"","ast-breadcrumbs-content":"","ast-featured-img":"","footer-sml-layout":"","theme-transparent-header-meta":"","adv-header-id-meta":"","stick-header-meta":"","header-above-stick-meta":"","header-main-stick-meta":"","header-below-stick-meta":"","astra-migrate-meta-layouts":"default","ast-page-background-enabled":"default","ast-page-background-meta":{"desktop":{"background-color":"var(--ast-global-color-4)","background-image":"","background-repeat":"repeat","background-position":"center center","background-size":"auto","background-attachment":"scroll","background-type":"","background-media":"","overlay-type":"","overlay-color":"","overlay-opacity":"","overlay-gradient":""},"tablet":{"background-color":"","background-image":"","background-repeat":"repeat","background-position":"center center","background-size":"auto","background-attachment":"scroll","background-type":"","background-media":"","overlay-type":"","overlay-color":"","overlay-opacity":"","overlay-gradient":""},"mobile":{"background-color":"","background-image":"","background-repeat":"repeat","background-position":"center center","background-size":"auto","background-attachment":"scroll","background-type":"","background-media":"","overlay-type":"","overlay-color":"","overlay-opacity":"","overlay-gradient":""}},"ast-content-background-meta":{"desktop":{"background-color":"var(--ast-global-color-5)","background-image":"","background-repeat":"repeat","background-position":"center center","background-size":"auto","background-attachment":"scroll","background-type":"","background-media":"","overlay-type":"","overlay-color":"","overlay-opacity":"","overlay-gradient":""},"tablet":{"background-color":"var(--ast-global-color-5)","background-image":"","background-repeat":"repeat","background-position":"center center","background-size":"auto","background-attachment":"scroll","background-type":"","background-media":"","overlay-type":"","overlay-color":"","overlay-opacity":"","overlay-gradient":""},"mobile":{"background-color":"var(--ast-global-color-5)","background-image":"","background-repeat":"repeat","background-position":"center center","background-size":"auto","background-attachment":"scroll","background-type":"","background-media":"","overlay-type":"","overlay-color":"","overlay-opacity":"","overlay-gradient":""}},"footnotes":""},"categories":[68,1,29],"tags":[169,490,367],"class_list":["post-11925","post","type-post","status-publish","format-standard","hentry","category-elic","category-general","category-portada","tag-llengua","tag-poesia","tag-recursos"],"post_mailing_queue_ids":[],"_links":{"self":[{"href":"https:\/\/serveiseducatius.xtec.cat\/vallesoccidental7\/wp-json\/wp\/v2\/posts\/11925","targetHints":{"allow":["GET"]}}],"collection":[{"href":"https:\/\/serveiseducatius.xtec.cat\/vallesoccidental7\/wp-json\/wp\/v2\/posts"}],"about":[{"href":"https:\/\/serveiseducatius.xtec.cat\/vallesoccidental7\/wp-json\/wp\/v2\/types\/post"}],"author":[{"embeddable":true,"href":"https:\/\/serveiseducatius.xtec.cat\/vallesoccidental7\/wp-json\/wp\/v2\/users\/5"}],"replies":[{"embeddable":true,"href":"https:\/\/serveiseducatius.xtec.cat\/vallesoccidental7\/wp-json\/wp\/v2\/comments?post=11925"}],"version-history":[{"count":2,"href":"https:\/\/serveiseducatius.xtec.cat\/vallesoccidental7\/wp-json\/wp\/v2\/posts\/11925\/revisions"}],"predecessor-version":[{"id":11927,"href":"https:\/\/serveiseducatius.xtec.cat\/vallesoccidental7\/wp-json\/wp\/v2\/posts\/11925\/revisions\/11927"}],"wp:attachment":[{"href":"https:\/\/serveiseducatius.xtec.cat\/vallesoccidental7\/wp-json\/wp\/v2\/media?parent=11925"}],"wp:term":[{"taxonomy":"category","embeddable":true,"href":"https:\/\/serveiseducatius.xtec.cat\/vallesoccidental7\/wp-json\/wp\/v2\/categories?post=11925"},{"taxonomy":"post_tag","embeddable":true,"href":"https:\/\/serveiseducatius.xtec.cat\/vallesoccidental7\/wp-json\/wp\/v2\/tags?post=11925"}],"curies":[{"name":"wp","href":"https:\/\/api.w.org\/{rel}","templated":true}]}}