{"id":11910,"date":"2023-03-08T12:39:29","date_gmt":"2023-03-08T11:39:29","guid":{"rendered":"https:\/\/serveiseducatius.xtec.cat\/vallesoccidental7\/?p=11910"},"modified":"2023-03-08T12:51:57","modified_gmt":"2023-03-08T11:51:57","slug":"diccionari-feminista-elaborat-per-lequip-lic","status":"publish","type":"post","link":"https:\/\/serveiseducatius.xtec.cat\/vallesoccidental7\/general\/diccionari-feminista-elaborat-per-lequip-lic\/","title":{"rendered":"Diccionari Feminista elaborat per l&#8217;equip LIC"},"content":{"rendered":"<p>Us presentem el Diccionari Feminista que ha elaborat l&#8217;equip LIC del Vall\u00e8s Occidental per celebrar el 8 de mar\u00e7 d&#8217;enguany.<\/p>\n<p><a href=\"https:\/\/www.canva.com\/design\/DAFZK4W5Ck0\/-30QCdODnUigfozQxJyzHA\/view?utm_content=DAFZK4W5Ck0&amp;utm_campaign=designshare&amp;utm_medium=link&amp;utm_source=publishsharelink#1\" target=\"_blank\" rel=\"noopener\"><img loading=\"lazy\" decoding=\"async\" class=\"wp-image-11911 aligncenter\" src=\"https:\/\/serveiseducatius.xtec.cat\/vallesoccidental7\/wp-content\/uploads\/usu1104\/2023\/03\/diccionari.jpg\" alt=\"\" width=\"211\" height=\"300\" srcset=\"https:\/\/serveiseducatius.xtec.cat\/vallesoccidental7\/wp-content\/uploads\/usu1104\/2023\/03\/diccionari.jpg 339w, https:\/\/serveiseducatius.xtec.cat\/vallesoccidental7\/wp-content\/uploads\/usu1104\/2023\/03\/diccionari-211x300.jpg 211w\" sizes=\"auto, (max-width: 211px) 100vw, 211px\" \/><\/a><\/p>\n<p>Aqu\u00ed hi trobareu paraules com Gin\u00f2pia, Herstory, Mis\u00e0ndria o Rentada Violeta. En total,\u00a0 26 conceptes que hem de tenir en compte quan parlem de feminisme. Conceptes que no ens han de servir nom\u00e9s el 8 de mar\u00e7, sin\u00f3 tots els dies de l&#8217;any<\/p>\n<p>Recordeu que el Departament d&#8217;Educaci\u00f3 us ofereix un <a href=\"https:\/\/xtec.gencat.cat\/ca\/centres\/celebracions\/2023\/dia-internacional-de-les-dones-2023\/\">ampli repositori<\/a>\u00a0de recursos per treballar a les aules el 8 de mar\u00e7, que enguany t\u00e9 per lema\u00a0<strong>Per un m\u00f3n digital inclusiu: Innovaci\u00f3 i tecnologia per a la igualtat de g\u00e8nere<\/strong>. Tamb\u00e9 trobareu recursos a la<a href=\"https:\/\/edu365.cat\/eso\/8M_especial\/index.html?page=1\"> p\u00e0gina d&#8217;EDU365<\/a><\/p>\n<p><a href=\"https:\/\/xtec.gencat.cat\/ca\/centres\/celebracions\/2023\/dia-internacional-de-les-dones-2023\/\" target=\"_blank\" rel=\"noopener\"><img loading=\"lazy\" decoding=\"async\" class=\"wp-image-11912 alignleft\" src=\"https:\/\/serveiseducatius.xtec.cat\/vallesoccidental7\/wp-content\/uploads\/usu1104\/2023\/03\/8M.jpg\" alt=\"\" width=\"162\" height=\"163\" srcset=\"https:\/\/serveiseducatius.xtec.cat\/vallesoccidental7\/wp-content\/uploads\/usu1104\/2023\/03\/8M.jpg 326w, https:\/\/serveiseducatius.xtec.cat\/vallesoccidental7\/wp-content\/uploads\/usu1104\/2023\/03\/8M-298x300.jpg 298w, https:\/\/serveiseducatius.xtec.cat\/vallesoccidental7\/wp-content\/uploads\/usu1104\/2023\/03\/8M-150x150.jpg 150w\" sizes=\"auto, (max-width: 162px) 100vw, 162px\" \/><\/a><\/p>\n<p><a href=\"https:\/\/edu365.cat\/eso\/8M_especial\/index.html?page=1\"><img loading=\"lazy\" decoding=\"async\" class=\"alignnone wp-image-11916\" src=\"https:\/\/serveiseducatius.xtec.cat\/vallesoccidental7\/wp-content\/uploads\/usu1104\/2023\/03\/dones.jpg\" alt=\"\" width=\"334\" height=\"231\" srcset=\"https:\/\/serveiseducatius.xtec.cat\/vallesoccidental7\/wp-content\/uploads\/usu1104\/2023\/03\/dones.jpg 921w, https:\/\/serveiseducatius.xtec.cat\/vallesoccidental7\/wp-content\/uploads\/usu1104\/2023\/03\/dones-300x208.jpg 300w, https:\/\/serveiseducatius.xtec.cat\/vallesoccidental7\/wp-content\/uploads\/usu1104\/2023\/03\/dones-768x532.jpg 768w\" sizes=\"auto, (max-width: 334px) 100vw, 334px\" \/><\/a><\/p>\n","protected":false},"excerpt":{"rendered":"<p>Us presentem el Diccionari Feminista que ha elaborat l&#8217;equip LIC del Vall\u00e8s Occidental per celebrar el 8 de mar\u00e7 d&#8217;enguany. Aqu\u00ed hi trobareu paraules com Gin\u00f2pia, Herstory, Mis\u00e0ndria o Rentada Violeta. En total,\u00a0 26 conceptes que hem de tenir en compte quan parlem de feminisme. Conceptes que no ens han de servir nom\u00e9s el 8 [&hellip;]<\/p>\n","protected":false},"author":5,"featured_media":0,"comment_status":"open","ping_status":"closed","sticky":false,"template":"","format":"standard","meta":{"_bbp_topic_count":0,"_bbp_reply_count":0,"_bbp_total_topic_count":0,"_bbp_total_reply_count":0,"_bbp_voice_count":0,"_bbp_anonymous_reply_count":0,"_bbp_topic_count_hidden":0,"_bbp_reply_count_hidden":0,"_bbp_forum_subforum_count":0,"site-sidebar-layout":"default","site-content-layout":"","ast-site-content-layout":"","site-content-style":"default","site-sidebar-style":"default","ast-global-header-display":"","ast-banner-title-visibility":"","ast-main-header-display":"","ast-hfb-above-header-display":"","ast-hfb-below-header-display":"","ast-hfb-mobile-header-display":"","site-post-title":"","ast-breadcrumbs-content":"","ast-featured-img":"","footer-sml-layout":"","theme-transparent-header-meta":"","adv-header-id-meta":"","stick-header-meta":"","header-above-stick-meta":"","header-main-stick-meta":"","header-below-stick-meta":"","astra-migrate-meta-layouts":"default","ast-page-background-enabled":"default","ast-page-background-meta":{"desktop":{"background-color":"var(--ast-global-color-4)","background-image":"","background-repeat":"repeat","background-position":"center center","background-size":"auto","background-attachment":"scroll","background-type":"","background-media":"","overlay-type":"","overlay-color":"","overlay-opacity":"","overlay-gradient":""},"tablet":{"background-color":"","background-image":"","background-repeat":"repeat","background-position":"center center","background-size":"auto","background-attachment":"scroll","background-type":"","background-media":"","overlay-type":"","overlay-color":"","overlay-opacity":"","overlay-gradient":""},"mobile":{"background-color":"","background-image":"","background-repeat":"repeat","background-position":"center center","background-size":"auto","background-attachment":"scroll","background-type":"","background-media":"","overlay-type":"","overlay-color":"","overlay-opacity":"","overlay-gradient":""}},"ast-content-background-meta":{"desktop":{"background-color":"var(--ast-global-color-5)","background-image":"","background-repeat":"repeat","background-position":"center center","background-size":"auto","background-attachment":"scroll","background-type":"","background-media":"","overlay-type":"","overlay-color":"","overlay-opacity":"","overlay-gradient":""},"tablet":{"background-color":"var(--ast-global-color-5)","background-image":"","background-repeat":"repeat","background-position":"center center","background-size":"auto","background-attachment":"scroll","background-type":"","background-media":"","overlay-type":"","overlay-color":"","overlay-opacity":"","overlay-gradient":""},"mobile":{"background-color":"var(--ast-global-color-5)","background-image":"","background-repeat":"repeat","background-position":"center center","background-size":"auto","background-attachment":"scroll","background-type":"","background-media":"","overlay-type":"","overlay-color":"","overlay-opacity":"","overlay-gradient":""}},"footnotes":""},"categories":[385,1,29],"tags":[471,367],"class_list":["post-11910","post","type-post","status-publish","format-standard","hentry","category-coeducacio","category-general","category-portada","tag-coeducacio","tag-recursos"],"post_mailing_queue_ids":[],"_links":{"self":[{"href":"https:\/\/serveiseducatius.xtec.cat\/vallesoccidental7\/wp-json\/wp\/v2\/posts\/11910","targetHints":{"allow":["GET"]}}],"collection":[{"href":"https:\/\/serveiseducatius.xtec.cat\/vallesoccidental7\/wp-json\/wp\/v2\/posts"}],"about":[{"href":"https:\/\/serveiseducatius.xtec.cat\/vallesoccidental7\/wp-json\/wp\/v2\/types\/post"}],"author":[{"embeddable":true,"href":"https:\/\/serveiseducatius.xtec.cat\/vallesoccidental7\/wp-json\/wp\/v2\/users\/5"}],"replies":[{"embeddable":true,"href":"https:\/\/serveiseducatius.xtec.cat\/vallesoccidental7\/wp-json\/wp\/v2\/comments?post=11910"}],"version-history":[{"count":3,"href":"https:\/\/serveiseducatius.xtec.cat\/vallesoccidental7\/wp-json\/wp\/v2\/posts\/11910\/revisions"}],"predecessor-version":[{"id":11917,"href":"https:\/\/serveiseducatius.xtec.cat\/vallesoccidental7\/wp-json\/wp\/v2\/posts\/11910\/revisions\/11917"}],"wp:attachment":[{"href":"https:\/\/serveiseducatius.xtec.cat\/vallesoccidental7\/wp-json\/wp\/v2\/media?parent=11910"}],"wp:term":[{"taxonomy":"category","embeddable":true,"href":"https:\/\/serveiseducatius.xtec.cat\/vallesoccidental7\/wp-json\/wp\/v2\/categories?post=11910"},{"taxonomy":"post_tag","embeddable":true,"href":"https:\/\/serveiseducatius.xtec.cat\/vallesoccidental7\/wp-json\/wp\/v2\/tags?post=11910"}],"curies":[{"name":"wp","href":"https:\/\/api.w.org\/{rel}","templated":true}]}}