{"id":11863,"date":"2023-02-21T12:13:24","date_gmt":"2023-02-21T11:13:24","guid":{"rendered":"https:\/\/serveiseducatius.xtec.cat\/vallesoccidental7\/?p=11863"},"modified":"2023-02-21T12:16:43","modified_gmt":"2023-02-21T11:16:43","slug":"dia-internacional-de-les-llengues-maternes","status":"publish","type":"post","link":"https:\/\/serveiseducatius.xtec.cat\/vallesoccidental7\/general\/dia-internacional-de-les-llengues-maternes\/","title":{"rendered":"Dia internacional de les lleng\u00fces maternes"},"content":{"rendered":"<p>El 21 de febrer es celebra el Dia internacional de les lleng\u00fces maternes. Us expliquem per qu\u00e8:<\/p>\n<p>Un 21 de febrer de 1952 estudiants i activistes de l\u2019actual Bangla Desh es manifestaven per defensar la seva llengua, el bengal\u00ed, que tot i ser la llengua que parlaven, no era reconeguda per l\u2019Estat. En la manifestaci\u00f3 van ser tirotejats pels militars i la policia, i de tot plegat, en van resultar assassinats tres joves estudiants i altres persones. Per aix\u00f2, el 1999, la UNESCO va declarar el 21 de febrer com a Dia Internacional de la Llengua Materna, en reconeixement a les morts.<\/p>\n<p>A data d\u2019avui uns dels objectius de l\u2019Agenda 2030 de l\u2019UNESCO \u00e9s el de preservar la diversitat ling\u00fc\u00edstica i promoure el pluriling\u00fcisme per recolzar els Objectius de Desenvolupament Sostenible. Entre tots, hem de lluitar per aconseguir una educaci\u00f3 de qualitat i un aprenentatge universal permanent amb l\u2019objectiu que cada dona i cada home puguin tenir els sabers, coneixements i valors per ser qui volen ser i participar plenament en la societat.<\/p>\n<p>Aix\u00ed, doncs, en aquest sentit han de tenir acc\u00e9s a l\u2019educaci\u00f3 en la seva llengua materna i en altres idiomes. \u00a0Les lleng\u00fces locals, especialment les minorit\u00e0ries i ind\u00edgenes, transmeten cultures, valors i coneixements tradicionals, exercint aix\u00ed un paper important en la promoci\u00f3 d\u2019un futur sostenible.<\/p>\n<div style=\"width: 100%;\">\n<div style=\"position: relative; padding-bottom: 56.25%; padding-top: 0; height: 0;\"><iframe loading=\"lazy\" style=\"position: absolute; top: 0; left: 0; width: 100%; height: 100%;\" title=\"DILM 2023\" src=\"https:\/\/view.genial.ly\/63e22f9b80baa70018906f11\" width=\"1200px\" height=\"675px\" frameborder=\"0\" scrolling=\"yes\" allowfullscreen=\"allowfullscreen\" data-mce-fragment=\"1\"><\/iframe><\/div>\n<\/div>\n","protected":false},"excerpt":{"rendered":"<p>El 21 de febrer es celebra el Dia internacional de les lleng\u00fces maternes. Us expliquem per qu\u00e8: Un 21 de febrer de 1952 estudiants i activistes de l\u2019actual Bangla Desh es manifestaven per defensar la seva llengua, el bengal\u00ed, que tot i ser la llengua que parlaven, no era reconeguda per l\u2019Estat. En la manifestaci\u00f3 [&hellip;]<\/p>\n","protected":false},"author":5,"featured_media":0,"comment_status":"open","ping_status":"closed","sticky":false,"template":"","format":"standard","meta":{"_bbp_topic_count":0,"_bbp_reply_count":0,"_bbp_total_topic_count":0,"_bbp_total_reply_count":0,"_bbp_voice_count":0,"_bbp_anonymous_reply_count":0,"_bbp_topic_count_hidden":0,"_bbp_reply_count_hidden":0,"_bbp_forum_subforum_count":0,"site-sidebar-layout":"default","site-content-layout":"","ast-site-content-layout":"","site-content-style":"default","site-sidebar-style":"default","ast-global-header-display":"","ast-banner-title-visibility":"","ast-main-header-display":"","ast-hfb-above-header-display":"","ast-hfb-below-header-display":"","ast-hfb-mobile-header-display":"","site-post-title":"","ast-breadcrumbs-content":"","ast-featured-img":"","footer-sml-layout":"","theme-transparent-header-meta":"","adv-header-id-meta":"","stick-header-meta":"","header-above-stick-meta":"","header-main-stick-meta":"","header-below-stick-meta":"","astra-migrate-meta-layouts":"default","ast-page-background-enabled":"default","ast-page-background-meta":{"desktop":{"background-color":"var(--ast-global-color-4)","background-image":"","background-repeat":"repeat","background-position":"center center","background-size":"auto","background-attachment":"scroll","background-type":"","background-media":"","overlay-type":"","overlay-color":"","overlay-opacity":"","overlay-gradient":""},"tablet":{"background-color":"","background-image":"","background-repeat":"repeat","background-position":"center center","background-size":"auto","background-attachment":"scroll","background-type":"","background-media":"","overlay-type":"","overlay-color":"","overlay-opacity":"","overlay-gradient":""},"mobile":{"background-color":"","background-image":"","background-repeat":"repeat","background-position":"center center","background-size":"auto","background-attachment":"scroll","background-type":"","background-media":"","overlay-type":"","overlay-color":"","overlay-opacity":"","overlay-gradient":""}},"ast-content-background-meta":{"desktop":{"background-color":"var(--ast-global-color-5)","background-image":"","background-repeat":"repeat","background-position":"center center","background-size":"auto","background-attachment":"scroll","background-type":"","background-media":"","overlay-type":"","overlay-color":"","overlay-opacity":"","overlay-gradient":""},"tablet":{"background-color":"var(--ast-global-color-5)","background-image":"","background-repeat":"repeat","background-position":"center center","background-size":"auto","background-attachment":"scroll","background-type":"","background-media":"","overlay-type":"","overlay-color":"","overlay-opacity":"","overlay-gradient":""},"mobile":{"background-color":"var(--ast-global-color-5)","background-image":"","background-repeat":"repeat","background-position":"center center","background-size":"auto","background-attachment":"scroll","background-type":"","background-media":"","overlay-type":"","overlay-color":"","overlay-opacity":"","overlay-gradient":""}},"footnotes":""},"categories":[474,68,1,29],"tags":[377,169],"class_list":["post-11863","post","type-post","status-publish","format-standard","hentry","category-aula-dacollida","category-elic","category-general","category-portada","tag-acollida","tag-llengua"],"post_mailing_queue_ids":[],"_links":{"self":[{"href":"https:\/\/serveiseducatius.xtec.cat\/vallesoccidental7\/wp-json\/wp\/v2\/posts\/11863","targetHints":{"allow":["GET"]}}],"collection":[{"href":"https:\/\/serveiseducatius.xtec.cat\/vallesoccidental7\/wp-json\/wp\/v2\/posts"}],"about":[{"href":"https:\/\/serveiseducatius.xtec.cat\/vallesoccidental7\/wp-json\/wp\/v2\/types\/post"}],"author":[{"embeddable":true,"href":"https:\/\/serveiseducatius.xtec.cat\/vallesoccidental7\/wp-json\/wp\/v2\/users\/5"}],"replies":[{"embeddable":true,"href":"https:\/\/serveiseducatius.xtec.cat\/vallesoccidental7\/wp-json\/wp\/v2\/comments?post=11863"}],"version-history":[{"count":3,"href":"https:\/\/serveiseducatius.xtec.cat\/vallesoccidental7\/wp-json\/wp\/v2\/posts\/11863\/revisions"}],"predecessor-version":[{"id":11867,"href":"https:\/\/serveiseducatius.xtec.cat\/vallesoccidental7\/wp-json\/wp\/v2\/posts\/11863\/revisions\/11867"}],"wp:attachment":[{"href":"https:\/\/serveiseducatius.xtec.cat\/vallesoccidental7\/wp-json\/wp\/v2\/media?parent=11863"}],"wp:term":[{"taxonomy":"category","embeddable":true,"href":"https:\/\/serveiseducatius.xtec.cat\/vallesoccidental7\/wp-json\/wp\/v2\/categories?post=11863"},{"taxonomy":"post_tag","embeddable":true,"href":"https:\/\/serveiseducatius.xtec.cat\/vallesoccidental7\/wp-json\/wp\/v2\/tags?post=11863"}],"curies":[{"name":"wp","href":"https:\/\/api.w.org\/{rel}","templated":true}]}}