{"id":11800,"date":"2023-01-23T16:29:15","date_gmt":"2023-01-23T15:29:15","guid":{"rendered":"https:\/\/serveiseducatius.xtec.cat\/vallesoccidental7\/?p=11800"},"modified":"2023-01-24T11:48:36","modified_gmt":"2023-01-24T10:48:36","slug":"nou-webinar-sobre-batxillerat-competencial","status":"publish","type":"post","link":"https:\/\/serveiseducatius.xtec.cat\/vallesoccidental7\/portada\/nou-webinar-sobre-batxillerat-competencial\/","title":{"rendered":"Nou webinar sobre Batxillerat Competencial"},"content":{"rendered":"<p>El passat 19 de gener va tenir lloc un webinar sobre el nou batxillerat competencial. En aquest es va parlar de \u00a0la nova orientaci\u00f3 del batxillerat vers l\u2019educaci\u00f3 post obligat\u00f2ria competencial, es va donar una mostra de recursos amb propostes de models d\u2019activitats competencials de diferents mat\u00e8ries i la seva avaluaci\u00f3, aix\u00ed com la formaci\u00f3 de febrer de 2023 per especialitats adre\u00e7ada als docents de batxillerat, i es va parlar de les pautes i al calendari establert pel Ministerio de Educaci\u00f3n y Formaci\u00f3n Profesional de la prova d\u2019acc\u00e9s a la universitat a partir del 2024.<\/p>\n<p>El podeu recuperar a la site del Nou Curr\u00edculum<\/p>\n<p><a href=\"https:\/\/projectes.xtec.cat\/nou-curriculum\/batxillerat\/seminari-web-batxillerat-competencial\/\"><img loading=\"lazy\" decoding=\"async\" class=\"alignnone wp-image-11801\" src=\"https:\/\/serveiseducatius.xtec.cat\/vallesoccidental7\/wp-content\/uploads\/usu1104\/2023\/01\/nou-curriculum.jpg\" alt=\"\" width=\"691\" height=\"422\" srcset=\"https:\/\/serveiseducatius.xtec.cat\/vallesoccidental7\/wp-content\/uploads\/usu1104\/2023\/01\/nou-curriculum.jpg 806w, https:\/\/serveiseducatius.xtec.cat\/vallesoccidental7\/wp-content\/uploads\/usu1104\/2023\/01\/nou-curriculum-300x183.jpg 300w, https:\/\/serveiseducatius.xtec.cat\/vallesoccidental7\/wp-content\/uploads\/usu1104\/2023\/01\/nou-curriculum-768x469.jpg 768w\" sizes=\"auto, (max-width: 691px) 100vw, 691px\" \/><\/a><\/p>\n<p>Hi van intervenir J<strong style=\"font-family: inherit; font-size: 1em;\">oan Cuevas\u00a0<\/strong><span style=\"font-family: inherit; font-size: 1em;\">(Director General d\u2019Innovaci\u00f3,Digitalitzaci\u00f3, Curr\u00edculum i Lleng\u00fces), <\/span><strong style=\"font-family: inherit; font-size: 1em;\">Violeta Roca<\/strong><span style=\"font-family: inherit; font-size: 1em;\"> (T\u00e8cnica Docent ESO i Batxillerat), <\/span><strong style=\"font-family: inherit; font-size: 1em;\">Eva G\u00f3mez\u00a0<\/strong><span style=\"font-family: inherit; font-size: 1em;\">(T\u00e8cnica docent ESO i Batxillerat), <\/span><strong style=\"font-family: inherit; font-size: 1em;\">Cristina Gelp\u00ed<\/strong><span style=\"font-family: inherit; font-size: 1em;\"> (Secretaria General del Consell Interuniversitari de Catalunya), <\/span><strong style=\"font-family: inherit; font-size: 1em;\">Georgina Rovira<\/strong><span style=\"font-family: inherit; font-size: 1em;\"> (T\u00e8cnica docent ESO i Batxillerat), <\/span><strong style=\"font-family: inherit; font-size: 1em;\">Xavier Y\u00e1\u00f1ez<\/strong><span style=\"font-family: inherit; font-size: 1em;\"> (Cap de Servei de Curr\u00edculum d\u2019ESO i Batxillerat), <\/span><strong style=\"font-family: inherit; font-size: 1em;\">Ramon Grau<\/strong><span style=\"font-family: inherit; font-size: 1em;\"> (Subdirector General d\u2019Ordenaci\u00f3 Curricular) i <\/span><strong style=\"font-family: inherit; font-size: 1em;\">Iolanda Guevara<\/strong><span style=\"font-family: inherit; font-size: 1em;\"> (T\u00e8cnica docent ESO i Batxillerat).<\/span><\/p>\n<p>&nbsp;<\/p>\n","protected":false},"excerpt":{"rendered":"<p>El passat 19 de gener va tenir lloc un webinar sobre el nou batxillerat competencial. En aquest es va parlar de \u00a0la nova orientaci\u00f3 del batxillerat vers l\u2019educaci\u00f3 post obligat\u00f2ria competencial, es va donar una mostra de recursos amb propostes de models d\u2019activitats competencials de diferents mat\u00e8ries i la seva avaluaci\u00f3, aix\u00ed com la formaci\u00f3 [&hellip;]<\/p>\n","protected":false},"author":5,"featured_media":11803,"comment_status":"open","ping_status":"closed","sticky":false,"template":"","format":"standard","meta":{"_bbp_topic_count":0,"_bbp_reply_count":0,"_bbp_total_topic_count":0,"_bbp_total_reply_count":0,"_bbp_voice_count":0,"_bbp_anonymous_reply_count":0,"_bbp_topic_count_hidden":0,"_bbp_reply_count_hidden":0,"_bbp_forum_subforum_count":0,"site-sidebar-layout":"default","site-content-layout":"","ast-site-content-layout":"","site-content-style":"default","site-sidebar-style":"default","ast-global-header-display":"","ast-banner-title-visibility":"","ast-main-header-display":"","ast-hfb-above-header-display":"","ast-hfb-below-header-display":"","ast-hfb-mobile-header-display":"","site-post-title":"","ast-breadcrumbs-content":"","ast-featured-img":"","footer-sml-layout":"","theme-transparent-header-meta":"","adv-header-id-meta":"","stick-header-meta":"","header-above-stick-meta":"","header-main-stick-meta":"","header-below-stick-meta":"","astra-migrate-meta-layouts":"default","ast-page-background-enabled":"default","ast-page-background-meta":{"desktop":{"background-color":"var(--ast-global-color-4)","background-image":"","background-repeat":"repeat","background-position":"center center","background-size":"auto","background-attachment":"scroll","background-type":"","background-media":"","overlay-type":"","overlay-color":"","overlay-opacity":"","overlay-gradient":""},"tablet":{"background-color":"","background-image":"","background-repeat":"repeat","background-position":"center center","background-size":"auto","background-attachment":"scroll","background-type":"","background-media":"","overlay-type":"","overlay-color":"","overlay-opacity":"","overlay-gradient":""},"mobile":{"background-color":"","background-image":"","background-repeat":"repeat","background-position":"center center","background-size":"auto","background-attachment":"scroll","background-type":"","background-media":"","overlay-type":"","overlay-color":"","overlay-opacity":"","overlay-gradient":""}},"ast-content-background-meta":{"desktop":{"background-color":"var(--ast-global-color-5)","background-image":"","background-repeat":"repeat","background-position":"center center","background-size":"auto","background-attachment":"scroll","background-type":"","background-media":"","overlay-type":"","overlay-color":"","overlay-opacity":"","overlay-gradient":""},"tablet":{"background-color":"var(--ast-global-color-5)","background-image":"","background-repeat":"repeat","background-position":"center center","background-size":"auto","background-attachment":"scroll","background-type":"","background-media":"","overlay-type":"","overlay-color":"","overlay-opacity":"","overlay-gradient":""},"mobile":{"background-color":"var(--ast-global-color-5)","background-image":"","background-repeat":"repeat","background-position":"center center","background-size":"auto","background-attachment":"scroll","background-type":"","background-media":"","overlay-type":"","overlay-color":"","overlay-opacity":"","overlay-gradient":""}},"footnotes":""},"categories":[29,65],"tags":[],"class_list":["post-11800","post","type-post","status-publish","format-standard","has-post-thumbnail","hentry","category-portada","category-crp"],"post_mailing_queue_ids":[],"_links":{"self":[{"href":"https:\/\/serveiseducatius.xtec.cat\/vallesoccidental7\/wp-json\/wp\/v2\/posts\/11800","targetHints":{"allow":["GET"]}}],"collection":[{"href":"https:\/\/serveiseducatius.xtec.cat\/vallesoccidental7\/wp-json\/wp\/v2\/posts"}],"about":[{"href":"https:\/\/serveiseducatius.xtec.cat\/vallesoccidental7\/wp-json\/wp\/v2\/types\/post"}],"author":[{"embeddable":true,"href":"https:\/\/serveiseducatius.xtec.cat\/vallesoccidental7\/wp-json\/wp\/v2\/users\/5"}],"replies":[{"embeddable":true,"href":"https:\/\/serveiseducatius.xtec.cat\/vallesoccidental7\/wp-json\/wp\/v2\/comments?post=11800"}],"version-history":[{"count":3,"href":"https:\/\/serveiseducatius.xtec.cat\/vallesoccidental7\/wp-json\/wp\/v2\/posts\/11800\/revisions"}],"predecessor-version":[{"id":11806,"href":"https:\/\/serveiseducatius.xtec.cat\/vallesoccidental7\/wp-json\/wp\/v2\/posts\/11800\/revisions\/11806"}],"wp:featuredmedia":[{"embeddable":true,"href":"https:\/\/serveiseducatius.xtec.cat\/vallesoccidental7\/wp-json\/wp\/v2\/media\/11803"}],"wp:attachment":[{"href":"https:\/\/serveiseducatius.xtec.cat\/vallesoccidental7\/wp-json\/wp\/v2\/media?parent=11800"}],"wp:term":[{"taxonomy":"category","embeddable":true,"href":"https:\/\/serveiseducatius.xtec.cat\/vallesoccidental7\/wp-json\/wp\/v2\/categories?post=11800"},{"taxonomy":"post_tag","embeddable":true,"href":"https:\/\/serveiseducatius.xtec.cat\/vallesoccidental7\/wp-json\/wp\/v2\/tags?post=11800"}],"curies":[{"name":"wp","href":"https:\/\/api.w.org\/{rel}","templated":true}]}}